{"id":640062,"date":"2026-01-04T09:26:12","date_gmt":"2026-01-04T09:26:12","guid":{"rendered":"https:\/\/www.europesays.com\/fr\/640062\/"},"modified":"2026-01-04T09:26:12","modified_gmt":"2026-01-04T09:26:12","slug":"direct-guerre-en-ukraine-si-moscou-fait-echouer-la-diplomatie-lukraine-devra-continuer-a-se-defendre-dit-volodymyr-zelensky","status":"publish","type":"post","link":"https:\/\/www.europesays.com\/fr\/640062\/","title":{"rendered":"DIRECT. Guerre en Ukraine\u00a0: si Moscou fait \u00e9chouer la diplomatie, l\u2019Ukraine devra continuer \u00e0 \u00ab\u00a0se d\u00e9fendre\u00a0\u00bb dit Volodymyr Zelensky"},"content":{"rendered":"<p>07h11.Nouvelles discussions sur le plan de paix am\u00e9ricain samedi \u00e0 Kiev<\/p>\n<p class=\"live-post__amorce\">Les alli\u00e9s occidentaux de l&rsquo;Ukraine se sont rencontr\u00e9s une nouvelle fois samedi \u00e0 Kiev pour examiner les d\u00e9tails du plan de sortie du conflit avec la Russie. Y participaient les conseillers \u00e0 la s\u00e9curit\u00e9 de 15 pays dont la France, des repr\u00e9sentants de l&rsquo;UE et de l&rsquo;Otan. Volodymyr Zelensky se rendra \u00e0 Paris mardi prochain. Des responsables militaires ukrainiens et des pays alli\u00e9s se rencontreront \u00e0 Paris avant la rencontre des dirigeants de la \u00ab\u00a0coalition des volontaires\u00a0\u00bb.<\/p>\n<p>07h02.Si la Russie fait \u00e9chouer la diplomatie, l&rsquo;Ukraine devra continuer \u00e0 \u00ab\u00a0se d\u00e9fendre\u00a0\u00bb<\/p>\n<p class=\"live-post__amorce\">Volodymyr Zelensky a d\u00e9clar\u00e9 samedi qu&rsquo;en cas d&rsquo;\u00e9chec de la diplomatie pour pousser la Russie \u00e0 mettre fin \u00e0 la guerre en Ukraine, son pays devrait continuer \u00e0 \u00ab\u00a0se d\u00e9fendre\u00a0\u00bb. \u00ab\u00a0Si la Russie bloque tout \u00e7a, si nos partenaires ne contraignent pas la Russie \u00e0 mettre fin \u00e0 la guerre, il y aura une autre voie: nous d\u00e9fendre nous-m\u00eames\u00a0\u00bb, a d\u00e9clar\u00e9 Volodymyr Zelensky, interrog\u00e9 sur les remaniements en cours au sein de son cabinet et de l&rsquo;appareil de la D\u00e9fense.<\/p>\n<p>07h00.Bienvenue dans notre direct<\/p>\n<p class=\"live-post__amorce\">Suivez l&rsquo;actualit\u00e9 de la guerre en Ukraine sur  <a href=\"http:\/\/ladepeche.fr\" target=\"_blank\" rel=\"noopener noreferrer nofollow\" class=\"\">ladepeche.fr<\/a>  ce dimanche 4 janvier 2026.<\/p>\n","protected":false},"excerpt":{"rendered":"07h11.Nouvelles discussions sur le plan de paix am\u00e9ricain samedi \u00e0 Kiev Les alli\u00e9s occidentaux de l&rsquo;Ukraine se sont&hellip;\n","protected":false},"author":2,"featured_media":640063,"comment_status":"","ping_status":"","sticky":false,"template":"","format":"standard","meta":{"footnotes":""},"categories":[1590],"tags":[11,1777,674,329,131,14,12,220],"class_list":{"0":"post-640062","1":"post","2":"type-post","3":"status-publish","4":"format-standard","5":"has-post-thumbnail","7":"category-ukraine","8":"tag-actualites","9":"tag-eu","10":"tag-europe","11":"tag-france-monde","12":"tag-guerre-en-ukraine","13":"tag-international","14":"tag-news","15":"tag-ukraine"},"share_on_mastodon":{"url":"https:\/\/pubeurope.com\/@fr\/115836117643032063","error":""},"_links":{"self":[{"href":"https:\/\/www.europesays.com\/fr\/wp-json\/wp\/v2\/posts\/640062","targetHints":{"allow":["GET"]}}],"collection":[{"href":"https:\/\/www.europesays.com\/fr\/wp-json\/wp\/v2\/posts"}],"about":[{"href":"https:\/\/www.europesays.com\/fr\/wp-json\/wp\/v2\/types\/post"}],"author":[{"embeddable":true,"href":"https:\/\/www.europesays.com\/fr\/wp-json\/wp\/v2\/users\/2"}],"replies":[{"embeddable":true,"href":"https:\/\/www.europesays.com\/fr\/wp-json\/wp\/v2\/comments?post=640062"}],"version-history":[{"count":0,"href":"https:\/\/www.europesays.com\/fr\/wp-json\/wp\/v2\/posts\/640062\/revisions"}],"wp:featuredmedia":[{"embeddable":true,"href":"https:\/\/www.europesays.com\/fr\/wp-json\/wp\/v2\/media\/640063"}],"wp:attachment":[{"href":"https:\/\/www.europesays.com\/fr\/wp-json\/wp\/v2\/media?parent=640062"}],"wp:term":[{"taxonomy":"category","embeddable":true,"href":"https:\/\/www.europesays.com\/fr\/wp-json\/wp\/v2\/categories?post=640062"},{"taxonomy":"post_tag","embeddable":true,"href":"https:\/\/www.europesays.com\/fr\/wp-json\/wp\/v2\/tags?post=640062"}],"curies":[{"name":"wp","href":"https:\/\/api.w.org\/{rel}","templated":true}]}}