{"id":640064,"date":"2026-01-04T09:27:13","date_gmt":"2026-01-04T09:27:13","guid":{"rendered":"https:\/\/www.europesays.com\/fr\/640064\/"},"modified":"2026-01-04T09:27:13","modified_gmt":"2026-01-04T09:27:13","slug":"les-premieres-images-de-maduro-capture-pourquoi-et-comment-les-usa-ont-agi","status":"publish","type":"post","link":"https:\/\/www.europesays.com\/fr\/640064\/","title":{"rendered":"les premi\u00e8res images de Maduro captur\u00e9, pourquoi et comment les USA ont agi"},"content":{"rendered":"<p>                    <a title=\"\u00a0\u00a9\u00a0AFP\" href=\"https:\/\/www.europesays.com\/fr\/wp-content\/uploads\/2026\/01\/84571117.jpg\" class=\"fancy\"><\/p>\n<p>                            <img loading=\"lazy\" decoding=\"async\" src=\"https:\/\/www.europesays.com\/fr\/wp-content\/uploads\/2026\/01\/84571117.jpg\" alt=\"Venezuela\u00a0: les premi\u00e8res images de Maduro captur\u00e9, pourquoi et comment les USA ont agi\" width=\"1500\" height=\"998\"\/><\/p>\n<p>                    <\/a><\/p>\n<p>                                    Le Venezuela a \u00e9t\u00e9 la cible d&rsquo;une op\u00e9ration militaire d&rsquo;envergure des Etats-Unis, ce samedi 3\u00a0janvier 2026, qui a abouti \u00e0 la capture du pr\u00e9sident Nicolas Maduro. Une op\u00e9ration pr\u00e9vue de longue date, dans un contexte de lutte affich\u00e9e contre le narcotrafic.\n                            <\/p>\n<p><a name=\"post1767518391\"\/>10:19 &#8211; Maduro embarqu\u00e9 \u00e0 bord d&rsquo;un navire d&rsquo;assaut am\u00e9ricain pour rejoindre les USA<\/p>\n<p>Nicolas Maduro et Cilia Flores ont \u00e9t\u00e9 transf\u00e9r\u00e9s\u00a0sur l&rsquo;USS Iwo Jima, un navire d&rsquo;assaut am\u00e9ricain, \u00e0 3h29\u00a0du matin samedi 3\u00a0janvier, heure de Washington, indiquent encore les communications officielles. Donald Trump a publi\u00e9 dans la soir\u00e9e d&rsquo;hier (en France) une photo de l&rsquo;ancien pr\u00e9sident v\u00e9n\u00e9zu\u00e9lien menott\u00e9, un masque sur les yeux sur son r\u00e9seau social Truth Social. Sur le clich\u00e9, Nicol\u00e1s Maduro appara\u00eet debout, v\u00eatu d\u2019un surv\u00eatement gris clair de la marque Nike, les oreilles recouvertes de ce qui semble \u00eatre un casque antibruit. S&rsquo;ils \u00e9taient en route pour New York avec son \u00e9pouse, o\u00f9 ils doivent r\u00e9pondre d\u2019accusations de narcotrafic, leur lieu de d\u00e9tention n&rsquo;a pas \u00e9t\u00e9 communiqu\u00e9.<img loading=\"lazy\" decoding=\"async\" height=\"1198\" src=\"https:\/\/www.europesays.com\/fr\/wp-content\/uploads\/2026\/01\/live.jpg\" width=\"1000\"\/><\/p>\n<p><a name=\"post1767517422\"\/>10:03 &#8211; \u00ab\u00a0Plusieurs engagements d\u2019autod\u00e9fense lorsque les forces ont commenc\u00e9 \u00e0 se retirer du Venezuela\u00a0\u00bb<\/p>\n<p>Les deux captifs ont \u00e9t\u00e9 embarqu\u00e9s dans un des h\u00e9licopt\u00e8res am\u00e9ricains.\u00a0Pour la sortie de la zone, \u00ab\u00a0des avions de combat et des drones assuraient la couverture a\u00e9rienne et fournissaient un feu de couverture. Il y a eu plusieurs engagements d\u2019autod\u00e9fense lorsque les forces ont commenc\u00e9 \u00e0 se retirer du Venezuela, mais elles ont r\u00e9ussi \u00e0 s\u2019exfiltrer et \u00e0 regagner leurs bases de lancement flottantes, et se sont retrouv\u00e9es au-dessus de l\u2019eau\u00a0\u00bb, a encore d\u00e9taill\u00e9 le g\u00e9n\u00e9ral Caine.<\/p>\n<p><a name=\"post1767516218\"\/>09:43 &#8211; Nicolas Maduro et son \u00e9pouse Cilia Flores \u00ab\u00a0se sont rendus\u00a0\u00bb<\/p>\n<p>Nicolas Maduro et son \u00e9pouse Cilia Flores auraient tent\u00e9 de se cacher dans une \u00ab\u00a0safe room\u00a0\u00bb lors de l&rsquo;intervention am\u00e9ricaine au Venezuela, sorte de\u00a0buncker situ\u00e9 dans un lieu de r\u00e9sidence, mais n&rsquo;y seraient pas parvenus. Sur place, les h\u00e9licopt\u00e8res am\u00e9ricains \u00ab\u00a0ont ripost\u00e9 avec une force \u00e9crasante\u00a0\u00bb aux tirs de d\u00e9fense dont ils \u00e9taient la cible, selon Dan Caine. L&rsquo;un d&rsquo;eux a \u00e9t\u00e9 touch\u00e9 mais a pu rentrer sur le sol am\u00e9ricain. \u00ab\u00a0Nicolas Maduro et son \u00e9pouse, tous deux inculp\u00e9s, se sont rendus et ont \u00e9t\u00e9 plac\u00e9s en d\u00e9tention par le minist\u00e8re de la justice\u00a0\u00bb, a ensuite d\u00e9clar\u00e9 le g\u00e9n\u00e9ral sans plus de d\u00e9tail.<\/p>\n<p><a name=\"post1767515422\"\/>09:30 &#8211; La capture de Nicolas Maduro et de son \u00e9pouse d\u00e9taill\u00e9e<\/p>\n<p>Le d\u00e9but de l&rsquo;op\u00e9ration de capture de Nicolas Maduro et de son \u00e9pouse a d\u00e9but\u00e9 \u00e0 2h01 \u00e0 Caracas. \u00ab\u00a0Lorsque la force a franchi le dernier point \u00e9lev\u00e9 o\u00f9 elle s\u2019\u00e9tait cach\u00e9e dans le brouillard, nous avons estim\u00e9 que nous avions conserv\u00e9 totalement l\u2019effet de surprise. Les h\u00e9licopt\u00e8res se sont alors dirig\u00e9s vers leur objectif \u00e0 basse altitude\u00a0\u00bb, a indiqu\u00e9 le g\u00e9n\u00e9ral, \u00e9voquant\u00a0l\u2019endroit o\u00f9 Nicolas Maduro et son \u00e9pouse avaient \u00e9t\u00e9 localis\u00e9s (l\u2019emplacement pr\u00e9cis n\u2019a pas \u00e9t\u00e9 communiqu\u00e9). \u00ab\u00a0La force d\u2019intervention a p\u00e9n\u00e9tr\u00e9 dans le complexe de Maduro et s\u2019est d\u00e9plac\u00e9e avec rapidit\u00e9, pr\u00e9cision et discipline vers son objectif, isolant la zone pour assurer la s\u00e9curit\u00e9 des forces terrestres tout en appr\u00e9hendant les personnes inculp\u00e9es\u00a0\u00bb, a aussi pr\u00e9cis\u00e9 le militaire.<\/p>\n<p><a name=\"post1767514401\"\/>09:13 &#8211; Les Etats-Unis ont attaqu\u00e9 le Venezuela par les airs en deux temps<\/p>\n<p>\u00ab\u00a0Des avions ont commenc\u00e9 \u00e0 d\u00e9coller de vingt bases diff\u00e9rentes sur terre et en mer \u00e0 travers l\u2019h\u00e9misph\u00e8re occidental\u00a0\u00bb, a encore indiqu\u00e9 le g\u00e9n\u00e9ral Dan Caine. L&rsquo;op\u00e9ration des USA contre le Venezuela a mobilis\u00e9\u00a0150 avions, \u00ab\u00a0bombardiers, chasseurs, appareils de renseignement, drones de reconnaissance, de surveillance et des h\u00e9licopt\u00e8res\u00a0\u00bb. Dans un premier temps, les bombardiers se sont approch\u00e9s \u00e0 basse altitude des c\u00f4tes v\u00e9n\u00e9zu\u00e9liennes (\u00e0 moins de 50\u00a0m de l\u2019eau) avant de \u00ab\u00a0d\u00e9manteler et \u00e0 d\u00e9sactiver les syst\u00e8mes de d\u00e9fense a\u00e9rienne du Venezuela, en utilisant des armes pour assurer le passage en toute s\u00e9curit\u00e9 des h\u00e9licopt\u00e8res\u00a0\u00bb.<\/p>\n<p><a name=\"post1767513378\"\/>08:56 &#8211; Une mise en place de l&rsquo;op\u00e9ration en d\u00e9cembre<\/p>\n<p>Le chef d\u2019\u00e9tat-major am\u00e9ricain a aussi indiqu\u00e9 que l&rsquo;op\u00e9ration avait \u00e9t\u00e9 mise en place en d\u00e9cembre, d\u00e8s le travail de renseignement termin\u00e9. C&rsquo;est la m\u00e9t\u00e9o qui aurait, entre autres, port\u00e9 le choix des militaires sur la date du 3\u00a0janvier. La date a \u00e9t\u00e9 confirm\u00e9e vendredi, \u00ab\u00a0le temps s\u2019\u00e9tant suffisamment am\u00e9lior\u00e9 pour permettre aux aviateurs les plus habiles au monde de man\u0153uvrer \u00e0 travers les montagnes, l\u2019oc\u00e9an et les nuages bas\u00a0\u00bb, selon Dan Caine.\u00a0Donald Trump a donn\u00e9 l\u2019ordre d\u2019ex\u00e9cution de la mission \u00e0 22h46 vendredi soir, heure de Washington, indique par ailleurs Le Monde.<\/p>\n<p><a name=\"post1767512640\"\/>08:44 &#8211; Une nouvelle vid\u00e9o de Maduro diffus\u00e9e par la Maison Blanche<\/p>\n<p>Apr\u00e8s avoir \u00e9t\u00e9 transport\u00e9 sur un navire am\u00e9ricain, le pr\u00e9sident v\u00e9n\u00e9zu\u00e9lien a \u00e9t\u00e9 achemin\u00e9 par avion \u00e0 New York. Des images de l&rsquo;AFP film\u00e9es dans la nuit\u00a0ont montr\u00e9 le dirigeant v\u00e9n\u00e9zu\u00e9lien sortant d&rsquo;un avion sous escorte dans un a\u00e9roport du nord de New York, puis son arriv\u00e9e \u00e0 Manhattan par h\u00e9licopt\u00e8re.\u00a0La Maison Blanche a ensuite publi\u00e9 une vid\u00e9o de Maduro dans les locaux de la Drug Enforcement Administration (DEA), l&rsquo;agence f\u00e9d\u00e9rale antidrogue. Menott\u00e9 et en sandales, escort\u00e9 par des agents, le pr\u00e9sident d\u00e9chu a l\u00e2ch\u00e9 un \u00ab\u00a0Bonsoir, bonne ann\u00e9e\u00a0\u00bb ironique face \u00e0 la cam\u00e9ra. Il a ensuite \u00e9t\u00e9 conduit dans une prison f\u00e9d\u00e9rale du quartier de Brooklyn.<\/p>\n<blockquote class=\"twitter-tweet\" data-media-max-width=\"560\"><p>&#13;<\/p>\n<p dir=\"ltr\" lang=\"en\">The White House Rapid Response account shared a video on X that appeared to show Maduro. It included the caption: \u00ab\u00a0Perp walked.\u00a0\u00bb<\/p>\n<p>He appears to be walking down a hallway on a carpet that states, \u00ab\u00a0DEA NYD,\u00a0\u00bb and is escorted by three men in Drug Enforcement Administration jackets.\u2026 <a href=\"https:\/\/t.co\/rH8fUsYsrO\">pic.twitter.com\/rH8fUsYsrO<\/a><\/p>\n<p>&#13;<br \/>\n\u2014 CBS News (@CBSNews) <a href=\"https:\/\/twitter.com\/CBSNews\/status\/2007668376080965919?ref_src=twsrc%5Etfw\" target=\"_blank\" rel=\"noopener\">January 4, 2026<\/a><\/p><\/blockquote>\n<p>&#13;<\/p>\n<p><a name=\"post1767512481\"\/>08:41 &#8211; Maduro traqu\u00e9 pendant des mois par le renseignement am\u00e9ricain<\/p>\n<p>Selon le g\u00e9n\u00e9ral Dan Caine, l&rsquo;op\u00e9ration a d&rsquo;abord demand\u00e9 \u00ab\u00a0des mois de travail\u00a0\u00bb de renseignement,\u00a0pour \u00ab\u00a0comprendre comment [Nicolas Maduro] se d\u00e9pla\u00e7ait, o\u00f9 il vivait, o\u00f9 il voyageait, ce qu\u2019il mangeait, ce qu\u2019il portait, quels \u00e9taient ses animaux de compagnie\u00a0\u00bb.<\/p>\n<p><a name=\"post1767511156\"\/>08:19 &#8211; Comment s&rsquo;est d\u00e9roul\u00e9e l&rsquo;op\u00e9ration am\u00e9ricaine au Venezuela ?<\/p>\n<p>Pr\u00e9sent au c\u00f4t\u00e9 de Donald Trump hier en conf\u00e9rence de presse, le chef d&rsquo;\u00e9tat-major am\u00e9ricain, le g\u00e9n\u00e9ral Dan Caine, a donn\u00e9 quelques d\u00e9tails sur l&rsquo;op\u00e9ration militaire baptis\u00e9e \u00ab\u00a0Absolute Resolve\u00a0\u00bb (D\u00e9termination absolue).\u00a0L&rsquo;op\u00e9ration \u00ab\u00a0discr\u00e8te, pr\u00e9cise et men\u00e9e pendant les heures d&rsquo;obscurit\u00e9 maximale du 3 janvier, est le point culminant de mois de pr\u00e9paration et d&rsquo;entra\u00eenement\u00a0\u00bb, a-t-il d\u00e9clar\u00e9. Elle a mobilis\u00e9 plus de 150 avions, a-t-il pr\u00e9cis\u00e9.\u00a0Les Etats-Unis ont affirm\u00e9 qu&rsquo;aucun Am\u00e9ricain n&rsquo;a \u00e9t\u00e9 tu\u00e9 lors de l&rsquo;op\u00e9ration, dont le bilan humain c\u00f4t\u00e9 v\u00e9n\u00e9zulien reste inconnu.<\/p>\n<p><a name=\"post1767510332\"\/>08:05 &#8211; Nicolas Maduro et son \u00e9pouse accus\u00e9s par la justice am\u00e9ricaine de \u00ab\u00a0narcoterrorisme\u00a0\u00bb<\/p>\n<p>Nicolas Maduro, 63 ans, et son \u00e9pouse Cilia Flores, 69 ans, sont accus\u00e9s par la justice am\u00e9ricaine de \u00ab\u00a0narcoterrorisme\u00a0\u00bb et importation de coca\u00efne aux Etats-Unis, selon un nouvel acte d&rsquo;accusation rendu public samedi. C&rsquo;est donc la cause officielle de l&rsquo;intervention militaire d&rsquo;envergure et de la double capture men\u00e9e hier. Le p\u00e9trole n&rsquo;est en revanche jamais tr\u00e8s loin, Donald Trump ayant indiqu\u00e9 ouvertement en conf\u00e9rence de presse qu&rsquo;il autoriserait les compagnies p\u00e9troli\u00e8res am\u00e9ricaines \u00e0 se rendre dans le pays sud-am\u00e9ricain pour exploiter ses r\u00e9serves de brut, ajoutant que l&#8217;embargo am\u00e9ricain sur le p\u00e9trole v\u00e9n\u00e9zu\u00e9lien restait en vigueur.<\/p>\n<p><a name=\"post1767508940\"\/>07:42 &#8211; Pourquoi les Etats-Unis sont intervenus au Venezuela ? (3\/3)<\/p>\n<p>Washington a impos\u00e9 des sanctions \u00e9conomiques au Venezuela d\u00e8s 2017 et, en janvier 2019, durant le premier mandat de Donald Trump, a instaur\u00e9 un embargo p\u00e9trolier visant \u00e0 asphyxier \u00e9conomiquement le pays qui d\u00e9pend de ses exportations d&rsquo;or noir.\u00a0Mais les tensions connaissent une escalade depuis le retour de Trump \u00e0 la Maison Blanche et notamment depuis septembre dernier, lorsque le pr\u00e9sident am\u00e9ricain a lanc\u00e9 une campagne militaire dans les Cara\u00efbes et le Pacifique au nom de la lutte contre le narcotrafic, avec en particulier le pouvoir v\u00e9n\u00e9zu\u00e9lien dans le viseur. Accusant le Venezuela de participer activement au trafic de drogues vers les Etats-Unis, sans\u00a0apporter de preuve pr\u00e9cise, les Etats-Unis ont rassembl\u00e9 une flottille de navire de guerre, dont le plus grand porte-avions du monde ces derniers mois, et plusieurs dizaines de frappes ont \u00e9t\u00e9 men\u00e9es contre les embarcations de trafiquants pr\u00e9sum\u00e9s, causant plus d&rsquo;une centaine de morts. L&rsquo;intervention militaire et la capture du pr\u00e9sident Maduro auront \u00e9t\u00e9 men\u00e9es pour les m\u00eames raisons.<\/p>\n<p><a name=\"post1767507711\"\/>07:21 &#8211; Pourquoi les Etats-Unis sont intervenus au Venezuela ? (2\/3)<\/p>\n<p>Apr\u00e8s une br\u00e8ve tentative de normalisation \u00e0 son arriv\u00e9e au pouvoir en 2013, Nicolas Maduro chasse les diplomates am\u00e9ricains. En r\u00e9ponse, le gouvernement de Barack Obama, qui avait refus\u00e9 en 2013 de reconna\u00eetre la victoire de Nicolas Maduro \u00e0 l&rsquo;\u00e9lection pr\u00e9sidentielle, classe en 2015 le Venezuela comme une \u00ab\u00a0menace extraordinaire pour la s\u00e9curit\u00e9 nationale\u00a0\u00bb et impose des sanctions contre plusieurs responsables politiques v\u00e9n\u00e9zu\u00e9liens.\u00a0Apr\u00e8s sa premi\u00e8re \u00e9lection en 2016, Donald Trump va durcir la position des Etats-Unis, dont l&rsquo;objectif va devenir ouvertement un changement de r\u00e9gime \u00e0 Caracas. Plusieurs fois d\u00e9j\u00e0, une \u00ab\u00a0solution militaire\u00a0\u00bb est \u00e9voqu\u00e9e et les sanctions \u00e9conomiques contre Caracas s&rsquo;alourdissent.<\/p>\n<p><a name=\"post1767506460\"\/>07:01 &#8211; Pourquoi les Etats-Unis sont intervenus au Venezuela ? (1\/3)<\/p>\n<p>Bonjour et bienvenue dans ce direct au lendemain de la frappe am\u00e9ricaine sur le Venezuela ce samedi. Les frappes am\u00e9ricaines et la capture du pr\u00e9sident Nicolas Maduro s&rsquo;inscrivent dans un contexte de tensions de longues dates entre les deux Etats depuis\u00a01998, ann\u00e9e de l&rsquo;\u00e9lection d&rsquo;Hugo Chavez \u00e0 la t\u00eate du pays. Le pr\u00e9d\u00e9cesseur de Maduro, proche de Fidel Castro, pr\u00f4nant la r\u00e9volution bolivarienne\u00a0et d\u00e9j\u00e0 auteur d&rsquo;une tentative de coup d&rsquo;Etat, avait voulu instaurer une r\u00e9publique socialiste et \u00e9riger le Venezuela, avec ses gigantesques r\u00e9serves de p\u00e9trole (estim\u00e9es \u00e0 300\u00a0milliards de barils), comme grand concurrent des Etats-Unis au sein de l&rsquo;OPEP. Mena\u00e7ant plusieurs fois l&#8217;empire am\u00e9ricain, y compris militairement, Chavez verra sa doctrine reprise par Maduro apr\u00e8s sa mort en mars 2013.<\/p>\n<p><a name=\"post1767475890\"\/>03\/01\/26\u00a0&#8211; 22:31 &#8211; La vice-pr\u00e9sidente du Venezuela Delcy Rodriguez r\u00e9agit<\/p>\n<p>Dans un communiqu\u00e9, le Venezuela avait d\u00e9j\u00e0 d\u00e9nonc\u00e9 \u00ab\u00a0la tr\u00e8s grave agression militaire\u00a0\u00bb des \u00c9tats-Unis. Ce soir, la vice-pr\u00e9sidente v\u00e9n\u00e9zu\u00e9lienne Delcy Rodriguez, premi\u00e8re dans l&rsquo;ordre de succession au pouvoir, affirme que Nicol\u00e1s Maduro \u00ab\u00a0est l&rsquo;unique pr\u00e9sident\u00a0\u00bb. Elle assure que le\u00a0gouvernement est pr\u00eat \u00ab\u00a0\u00e0 d\u00e9fendre le Venezuela\u00a0\u00bb\u00a0: \u00ab\u00a0nous sommes pr\u00eats \u00e0 d\u00e9fendre nos ressources naturelles qui doivent servir au d\u00e9veloppement national\u00a0\u00bb, ajoute-t-elle, exigeant \u00ab\u00a0la lib\u00e9ration imm\u00e9diate du pr\u00e9sident Nicolas Maduro et de son \u00e9pouse Cilia Flores.<\/p>\n<p><a name=\"post1767467121\"\/>03\/01\/26\u00a0&#8211; 20:05 &#8211; La \u00ab\u00a0transition \u00e0 venir doit \u00eatre pacifique\u00a0\u00bb, demande Emmanuel Macron<\/p>\n<p>Emmanuel Macron a r\u00e9agi \u00e0 la capture et \u00e0 l\u2019exfiltration par les \u00c9tats-Unis du V\u00e9n\u00e9zu\u00e9lien Nicolas Maduro. Sur le r\u00e9seau social X, le pr\u00e9sident fran\u00e7ais a \u00e9crit : \u00ab\u00a0Le peuple v\u00e9n\u00e9zu\u00e9lien est aujourd\u2019hui d\u00e9barrass\u00e9 de la dictature de Nicol\u00e1s Maduro et ne peut que s\u2019en r\u00e9jouir [&#8230;] la transition \u00e0 venir doit \u00eatre pacifique, d\u00e9mocratique et respectueuse de la volont\u00e9 du peuple v\u00e9n\u00e9zu\u00e9lien. Nous souhaitons que le Pr\u00e9sident Edmundo Gonz\u00e1lez Urrutia, \u00e9lu en 2024, puisse assurer au plus vite cette transition\u00a0\u00bb.<\/p>\n<blockquote class=\"twitter-tweet\"><p>&#13;<\/p>\n<p dir=\"ltr\" lang=\"fr\">Le peuple v\u00e9n\u00e9zu\u00e9lien est aujourd\u2019hui d\u00e9barrass\u00e9 de la dictature de Nicol\u00e1s Maduro et ne peut que s\u2019en r\u00e9jouir.<\/p>\n<p>En confisquant le pouvoir et en pi\u00e9tinant les libert\u00e9s fondamentales, Nicol\u00e1s Maduro a port\u00e9 une atteinte grave \u00e0 la dignit\u00e9 de son propre peuple.<\/p>\n<p>La transition\u2026<\/p>\n<p>&#13;<br \/>\n\u2014 Emmanuel Macron (@EmmanuelMacron) <a href=\"https:\/\/twitter.com\/EmmanuelMacron\/status\/2007520035766509829?ref_src=twsrc%5Etfw\" target=\"_blank\" rel=\"noopener\">January 3, 2026<\/a><\/p><\/blockquote>\n<p>&#13;<\/p>\n<p><a name=\"post1767464386\"\/>03\/01\/26\u00a0&#8211; 19:19 &#8211; Benjamin Netanyahu f\u00e9licite Donald Trump pour son \u00ab\u00a0leadership audacieux et historique\u00a0\u00bb<\/p>\n<p>Dans un post publi\u00e9 sur le r\u00e9seau social X et partag\u00e9 par le bureau du Premier ministre isra\u00e9lien, Benjamin Netanyahu a adress\u00e9 ses f\u00e9licitations \u00e0 Donald Trump pour son \u00ab\u00a0leadership audacieux et historique\u00a0\u00bb apr\u00e8s la capture de Nicolas Maduro au Venezuela.<\/p>\n<blockquote class=\"twitter-tweet\"><p>&#13;<\/p>\n<p dir=\"ltr\" lang=\"en\">Prime Minister Benjamin Netanyahu:<\/p>\n<p>Congratulations, President <a href=\"https:\/\/twitter.com\/realDonaldTrump?ref_src=twsrc%5Etfw\" target=\"_blank\" rel=\"noopener\">@realDonaldTrump<\/a> for your bold and historic leadership on behalf of freedom and justice. I salute your decisive resolve and the brilliant action of your brave soldiers.<\/p>\n<p>&#13;<br \/>\n\u2014 Prime Minister of Israel (@IsraeliPM) <a href=\"https:\/\/twitter.com\/IsraeliPM\/status\/2007512129633677687?ref_src=twsrc%5Etfw\" target=\"_blank\" rel=\"noopener\">January 3, 2026<\/a><\/p><\/blockquote>\n<p>&#13;<\/p>\n<p><a name=\"post1767464374\"\/>03\/01\/26\u00a0&#8211; 19:19 &#8211; Nous demandons \u00e0 tous [..] de respecter la Charte des Nations unies, demande Pedro Sanchez<\/p>\n<p>Sur le r\u00e9seau social X, le Premier ministre espagnol Pedro Sanchez a d\u00e9clar\u00e9 que si l&rsquo;Espagne \u00ab\u00a0n&rsquo;a pas reconnu le r\u00e9gime de Maduro, elle ne reconna\u00eetra pas non plus une intervention qui viole le droit international\u00a0\u00bb. Il a aussi ajout\u00e9 que la population civile doit \u00eatre la pr\u00e9occupation num\u00e9ro un : \u00ab\u00a0Nous demandons \u00e0 tous les acteurs de penser \u00e0 la population civile, de respecter la Charte des Nations unies et d&rsquo;articuler une transition juste et fond\u00e9e sur le dialogue\u00a0\u00bb, a-t-il \u00e9crit.<\/p>\n<blockquote class=\"twitter-tweet\"><p>&#13;<\/p>\n<p dir=\"ltr\" lang=\"es\">Espa\u00f1a no reconoci\u00f3 al r\u00e9gimen de Maduro. Pero tampoco reconocer\u00e1 una intervenci\u00f3n que viola el derecho internacional y empuja a la regi\u00f3n a un horizonte de incertidumbre y belicismo.<\/p>\n<p>Pedimos a todos los actores que piensen en la poblaci\u00f3n civil, que respeten la Carta de\u2026<\/p>\n<p>&#13;<br \/>\n\u2014 Pedro S\u00e1nchez (@sanchezcastejon) <a href=\"https:\/\/twitter.com\/sanchezcastejon\/status\/2007516318325440842?ref_src=twsrc%5Etfw\" target=\"_blank\" rel=\"noopener\">January 3, 2026<\/a><\/p><\/blockquote>\n<p>&#13;<\/p>\n<p><a name=\"post1767463303\"\/>03\/01\/26\u00a0&#8211; 19:01 &#8211; \u00ab\u00a0Si je vivais \u00e0 La Havane [..] je serais au moins un peu inquiet\u00a0\u00bb, a d\u00e9clar\u00e9 Marco Rubio<\/p>\n<p>Le secr\u00e9taire d&rsquo;\u00c9tat am\u00e9ricain Marco Rubio a d\u00e9clar\u00e9 samedi 3 janvier que le gouvernement cubain devrait aussi s&rsquo;inqui\u00e9ter apr\u00e8s la capture du pr\u00e9sident v\u00e9n\u00e9zu\u00e9lien Nicolas Maduro. \u00ab\u00a0Si je vivais \u00e0 La Havane et que je faisais partie du gouvernement, je serais au moins un peu inquiet\u00a0\u00bb, a-t-il d\u00e9clar\u00e9 lors d&rsquo;une conf\u00e9rence de presse en Floride \u00e0 Mar-a-Lago, aux c\u00f4t\u00e9s du pr\u00e9sident am\u00e9ricain Donald Trump. Il a ajout\u00e9 que \u00ab\u00a0Cuba est une catastrophe\u00a0\u00bb et que le pays est \u00ab\u00a0dirig\u00e9 par des hommes incomp\u00e9tents et s\u00e9niles.\u00a0\u00bb<\/p>\n<p><a name=\"post1767461753\"\/>03\/01\/26\u00a0&#8211; 18:35 &#8211; Maduro et son \u00e9pouse \u201cse sont rendus sans r\u00e9sister\u201d<\/p>\n<p>\u00ab\u00a0Maduro et son \u00e9pouse, tous deux inculp\u00e9s, se sont rendus sans r\u00e9sister et ont \u00e9t\u00e9 plac\u00e9s en d\u00e9tention par le minist\u00e8re de la Justice, avec l&rsquo;aide de notre incroyable arm\u00e9e am\u00e9ricaine\u00a0\u00bb, a d\u00e9clar\u00e9 le chef d&rsquo;\u00e9tat-major am\u00e9ricain, le g\u00e9n\u00e9ral Dan Caine.\u00a0\u00ab\u00a0Il y a eu de la surprise, mais en m\u00eame temps, il s&rsquo;y attendait. Il y a beaucoup de tirs \u00e9chang\u00e9s, il essayait de se rendre vers un endroit plus s\u00fbr mais qui ne l&rsquo;\u00e9tait plus, car nous l&rsquo;avions trouv\u00e9. (&#8230;) Il a pass\u00e9 la porte mais a \u00e9t\u00e9 incapable de la fermer ensuite\u00a0\u00bb, a-t-il ajout\u00e9.<\/p>\n<p><a name=\"post1767460971\"\/>03\/01\/26\u00a0&#8211; 18:22 &#8211; Une photo de Maduro diffus\u00e9e pare Donald Trump sur les r\u00e9seaux sociaux<\/p>\n<p>Sur son compte Social Truth Donald Trump a diffus\u00e9 une photo de Nicolas Maduro portant un masque sur les yeux et un casque antibruit, v\u00eatu d&rsquo;un simple surv\u00eatement et une bouteille d&rsquo;eau \u00e0 la main. Il se trouvait alors \u00e0 bord du navire de guerre USS Iwo Jima, a pr\u00e9cis\u00e9 le pr\u00e9sident am\u00e9ricain dans sa publication.<\/p>\n<p><a name=\"post1767460402\"\/>03\/01\/26\u00a0&#8211; 18:13 &#8211; Nos tr\u00e8s grandes compagnies p\u00e9troli\u00e8res am\u00e9ricaines [..] vont se rendre sur place<\/p>\n<p>Donald Trump a d\u00e9clar\u00e9 qu&rsquo;il autoriserait les compagnies p\u00e9troli\u00e8res am\u00e9ricaines \u00e0 se rendre au Venezuela pour exploiter les r\u00e9serves massives de brut du pays. \u00ab\u00a0Nos tr\u00e8s grandes compagnies p\u00e9troli\u00e8res am\u00e9ricaines, les plus importantes au monde, vont se rendre sur place, d\u00e9penser des milliards de dollars, r\u00e9parer les infrastructures gravement endommag\u00e9es, les infrastructures p\u00e9troli\u00e8res, et commencer \u00e0 g\u00e9n\u00e9rer des revenus pour le pays\u00a0\u00bb, a d\u00e9clar\u00e9 le pr\u00e9sident des \u00c9tats-Unis.<\/p>\n<p><a name=\"post1767459271\"\/>03\/01\/26\u00a0&#8211; 17:54 &#8211; Les \u00c9tats-Unis \u00ab\u00a0pr\u00eats \u00e0 lancer une deuxi\u00e8me attaque plus importante si besoin\u00a0\u00bb, assure Donald Trump<\/p>\n<p>\u00ab\u00a0Nous \u00e9tions pr\u00eats \u00e0 lancer une deuxi\u00e8me vague\u00a0\u00bb apr\u00e8s cette premi\u00e8re attaque ce samedi 3 janvier 2026, a d\u00e9clar\u00e9 Donald Trump, mais cela n\u2019a finalement pas \u00e9t\u00e9 n\u00e9cessaire car la premi\u00e8re a \u00e9t\u00e9 un succ\u00e8s. Les \u00c9tats-Unis sont \u00ab\u00a0pr\u00eats \u00e0 lancer une deuxi\u00e8me attaque plus importante si besoin\u00a0\u00bb, a ajout\u00e9 Donald Trump.<\/p>\n<p><a name=\"post1767459112\"\/>03\/01\/26\u00a0&#8211; 17:51 &#8211; Les \u00c9tats-Unis \u00ab\u00a0dirigeront\u00a0\u00bb le Venezuela en attendant une transition \u00ab\u00a0s\u00fbre\u00a0\u00bb, a d\u00e9clar\u00e9 Donald Trump<\/p>\n<p>Lors de la conf\u00e9rence de presse, Donald Trump a annonc\u00e9 que les \u00c9tats-Unis \u00ab\u00a0dirigeront\u00a0\u00bb le Venezuela en attendant une transition \u00ab\u00a0s\u00fbre\u00a0\u00bb, a-t-il d\u00e9clar\u00e9.<\/p>\n<p><a name=\"post1767458906\"\/>03\/01\/26\u00a0&#8211; 17:48 &#8211; Nicolas Maduro inculp\u00e9 pour \u201cnarcoterrorisme\u201d<\/p>\n<p>\u00ab\u00a0Nicolas Maduro a \u00e9t\u00e9 inculp\u00e9 pour narcoterrorisme\u00a0\u00bb, a expliqu\u00e9 Donald Trump.<\/p>\n<p>De plus, Caracas a \u00e9t\u00e9 plong\u00e9 dans l&rsquo;obscurit\u00e9 pour l&rsquo;op\u00e9ration contre Maduro, a aussi expliqu\u00e9 le pr\u00e9sident am\u00e9ricain.\u00a0<\/p>\n<p><a name=\"post1767458731\"\/>03\/01\/26\u00a0&#8211; 17:45 &#8211; Une \u00ab\u00a0d\u00e9monstrations de force les plus impressionnantes\u201d, a d\u00e9clar\u00e9 Donald Trump<\/p>\n<p>Selon Trump, l&rsquo;op\u00e9ration au Venezuela est l&rsquo;une des \u00ab\u00a0d\u00e9monstrations de force les plus impressionnantes, efficaces et puissantes de l&rsquo;histoire am\u00e9ricaine\u00a0\u00bb, a d\u00e9clar\u00e9 le pr\u00e9sident des \u00c9tats-Unis.<\/p>\n<p><a class=\"app_edito_btn\" href=\"https:\/\/www.linternaute.com\/actualite\/monde\/9584046-venezuela-les-premieres-images-de-maduro-capture-pourquoi-et-comment-les-usa-ont-agi\/\" id=\"jLiveMore\" data-sort-time=\"1767458730\" target=\"_blank\" rel=\"noopener\">LIRE PLUS<\/a><\/p>\n<p> <script async src=\"https:\/\/platform.twitter.com\/widgets.js\" charset=\"utf-8\"><\/script><\/p>\n","protected":false},"excerpt":{"rendered":"Le Venezuela a \u00e9t\u00e9 la cible d&rsquo;une op\u00e9ration militaire d&rsquo;envergure des Etats-Unis, ce samedi 3\u00a0janvier 2026, qui a&hellip;\n","protected":false},"author":2,"featured_media":640065,"comment_status":"","ping_status":"","sticky":false,"template":"","format":"standard","meta":{"footnotes":""},"categories":[1589],"tags":[11,74660,51761,73,1866,51763,74,12,51767,1864,1865,1863,308],"class_list":{"0":"post-640064","1":"post","2":"type-post","3":"status-publish","4":"format-standard","5":"has-post-thumbnail","7":"category-etats-unis","8":"tag-actualites","9":"tag-cms-linternaute-9584046","10":"tag-controller-content","11":"tag-etats-unis","12":"tag-etats-unis-damerique","13":"tag-format-papier","14":"tag-monde","15":"tag-news","16":"tag-parallaxeinfeed","17":"tag-united-states","18":"tag-united-states-of-america","19":"tag-us","20":"tag-usa"},"share_on_mastodon":{"url":"https:\/\/pubeurope.com\/@fr\/115836121543270844","error":""},"_links":{"self":[{"href":"https:\/\/www.europesays.com\/fr\/wp-json\/wp\/v2\/posts\/640064","targetHints":{"allow":["GET"]}}],"collection":[{"href":"https:\/\/www.europesays.com\/fr\/wp-json\/wp\/v2\/posts"}],"about":[{"href":"https:\/\/www.europesays.com\/fr\/wp-json\/wp\/v2\/types\/post"}],"author":[{"embeddable":true,"href":"https:\/\/www.europesays.com\/fr\/wp-json\/wp\/v2\/users\/2"}],"replies":[{"embeddable":true,"href":"https:\/\/www.europesays.com\/fr\/wp-json\/wp\/v2\/comments?post=640064"}],"version-history":[{"count":0,"href":"https:\/\/www.europesays.com\/fr\/wp-json\/wp\/v2\/posts\/640064\/revisions"}],"wp:featuredmedia":[{"embeddable":true,"href":"https:\/\/www.europesays.com\/fr\/wp-json\/wp\/v2\/media\/640065"}],"wp:attachment":[{"href":"https:\/\/www.europesays.com\/fr\/wp-json\/wp\/v2\/media?parent=640064"}],"wp:term":[{"taxonomy":"category","embeddable":true,"href":"https:\/\/www.europesays.com\/fr\/wp-json\/wp\/v2\/categories?post=640064"},{"taxonomy":"post_tag","embeddable":true,"href":"https:\/\/www.europesays.com\/fr\/wp-json\/wp\/v2\/tags?post=640064"}],"curies":[{"name":"wp","href":"https:\/\/api.w.org\/{rel}","templated":true}]}}