{"id":640070,"date":"2026-01-04T09:31:12","date_gmt":"2026-01-04T09:31:12","guid":{"rendered":"https:\/\/www.europesays.com\/fr\/640070\/"},"modified":"2026-01-04T09:31:12","modified_gmt":"2026-01-04T09:31:12","slug":"hyundai-ioniq-3-2026-compacte-electrique-pour-leurope","status":"publish","type":"post","link":"https:\/\/www.europesays.com\/fr\/640070\/","title":{"rendered":"Hyundai Ioniq 3 (2026) : compacte \u00e9lectrique pour l\u2019Europe"},"content":{"rendered":"<p>https:\/\/tarantas.news\/fr\/posts\/id8041-hyundai-ioniq-3-2026-compacte-electrique-pour-l-europe<\/p>\n<p>    <a itemprop=\"url\" href=\"https:\/\/tarantas.news\/fr\/posts\/id8041-hyundai-ioniq-3-2026-compacte-electrique-pour-l-europe\" target=\"_blank\" rel=\"noopener\"><\/p>\n<p>Hyundai Ioniq 3 (2026) : compacte \u00e9lectrique pour l\u2019Europe<\/p>\n<p>Hyundai Ioniq 3 : compacte \u00e9lectrique pens\u00e9e pour l\u2019Europe (2026)<\/p>\n<p>Hyundai Ioniq 3 (2026) : compacte \u00e9lectrique pour l\u2019Europe<\/p>\n<p>Hyundai Ioniq 3, compacte \u00e9lectrique 2026: E-GMP 400 V, batteries 58,3 ou 81,4 kWh, traction ou int\u00e9grale, d\u00e8s 30 000 \u20ac, pens\u00e9e pour le march\u00e9 europ\u00e9en.<\/p>\n<p>2026-01-04T09:01:21+03:00<\/p>\n<p>2026-01-04T09:01:21+03:00<\/p>\n<p>2026-01-04T09:01:21+03:00<\/p>\n<p>En 2026, Hyundai lancera l\u2019Ioniq 3, que la marque pr\u00e9sente comme l\u2019une des pi\u00e8ces ma\u00eetresses de sa gamme \u00e9lectrique. Pens\u00e9 comme un mod\u00e8le plus accessible, il vise d\u2019abord l\u2019Europe, o\u00f9 la demande pour les voitures \u00e0 batteries demeure soutenue. Un positionnement qui para\u00eet pragmatique.L\u2019Ioniq 3 constitue la r\u00e9ponse de Hyundai \u00e0 des r\u00e9alit\u00e9s de march\u00e9 mouvantes. Aux \u00c9tats-Unis, la marque se heurte \u00e0 des droits de douane plus \u00e9lev\u00e9s, \u00e0 un recul des incitations fiscales pour les v\u00e9hicules \u00e9lectriques et \u00e0 un risque r\u00e9glementaire accru; l\u2019Europe passe donc momentan\u00e9ment en t\u00eate des priorit\u00e9s. Sur ce terrain, la nouveaut\u00e9 affrontera des compactes sign\u00e9es Volkswagen, Renault et Stellantis, sans oublier des \u00e9lectriques chinoises comme BYD. Le terrain est encombr\u00e9, mais c\u2019est souvent la nettet\u00e9 de la proposition de valeur qui fait la diff\u00e9rence.Hyundai a esquiss\u00e9 le style de l\u2019Ioniq 3 avec le concept Three au salon IAA de Munich. La version de s\u00e9rie calmerait le jeu tout en conservant les codes pixel propres \u00e0 la marque. C\u00f4t\u00e9 technique, elle se rapprocherait du Kia EV3, adopterait une version 400 volts de la plateforme E-GMP, proposerait une traction ou une transmission int\u00e9grale et des batteries de 58,3 ou 81,4 kWh. Le tarif attendu tourne autour de 30 000 \u20ac. Sur le papier, ce cocktail vise le c\u0153ur du march\u00e9 europ\u00e9en des \u00e9lectriques grand public.<\/p>\n<p>Hyundai Ioniq 3, 2026, compacte \u00e9lectrique, Europe, E-GMP 400 V, 58,3 kWh, 81,4 kWh, traction, transmission int\u00e9grale, 30 000 \u20ac, Kia EV3, march\u00e9 europ\u00e9en<\/p>\n<p>2026<\/p>\n<p>news<\/p>\n","protected":false},"excerpt":{"rendered":"https:\/\/tarantas.news\/fr\/posts\/id8041-hyundai-ioniq-3-2026-compacte-electrique-pour-l-europe Hyundai Ioniq 3 (2026) : compacte \u00e9lectrique pour l\u2019Europe Hyundai Ioniq 3 : compacte \u00e9lectrique pens\u00e9e pour&hellip;\n","protected":false},"author":2,"featured_media":640071,"comment_status":"","ping_status":"","sticky":false,"template":"","format":"standard","meta":{"footnotes":""},"categories":[1586],"tags":[43717,5734,74664,74666,74665,43330,11,74662,74663,1777,674,1011,27,74661,74667,39476,12,25,18659,65980],"class_list":{"0":"post-640070","1":"post","2":"type-post","3":"status-publish","4":"format-standard","5":"has-post-thumbnail","7":"category-europe","8":"tag-43717","9":"tag-5734","10":"tag-3-kwh","11":"tag-30-000-e","12":"tag-4-kwh","13":"tag-43330","14":"tag-actualites","15":"tag-compacte-electrique","16":"tag-e-gmp-400-v","17":"tag-eu","18":"tag-europe","19":"tag-fr","20":"tag-france","21":"tag-hyundai-ioniq-3","22":"tag-kia-ev3","23":"tag-marche-europeen","24":"tag-news","25":"tag-republique-francaise","26":"tag-traction","27":"tag-transmission-integrale"},"share_on_mastodon":{"url":"https:\/\/pubeurope.com\/@fr\/115836137264545130","error":""},"_links":{"self":[{"href":"https:\/\/www.europesays.com\/fr\/wp-json\/wp\/v2\/posts\/640070","targetHints":{"allow":["GET"]}}],"collection":[{"href":"https:\/\/www.europesays.com\/fr\/wp-json\/wp\/v2\/posts"}],"about":[{"href":"https:\/\/www.europesays.com\/fr\/wp-json\/wp\/v2\/types\/post"}],"author":[{"embeddable":true,"href":"https:\/\/www.europesays.com\/fr\/wp-json\/wp\/v2\/users\/2"}],"replies":[{"embeddable":true,"href":"https:\/\/www.europesays.com\/fr\/wp-json\/wp\/v2\/comments?post=640070"}],"version-history":[{"count":0,"href":"https:\/\/www.europesays.com\/fr\/wp-json\/wp\/v2\/posts\/640070\/revisions"}],"wp:featuredmedia":[{"embeddable":true,"href":"https:\/\/www.europesays.com\/fr\/wp-json\/wp\/v2\/media\/640071"}],"wp:attachment":[{"href":"https:\/\/www.europesays.com\/fr\/wp-json\/wp\/v2\/media?parent=640070"}],"wp:term":[{"taxonomy":"category","embeddable":true,"href":"https:\/\/www.europesays.com\/fr\/wp-json\/wp\/v2\/categories?post=640070"},{"taxonomy":"post_tag","embeddable":true,"href":"https:\/\/www.europesays.com\/fr\/wp-json\/wp\/v2\/tags?post=640070"}],"curies":[{"name":"wp","href":"https:\/\/api.w.org\/{rel}","templated":true}]}}