{"id":640072,"date":"2026-01-04T09:32:09","date_gmt":"2026-01-04T09:32:09","guid":{"rendered":"https:\/\/www.europesays.com\/fr\/640072\/"},"modified":"2026-01-04T09:32:09","modified_gmt":"2026-01-04T09:32:09","slug":"lirlande-en-eclaireur-a-pekin","status":"publish","type":"post","link":"https:\/\/www.europesays.com\/fr\/640072\/","title":{"rendered":"l\u2019Irlande en \u00e9claireur \u00e0 P\u00e9kin"},"content":{"rendered":"<p>Le Premier ministre irlandais Miche\u00e1l Martin entame dimanche une visite officielle en Chine, la premi\u00e8re d\u2019un chef de gouvernement irlandais depuis 2012. Ce d\u00e9placement, qui se prolongera jusqu\u2019\u00e0 jeudi, vise \u00e0 consolider les relations commerciales bilat\u00e9rales, dans un contexte o\u00f9 Dublin s\u2019appr\u00eate \u00e0 prendre la pr\u00e9sidence tournante de l\u2019Union europ\u00e9enne en juillet.<\/p>\n<p>Le dirigeant se rendra \u00e0 P\u00e9kin, o\u00f9 il doit rencontrer le pr\u00e9sident Xi Jinping et le Premier ministre Li Qiang, avant de se d\u00e9placer \u00e0 Shanghai pour \u00e9changer avec des chefs d\u2019entreprise et des investisseurs.<\/p>\n<p>\u00ab\u00a0Outre les relations globales entre l\u2019Irlande et la Chine, nous \u00e9changerons nos points de vue sur les d\u00e9fis mondiaux urgents, notamment la paix, la s\u00e9curit\u00e9 et l\u2019environnement commercial\u00a0\u00bb, a d\u00e9clar\u00e9 Miche\u00e1l Martin dans un communiqu\u00e9.<\/p>\n<p>La Chine, cinqui\u00e8me partenaire commercial de l&rsquo;Irlande&#13;\n<\/p>\n<p>Il a \u00e9galement promis \u00ab\u00a0d\u2019insister sur l\u2019importance d\u2019une relation solide entre l\u2019UE et la Chine, ainsi que d\u2019institutions multilat\u00e9rales robustes et efficaces\u00a0\u00bb.<\/p>\n<p>Le minist\u00e8re chinois des Affaires \u00e9trang\u00e8res a de son c\u00f4t\u00e9 exprim\u00e9 l\u2019espoir que cette visite \u00ab\u00a0contribue \u00e0 une avanc\u00e9e solide et r\u00e9guli\u00e8re des relations entre la Chine et l\u2019UE\u00a0\u00bb.<\/p>\n<p>La Chine est le premier partenaire commercial de l\u2019Irlande en Asie et son cinqui\u00e8me partenaire mondial. En 2023, les \u00e9changes de biens et de services entre les deux pays ont atteint 36\u00a0milliards d\u2019euros, hors Hong Kong et Macao. L\u2019Irlande exporte principalement des \u00e9quipements m\u00e9dicaux, des produits pharmaceutiques, des biens agroalimentaires et des services informatiques et financiers.<\/p>\n","protected":false},"excerpt":{"rendered":"Le Premier ministre irlandais Miche\u00e1l Martin entame dimanche une visite officielle en Chine, la premi\u00e8re d\u2019un chef de&hellip;\n","protected":false},"author":2,"featured_media":640073,"comment_status":"","ping_status":"","sticky":false,"template":"","format":"standard","meta":{"footnotes":""},"categories":[1586],"tags":[5734,11,215,74668,33,1777,674,1779,1011,27,32487,12,2484,25,1778,364],"class_list":{"0":"post-640072","1":"post","2":"type-post","3":"status-publish","4":"format-standard","5":"has-post-thumbnail","7":"category-europe","8":"tag-5734","9":"tag-actualites","10":"tag-commerce","11":"tag-eclaireur","12":"tag-economie","13":"tag-eu","14":"tag-europe","15":"tag-european-union","16":"tag-fr","17":"tag-france","18":"tag-lirlande","19":"tag-news","20":"tag-pekin","21":"tag-republique-francaise","22":"tag-ue","23":"tag-union-europeenne"},"share_on_mastodon":{"url":"https:\/\/pubeurope.com\/@fr\/115836141209715965","error":""},"_links":{"self":[{"href":"https:\/\/www.europesays.com\/fr\/wp-json\/wp\/v2\/posts\/640072","targetHints":{"allow":["GET"]}}],"collection":[{"href":"https:\/\/www.europesays.com\/fr\/wp-json\/wp\/v2\/posts"}],"about":[{"href":"https:\/\/www.europesays.com\/fr\/wp-json\/wp\/v2\/types\/post"}],"author":[{"embeddable":true,"href":"https:\/\/www.europesays.com\/fr\/wp-json\/wp\/v2\/users\/2"}],"replies":[{"embeddable":true,"href":"https:\/\/www.europesays.com\/fr\/wp-json\/wp\/v2\/comments?post=640072"}],"version-history":[{"count":0,"href":"https:\/\/www.europesays.com\/fr\/wp-json\/wp\/v2\/posts\/640072\/revisions"}],"wp:featuredmedia":[{"embeddable":true,"href":"https:\/\/www.europesays.com\/fr\/wp-json\/wp\/v2\/media\/640073"}],"wp:attachment":[{"href":"https:\/\/www.europesays.com\/fr\/wp-json\/wp\/v2\/media?parent=640072"}],"wp:term":[{"taxonomy":"category","embeddable":true,"href":"https:\/\/www.europesays.com\/fr\/wp-json\/wp\/v2\/categories?post=640072"},{"taxonomy":"post_tag","embeddable":true,"href":"https:\/\/www.europesays.com\/fr\/wp-json\/wp\/v2\/tags?post=640072"}],"curies":[{"name":"wp","href":"https:\/\/api.w.org\/{rel}","templated":true}]}}