{"id":640079,"date":"2026-01-04T09:35:10","date_gmt":"2026-01-04T09:35:10","guid":{"rendered":"https:\/\/www.europesays.com\/fr\/640079\/"},"modified":"2026-01-04T09:35:10","modified_gmt":"2026-01-04T09:35:10","slug":"ensemble-la-france-et-le-royaume-uni-ont-frappe-une-cache-presumee-darmes-de-letat-islamique-en-syrie","status":"publish","type":"post","link":"https:\/\/www.europesays.com\/fr\/640079\/","title":{"rendered":"Ensemble, la France et le Royaume-Uni ont frapp\u00e9 une cache pr\u00e9sum\u00e9e d\u2019armes de l\u2019\u00c9tat islamique en Syrie"},"content":{"rendered":"<p>\n                                                                La France et le Royaume-Uni ont conjointement men\u00e9 une frappe en Syrie. Les deux pays se sont attaqu\u00e9s \u00e0 un site souterrain possiblement utilis\u00e9 par l\u2019\u00c9tat islamique pour y cacher des armes.\n                            <\/p>\n<p>Les arm\u00e9es de l\u2019air de la Grande-Bretagne et de la France ont \u2060men\u00e9 une op\u00e9ration conjointe samedi soir contre une cache d\u2019arme pr\u00e9sum\u00e9e qui \u00e9tait \u200dutilis\u00e9e pr\u00e9c\u00e9demment par le groupe \u00c9tat islamique en Syrie, a annonc\u00e9 le minist\u00e8re britannique de \u200bla D\u00e9fense.<\/p>\n<p>Des avions occidentaux m\u00e8nent des patrouilles pour emp\u00eacher le retour des groupes de combattants islamistes qui r\u00e9gnaient sur certaines \u200dr\u00e9gions de la \u2060Syrie jusqu\u2019en 2019. D\u2019apr\u00e8s la<a href=\"https:\/\/www.bbc.com\/news\/articles\/c1m7l8keyexo\" target=\"_blank\" rel=\"noopener\">\u00a0BBC, <\/a>ce sont des avions de chasse Typhoon de la Royal Air Force qui ont \u00e9t\u00e9 utilis\u00e9s.<\/p>\n<p>\u00ab\u00a0Aucune habitation civile\u00a0\u00bb vis\u00e9e<\/p>\n<p>Des \u2060analyses des services de renseignement ont identifi\u00e9 une installation souterraine qui aurait \u00e9t\u00e9 utilis\u00e9e comme d\u00e9p\u00f4t d\u2019armes et d\u2019explosifs dans les montagnes \u200dau nord \u200dde Palmyre, a dit la \u200bGrande-Bretagne. Cette derni\u00e8re\u00a0aurait\u00a0\u00ab\u00a0utilis\u00e9 des bombes guid\u00e9es Paveway IV\u00a0pour \u200bviser plusieurs \u200ctunnels d\u2019acc\u00e8s \u00e0 l\u2019installation. Bien qu\u2019une \u00e9valuation d\u00e9taill\u00e9e soit en \u200dcours, les premi\u00e8res indications laissent penser que la cible a \u00e9t\u00e9 atteinte\u00a0\u00bb, lit-on dans un communiqu\u00e9 du minist\u00e8re britannique de la D\u00e9fense.<\/p>\n<p>La zone ne comptait \u00ab\u00a0aucune habitation civile\u00a0\u00bb avant la frappe, \u2060assure-t-il.\u00a0D\u2019apr\u00e8s la\u00a0BBC, les autorit\u00e9s estiment que\u00a0\u00ab\u00a0la cible a \u00e9t\u00e9 atteinte avec succ\u00e8s\u00a0\u00bb.<\/p>\n","protected":false},"excerpt":{"rendered":"La France et le Royaume-Uni ont conjointement men\u00e9 une frappe en Syrie. Les deux pays se sont attaqu\u00e9s&hellip;\n","protected":false},"author":2,"featured_media":640080,"comment_status":"","ping_status":"","sticky":false,"template":"","format":"standard","meta":{"footnotes":""},"categories":[4],"tags":[1111,11,1011,27,74,12,25],"class_list":{"0":"post-640079","1":"post","2":"type-post","3":"status-publish","4":"format-standard","5":"has-post-thumbnail","7":"category-france","8":"tag-actu","9":"tag-actualites","10":"tag-fr","11":"tag-france","12":"tag-monde","13":"tag-news","14":"tag-republique-francaise"},"share_on_mastodon":{"url":"https:\/\/pubeurope.com\/@fr\/115836152847649774","error":""},"_links":{"self":[{"href":"https:\/\/www.europesays.com\/fr\/wp-json\/wp\/v2\/posts\/640079","targetHints":{"allow":["GET"]}}],"collection":[{"href":"https:\/\/www.europesays.com\/fr\/wp-json\/wp\/v2\/posts"}],"about":[{"href":"https:\/\/www.europesays.com\/fr\/wp-json\/wp\/v2\/types\/post"}],"author":[{"embeddable":true,"href":"https:\/\/www.europesays.com\/fr\/wp-json\/wp\/v2\/users\/2"}],"replies":[{"embeddable":true,"href":"https:\/\/www.europesays.com\/fr\/wp-json\/wp\/v2\/comments?post=640079"}],"version-history":[{"count":0,"href":"https:\/\/www.europesays.com\/fr\/wp-json\/wp\/v2\/posts\/640079\/revisions"}],"wp:featuredmedia":[{"embeddable":true,"href":"https:\/\/www.europesays.com\/fr\/wp-json\/wp\/v2\/media\/640080"}],"wp:attachment":[{"href":"https:\/\/www.europesays.com\/fr\/wp-json\/wp\/v2\/media?parent=640079"}],"wp:term":[{"taxonomy":"category","embeddable":true,"href":"https:\/\/www.europesays.com\/fr\/wp-json\/wp\/v2\/categories?post=640079"},{"taxonomy":"post_tag","embeddable":true,"href":"https:\/\/www.europesays.com\/fr\/wp-json\/wp\/v2\/tags?post=640079"}],"curies":[{"name":"wp","href":"https:\/\/api.w.org\/{rel}","templated":true}]}}