{"id":640083,"date":"2026-01-04T09:38:10","date_gmt":"2026-01-04T09:38:10","guid":{"rendered":"https:\/\/www.europesays.com\/fr\/640083\/"},"modified":"2026-01-04T09:38:10","modified_gmt":"2026-01-04T09:38:10","slug":"will-skelton-espere-un-retour-durable-avec-le-stade-rochelais","status":"publish","type":"post","link":"https:\/\/www.europesays.com\/fr\/640083\/","title":{"rendered":"Will Skelton esp\u00e8re un retour durable avec le Stade Rochelais"},"content":{"rendered":"<p>Victime d\u2019une l\u00e9sion de la syndesmose (une articulation situ\u00e9e entre le tibia et le p\u00e9ron\u00e9) lors du match aller (report\u00e9 le 8\u00a0novembre) contre le RCT, le seconde ligne a d\u2019abord port\u00e9 une botte pendant une vingtaine de jours, sachant qu\u2019il devrait attendre entre six et huit semaines avant de pouvoir rejouer. L\u2019option longue a donc pr\u00e9valu.<\/p>\n<p>\u00ab\u00a0C\u2019est un joueur \u00e0 part avec son physique, il est hyper professionnel mais son corps ne r\u00e9agit pas comme les autres, d\u00e9veloppe \u2018\u2019ROG\u2019\u2019. Pour qu\u2019il soit performant et en confiance, il faut que tout soit align\u00e9. On a pris beaucoup de temps pour qu\u2019il soit en bon \u00e9tat. Avec le froid cette semaine, on n\u2019avait pas le droit de s\u2019entra\u00eener sur l\u2019herbe et je ne voulais pas le faire s\u2019entra\u00eener sur le synth\u00e9tique.\u00a0\u00bb Will Skelton s\u2019est malgr\u00e9 tout pr\u00e9par\u00e9 du mieux possible pour ne pas rater ses retrouvailles avec Marcel-Deflandre, qui f\u00eate \u00e0 cette occasion <a href=\"https:\/\/www.sudouest.fr\/sport\/rugby\/stade-rochelais\/on-ne-veut-pas-transformer-notre-stade-en-kermesse-le-stade-rochelais-mesure-la-force-de-son-public-27271875.php\" target=\"_blank\" rel=\"noopener\">ses dix ans de guichets ferm\u00e9s en Top 14<\/a>.<\/p>\n<p>Un aller-retour \u00ab\u00a0bizarre\u00a0\u00bb<\/p>\n<p>\u00ab\u00a0Je veux m\u2019assurer que je serai \u00e0 100\u00a0% quand je reviendrai\u00a0\u00bb, nous confiait-il le 2\u00a0d\u00e9cembre. C\u2019est tout l\u2019enjeu, tant la deuxi\u00e8me partie de son ann\u00e9e 2025 a \u00e9t\u00e9 saccad\u00e9e, en t\u00e9moigne le nombre de ses matchs en jaune et noir. \u00ab\u00a0En Top 14, j\u2019ai termin\u00e9 la saison derni\u00e8re \u00e0 Pau, puis je suis parti en Australie pour affronter les Lions \u2013 quelque chose de sp\u00e9cial, j\u2019\u00e9tais tr\u00e8s heureux. Le \u2018\u2019momentum\u2019\u2019 \u00e9tait bon, on m\u2019a demand\u00e9 de continuer \u00e0 jouer avec la s\u00e9lection (contre les Sud-Africains, en ao\u00fbt, lors du Rugby Championship, NDLR) et d\u2019allonger un peu plus ma saison\u2026\u00a0\u00bb<\/p>\n<blockquote><p>\u00ab\u00a0Si je continue comme \u00e7a, des absences de six \u00e0 huit semaines vont se r\u00e9p\u00e9ter\u00a0\u00bb<\/p><\/blockquote>\n<p>Et si \u00ab\u00a0le club a \u00e9t\u00e9 g\u00e9nial en me donnant du repos \u00e0 la maison, pour que je reste frais mentalement\u00a0\u00bb, il a rapidement \u00e9t\u00e9 rappel\u00e9 par les Wallabies \u2013 apr\u00e8s avoir repris contre Clermont le 13\u00a0septembre \u2013 pour affronter les All Blacks \u00e0 Perth. Cet aller-retour \u00e9tait \u00ab\u00a0bizarre, je n\u2019avais jamais fait \u00e7a auparavant. Malheureusement, j\u2019ai fait un KO. Les blessures arrivent, \u00e7a fait partie du rugby\u00a0\u00bb, souffle Will Skelton.<\/p>\n<p>Il parle d\u2019exp\u00e9rience. De retour en Top 14 le 2\u00a0novembre, apr\u00e8s des vacances, il ne s\u2019\u00e9tait pas entra\u00een\u00e9 avant la fin de la semaine pour la venue du Racing 92. \u00ab\u00a0J\u2019\u00e9tais un peu rouill\u00e9, \u00e7a allait, m\u00eame si je me suis fait mal \u00e0 la cheville d\u00e8s la premi\u00e8re minute. Ensuite, je ne me suis pas entra\u00een\u00e9 non plus, mais je voulais vraiment jouer \u00e0 Toulon. Ce n\u2019\u00e9tait peut-\u00eatre pas une bonne id\u00e9e\u2026 Je dois vraiment m\u2019assurer que mon corps est \u00e0 100\u00a0%, insiste-t-il. Parce que si je continue comme \u00e7a, des absences de six \u00e0 huit semaines vont se r\u00e9p\u00e9ter.\u00a0\u00bb<\/p>\n<blockquote><p>\u00ab\u00a0Traverser la plan\u00e8te pour jouer uniquement un match\u2026 Ce n\u2019est peut-\u00eatre pas le mieux\u00a0\u00bb<\/p><\/blockquote>\n<p>Cela peut para\u00eetre paradoxal au regard des jours qui viennent de s\u2019\u00e9couler, mais dans ce cas pr\u00e9cis, les choses ont \u00e9t\u00e9 soupes\u00e9es. Et c\u2019est exactement ce que souhaite Will Skelton, qui a d\u00e9couvert sur le tard les allers-retours club-s\u00e9lection et h\u00e9misph\u00e8res nord-sud, puisqu\u2019il n\u2019\u00e9tait pas \u00e9ligible pour les Wallabies avant un changement de r\u00e8gle en 2021.<\/p>\n<p>Le soutien d\u2019O\u2019Gara<\/p>\n<p>\u00ab\u00a0Je m\u2019adapte. Jouer pour son pays est un grand honneur, j\u2019ai toujours lev\u00e9 la main pour le faire. Mais on doit s\u2019assurer qu\u2019il y a un plan pour en ressortir le meilleur pour moi, r\u00e9p\u00e8te-t-il. Si je dois encha\u00eener des matchs pour La\u00a0Rochelle et l\u2019Australie, je veux vraiment \u00eatre certain que mon corps va bien et que ma famille est heureuse. Je sais exactement pourquoi je joue pour l\u2019Australie. C\u2019est parce que je joue bien pour mon club. Si je ne peux pas le faire, jouer pour mon pays n\u2019est pas un sujet.\u00a0\u00bb<\/p>\n<p>C\u2019est d\u2019autant plus important que \u00ab\u00a0j\u2019appr\u00e9cie vraiment le Stade Rochelais, la fa\u00e7on dont il me soutient. Il doit y avoir un \u00e9quilibre et j\u2019aime le fait qu\u2019il y ait un dialogue ouvert\u00a0\u00bb entre toutes les parties, rel\u00e8ve le si solide stadiste. Il avait ainsi \u00e9t\u00e9 laiss\u00e9 \u00e0 la disposition des Maritimes par son s\u00e9lectionneur pour le fameux d\u00e9placement \u00e0 Toulon. \u00ab\u00a0J\u2019esp\u00e8re que la saison prochaine, nous pourrons planifier quels tests je pourrai jouer, ce qui sera le mieux pour moi. J\u2019ai 33\u00a0ans, traverser la plan\u00e8te pour jouer uniquement un match\u2026 Ce n\u2019est peut-\u00eatre pas le mieux\u00a0\u00bb, juge le deuxi\u00e8me ligne.<\/p>\n","protected":false},"excerpt":{"rendered":"Victime d\u2019une l\u00e9sion de la syndesmose (une articulation situ\u00e9e entre le tibia et le p\u00e9ron\u00e9) lors du match&hellip;\n","protected":false},"author":2,"featured_media":640084,"comment_status":"","ping_status":"","sticky":false,"template":"","format":"standard","meta":{"footnotes":""},"categories":[1416],"tags":[1011,27,479,1468,60],"class_list":{"0":"post-640083","1":"post","2":"type-post","3":"status-publish","4":"format-standard","5":"has-post-thumbnail","7":"category-rugby","8":"tag-fr","9":"tag-france","10":"tag-rugby","11":"tag-rugby-football","12":"tag-sports"},"share_on_mastodon":{"url":"https:\/\/pubeurope.com\/@fr\/115836164729319408","error":""},"_links":{"self":[{"href":"https:\/\/www.europesays.com\/fr\/wp-json\/wp\/v2\/posts\/640083","targetHints":{"allow":["GET"]}}],"collection":[{"href":"https:\/\/www.europesays.com\/fr\/wp-json\/wp\/v2\/posts"}],"about":[{"href":"https:\/\/www.europesays.com\/fr\/wp-json\/wp\/v2\/types\/post"}],"author":[{"embeddable":true,"href":"https:\/\/www.europesays.com\/fr\/wp-json\/wp\/v2\/users\/2"}],"replies":[{"embeddable":true,"href":"https:\/\/www.europesays.com\/fr\/wp-json\/wp\/v2\/comments?post=640083"}],"version-history":[{"count":0,"href":"https:\/\/www.europesays.com\/fr\/wp-json\/wp\/v2\/posts\/640083\/revisions"}],"wp:featuredmedia":[{"embeddable":true,"href":"https:\/\/www.europesays.com\/fr\/wp-json\/wp\/v2\/media\/640084"}],"wp:attachment":[{"href":"https:\/\/www.europesays.com\/fr\/wp-json\/wp\/v2\/media?parent=640083"}],"wp:term":[{"taxonomy":"category","embeddable":true,"href":"https:\/\/www.europesays.com\/fr\/wp-json\/wp\/v2\/categories?post=640083"},{"taxonomy":"post_tag","embeddable":true,"href":"https:\/\/www.europesays.com\/fr\/wp-json\/wp\/v2\/tags?post=640083"}],"curies":[{"name":"wp","href":"https:\/\/api.w.org\/{rel}","templated":true}]}}