{"id":640087,"date":"2026-01-04T09:43:14","date_gmt":"2026-01-04T09:43:14","guid":{"rendered":"https:\/\/www.europesays.com\/fr\/640087\/"},"modified":"2026-01-04T09:43:14","modified_gmt":"2026-01-04T09:43:14","slug":"matteo-garnier-vainqueur-sur-le-cyclo-cross-de-grand-champ","status":"publish","type":"post","link":"https:\/\/www.europesays.com\/fr\/640087\/","title":{"rendered":"Matt\u00e9o Garnier vainqueur sur le cyclo-cross de Grand-Champ"},"content":{"rendered":"<p>Cyclo-cross de Grand-Champ<\/p>\n<p>Disput\u00e9e autour de l\u2019Espace 2000 de Grand-Champ, l\u2019\u00e9preuve a souri au soci\u00e9taire du VC Pays de Loud\u00e9ac Matt\u00e9o Garnier. Parti d\u00e8s le premier tour, le Mayennais s\u2019est impos\u00e9 \u00e0 l\u2019issue d\u2019un cavalier seul.<\/p>\n<p>C\u00f4t\u00e9 f\u00e9minin, Camille Basset (VC Pays de Loud\u00e9ac) a devanc\u00e9 Aliz\u00e9e Rigaux (Team Sprint Energy) et Lana Le Guilloux (OC Locmin\u00e9).<\/p>\n<p><strong class=\"tech\">Masculins<\/strong><\/p>\n<p>U23 + S\u00e9niors : 1. Matt\u00e9o Garnier (Team VCP Loud\u00e9ac CX) ; 2. V. Dr\u00e9ano (VC Pays de Lorient) ; 3. M. St\u00e9vant (VC Pays de Loud\u00e9ac) ; 4. M. V\u00e9zie (VC Pays de Loud\u00e9ac) ; 5. C. Alleno (VC Dinannais) ; 6. E. Gaillard (Noyal Chatillon Formation, 1er U19) ; 7. C. Loridan (Morlaix Cyclisme Performance) ; 8. D. Le Fur (VC Pays de Lorient) ; 9. Y. Batteux (CC Ch\u00e2teugiron) ; 10. A. Guillo (EC Qu\u00e9venoise).<\/p>\n<p><strong class=\"tech\">F\u00e9minines<\/strong><\/p>\n<p>17 ans et + : 1. Camille Basset (VC Pays de Loud\u00e9ac) ; 2. A. Rigaux (Team Sprint Energy) ; 3. L. Le Guilloux (OC Locmin\u00e9).<\/p>\n","protected":false},"excerpt":{"rendered":"Cyclo-cross de Grand-Champ Disput\u00e9e autour de l\u2019Espace 2000 de Grand-Champ, l\u2019\u00e9preuve a souri au soci\u00e9taire du VC Pays&hellip;\n","protected":false},"author":2,"featured_media":640088,"comment_status":"","ping_status":"","sticky":false,"template":"","format":"standard","meta":{"footnotes":""},"categories":[1411],"tags":[1154,207,6159,59294,1011,27,2885,60],"class_list":{"0":"post-640087","1":"post","2":"type-post","3":"status-publish","4":"format-standard","5":"has-post-thumbnail","7":"category-cyclisme","8":"tag-cycling","9":"tag-cyclisme","10":"tag-cyclisme-amateurs","11":"tag-cyclo-cross","12":"tag-fr","13":"tag-france","14":"tag-loudeac","15":"tag-sports"},"share_on_mastodon":{"url":"https:\/\/pubeurope.com\/@fr\/115836184406892898","error":""},"_links":{"self":[{"href":"https:\/\/www.europesays.com\/fr\/wp-json\/wp\/v2\/posts\/640087","targetHints":{"allow":["GET"]}}],"collection":[{"href":"https:\/\/www.europesays.com\/fr\/wp-json\/wp\/v2\/posts"}],"about":[{"href":"https:\/\/www.europesays.com\/fr\/wp-json\/wp\/v2\/types\/post"}],"author":[{"embeddable":true,"href":"https:\/\/www.europesays.com\/fr\/wp-json\/wp\/v2\/users\/2"}],"replies":[{"embeddable":true,"href":"https:\/\/www.europesays.com\/fr\/wp-json\/wp\/v2\/comments?post=640087"}],"version-history":[{"count":0,"href":"https:\/\/www.europesays.com\/fr\/wp-json\/wp\/v2\/posts\/640087\/revisions"}],"wp:featuredmedia":[{"embeddable":true,"href":"https:\/\/www.europesays.com\/fr\/wp-json\/wp\/v2\/media\/640088"}],"wp:attachment":[{"href":"https:\/\/www.europesays.com\/fr\/wp-json\/wp\/v2\/media?parent=640087"}],"wp:term":[{"taxonomy":"category","embeddable":true,"href":"https:\/\/www.europesays.com\/fr\/wp-json\/wp\/v2\/categories?post=640087"},{"taxonomy":"post_tag","embeddable":true,"href":"https:\/\/www.europesays.com\/fr\/wp-json\/wp\/v2\/tags?post=640087"}],"curies":[{"name":"wp","href":"https:\/\/api.w.org\/{rel}","templated":true}]}}