{"id":640093,"date":"2026-01-04T09:46:14","date_gmt":"2026-01-04T09:46:14","guid":{"rendered":"https:\/\/www.europesays.com\/fr\/640093\/"},"modified":"2026-01-04T09:46:14","modified_gmt":"2026-01-04T09:46:14","slug":"michel-silve-sculpte-a-98-pour-le-plaisir-dans-son-atelier-de-seyne-les-alpes","status":"publish","type":"post","link":"https:\/\/www.europesays.com\/fr\/640093\/","title":{"rendered":"Michel Silve sculpte \u00e0 98% pour le plaisir dans son atelier de Seyne-les-Alpes"},"content":{"rendered":"<p>Michel Silve est revenu en France apr\u00e8s plus de 40\u00a0ans pass\u00e9s tr\u00e8s loin. 22\u00a0ans en Afrique et le reste en Chine, dans les Balkans ou les Pays de l\u2019Est. Une existence passionnante que le sculpteur d\u00e9taille dans quatre ouvrages qu\u2019il a \u00e9crits et publi\u00e9s.<\/p>\n<p>Outre la moto, passion d\u00e9vorante qu\u2019il pratique assid\u00fbment sans rater une \u00e9dition du Tourist trophy sur l\u2019\u00eele de Man, son hobby a toujours \u00e9t\u00e9 la sculpture\u00a0: \u00ab\u00a0\u00c9tudiant, je sculptais dans les ports, surtout de l\u2019olivier, assis sur le quai pour pouvoir balancer les copeaux \u00e0 la mer, c\u2019est ainsi que j\u2019ai vendu une statue au maire d\u2019<a href=\"https:\/\/www.laprovence.com\/article\/region\/4318855527308914\/affaires-de-famille-immersion-chez-les-rahman-ou-le-karate-est-pratique-de-mere-en-fille\" target=\"_blank\" rel=\"noopener\">Amsterdam<\/a>.\u00a0\u00bb<\/p>\n<p>L\u2019artiste a aussi sculpt\u00e9 en Afrique\u00a0: \u00ab\u00a0Quand je m\u2019occupais de routes au fin fond de la Haute-Guin\u00e9e-Conakry, j\u2019avais \u00e9t\u00e9 contact\u00e9 par des missionnaires pour sculpter le dossier du tr\u00f4ne de l\u2019\u00e9v\u00eaque de Kankan.\u00a0\u00bb Au Gabon, il n\u2019avait pas d\u2019\u00e9tabli mais, le bois ne manquant pas (acajou, okoum\u00e9) et il s\u2019\u00e9tait mis au bas-relief\u00a0: Michel Silve a ainsi donn\u00e9 un Christ \u00e0 la grande \u00e9glise de Seyne et d\u00e9cor\u00e9 le fronton de <a href=\"https:\/\/www.laprovence.com\/article\/edition-alpes\/4074746\/pour-que-revive-la-chapelle-oubliee-de-charcheriyes.html\" target=\"_blank\" rel=\"noopener\">Notre-Dame des Neiges \u00e0 Charcherie<\/a>.<\/p>\n<p>Un art premier \u00ab\u00a0tr\u00e8s pratiqu\u00e9 autrefois\u00a0\u00bb<\/p>\n<p>\u00ab\u00a0Je sculpte essentiellement par passion, plut\u00f4t l\u2019hiver car l\u2019\u00e9t\u00e9 je pr\u00e9f\u00e8re <a href=\"https:\/\/www.laprovence.com\/article\/tourisme\/5609748\/que-faire-a-la-montagne-en-ete-quand-on-nest-pas-vraiment-sportif.html\" target=\"_blank\" rel=\"noopener\">promener en montagne<\/a> ou \u00e0 moto. Ici, c&#8230;<\/p>\n","protected":false},"excerpt":{"rendered":"Michel Silve est revenu en France apr\u00e8s plus de 40\u00a0ans pass\u00e9s tr\u00e8s loin. 22\u00a0ans en Afrique et le&hellip;\n","protected":false},"author":2,"featured_media":640094,"comment_status":"","ping_status":"","sticky":false,"template":"","format":"standard","meta":{"footnotes":""},"categories":[1358],"tags":[5734,9923,1348,1384,1385,1446,1386,58,59,1011,27,3103,9666,471,74670,74669,104],"class_list":{"0":"post-640093","1":"post","2":"type-post","3":"status-publish","4":"format-standard","5":"has-post-thumbnail","7":"category-arts-et-design","8":"tag-5734","9":"tag-9923","10":"tag-arts","11":"tag-arts-and-design","12":"tag-arts-et-design","13":"tag-dans","14":"tag-design","15":"tag-divertissement","16":"tag-entertainment","17":"tag-fr","18":"tag-france","19":"tag-michel","20":"tag-plaisir","21":"tag-pour","22":"tag-sculpte","23":"tag-silve","24":"tag-societe"},"share_on_mastodon":{"url":"","error":""},"_links":{"self":[{"href":"https:\/\/www.europesays.com\/fr\/wp-json\/wp\/v2\/posts\/640093","targetHints":{"allow":["GET"]}}],"collection":[{"href":"https:\/\/www.europesays.com\/fr\/wp-json\/wp\/v2\/posts"}],"about":[{"href":"https:\/\/www.europesays.com\/fr\/wp-json\/wp\/v2\/types\/post"}],"author":[{"embeddable":true,"href":"https:\/\/www.europesays.com\/fr\/wp-json\/wp\/v2\/users\/2"}],"replies":[{"embeddable":true,"href":"https:\/\/www.europesays.com\/fr\/wp-json\/wp\/v2\/comments?post=640093"}],"version-history":[{"count":0,"href":"https:\/\/www.europesays.com\/fr\/wp-json\/wp\/v2\/posts\/640093\/revisions"}],"wp:featuredmedia":[{"embeddable":true,"href":"https:\/\/www.europesays.com\/fr\/wp-json\/wp\/v2\/media\/640094"}],"wp:attachment":[{"href":"https:\/\/www.europesays.com\/fr\/wp-json\/wp\/v2\/media?parent=640093"}],"wp:term":[{"taxonomy":"category","embeddable":true,"href":"https:\/\/www.europesays.com\/fr\/wp-json\/wp\/v2\/categories?post=640093"},{"taxonomy":"post_tag","embeddable":true,"href":"https:\/\/www.europesays.com\/fr\/wp-json\/wp\/v2\/tags?post=640093"}],"curies":[{"name":"wp","href":"https:\/\/api.w.org\/{rel}","templated":true}]}}