{"id":640095,"date":"2026-01-04T09:48:08","date_gmt":"2026-01-04T09:48:08","guid":{"rendered":"https:\/\/www.europesays.com\/fr\/640095\/"},"modified":"2026-01-04T09:48:08","modified_gmt":"2026-01-04T09:48:08","slug":"loup-et-anouk-face-a-leur-pire-cauchemar-quelquun-sait-tout-ici-tout-commence-7-janvier-2026-episode-1345-resume-complet-itc-nouveautes-tele-com","status":"publish","type":"post","link":"https:\/\/www.europesays.com\/fr\/640095\/","title":{"rendered":"Loup et Anouk face \u00e0 leur pire cauchemar : quelqu&#039;un sait tout &#8211; Ici tout commence 7 janvier 2026 (\u00e9pisode 1345 &#8211; r\u00e9sum\u00e9 complet ITC) &#8211; Nouveaut\u00e9s-T\u00e9l\u00e9.com"},"content":{"rendered":"<ol>\n<li><a href=\"https:\/\/news.google.com\/rss\/articles\/CBMi_AFBVV95cUxNNElrYXNTczRlYXhKZHNDZDBzOHNTV1FnOHJxTWRHRWlfcTJOSXNnaG9GYkd0Rm9FYnlXaFRrY2dGYURmZko5SWYxYWZBc19EMC0tV3lkQk9pWmdqekZqWi10b1ZsNjJoSkRYb3dVRUVGRUZLNDZXMVN6NjA0dVc5R000TlpjeVJFV1lWa2oxR0pCOHltLU4tdjRWUUMxMTV4Yi1oYmIwOU1yS2hJWmMxWmg5ZkJ2ZnhpM0RZNk9Fd2RKQnVBd1VVTExKWldJX1I2VUc4bE83RVNtSzJma0pqZzVBZEx6Ny10dFBTUmJTWndCZ1dGQ2c5WE1WSzE?oc=5\" target=\"_blank\" rel=\"noopener\">Loup et Anouk face \u00e0 leur pire cauchemar : quelqu&rsquo;un sait tout &#8211; Ici tout commence 7 janvier 2026 (\u00e9pisode 1345 &#8211; r\u00e9sum\u00e9 complet ITC)<\/a>&nbsp;&nbsp;Nouveaut\u00e9s-T\u00e9l\u00e9.com<\/li>\n<li><a href=\"https:\/\/news.google.com\/rss\/articles\/CBMifkFVX3lxTFBGamNLajJ6andmZmtGZVdpNldTbE80YnNMRWxwSkVtXzZUMjV5b2VRUVBTVVlvS25xdU9HQWZVMTh4M1p0cmM2VmlGNWRNcjdiaFdVclkwZnhFNUhpS0QwTjY0ajZfQkVQbkx5RUJCYjI2SmdvRHg1M3p5NmNFUQ?oc=5\" target=\"_blank\" rel=\"noopener\">Ici tout commence : ce qui vous attend dans l&rsquo;\u00e9pisodes 1343 du lundi 5 janvier 2026 [SPOILERS]<\/a>&nbsp;&nbsp;AlloCin\u00e9<\/li>\n<li><a href=\"https:\/\/news.google.com\/rss\/articles\/CBMi-AFBVV95cUxPTWM4TTZJWF9GVkJRZWZiamNlOTBldk04a25KNTVnM0J4bzNNcHU3UUxYVmx4VFBzeU1RWl8yUFdtVlNDVWE3WHZXV2dzdW91bVNFcXRIZlRxMnRTU2ZxNVZnMF9mVXZXQ3dZZnhfWk1oS3Y0eks1QzdxWmpOOVo4eVJxUlo4SWhpZWJfenEtbDktVnhnUlRfekxRZ0dhVWdOaWZTM3VwZUFYT2hqMFVIQmZSYWk2MjlBMjBzakpTV0pPcHhTVHBxa3ZZMlByenpKa0RPNk0tOEZJdjNWMEFaMm12ejc3aERreWtTWDU5WnE3UTVWckc2NA?oc=5\" target=\"_blank\" rel=\"noopener\">Ici tout commence : Jos\u00e9phine et Loup sur le point de rompre d\u00e9finitivement ?<\/a>&nbsp;&nbsp;Divertissements : Orange<\/li>\n<li><a href=\"https:\/\/news.google.com\/rss\/articles\/CBMi7gFBVV95cUxPYXY4ZF83X19SQm16WlZ1YnhTMU5tb1o1MnZReWo5QTd1UnlqUGk3WGYyMFBIb2NnNlg4LVJ2MVZjajM2dC1XaVVBV2NwREk1SHVpcmFlckVRUHFvNjdhNE9GOWNwamxUaGxvNk12aUxDX2NVb1VVMTFhREtzbGIwd1lERzdhVVJ3WWJpV2l2NmhFZjlOUTlzcTN5UUxpLXdiWlR3TzVjRlJMdDNMOUlpc1pnR3lVYVo1eU5qWkVPejVzQVh2ZnAzUEtLYmtuUFlRRUgzTUlYT0NHMnJOZVhkVGI5XzFFVjlwcnZ0TVJn?oc=5\" target=\"_blank\" rel=\"noopener\">Ici tout commence en avance : le 5 janvier, Lionel d\u00e9barque avec &#8230;<\/a>&nbsp;&nbsp;T\u00e9l\u00e9 Star<\/li>\n<li><a href=\"https:\/\/news.google.com\/rss\/articles\/CBMi6AFBVV95cUxPZEtIcnFGcDV2S0EydW1xdjIzaHNBQU5NMmdxM3BaMXZOajZpUTRGWHBIcGxEOG1rUG1JTjg3SHpSU0d5NGJNVDNFbl91T3R3d3BDczlIR18xQmYyT2tOaG1vMUw3Q19xMk5TUGhteGdVMjRPelZNY0xyMnc1d0hKVUFscS1kYTZlVVlfelJ6amFfMlpZejQydFY1WVdoYnpGSVAtakFjOEhqV3p6Q3FuLXBzM2lST2llcWxwWkZMRlJqQ3Bud2JUUVJLRlBoRlVhUWdaRjR1cE5CSFA1eFJRV1Z6TmJ0ZEk0?oc=5\" target=\"_blank\" rel=\"noopener\">Ici tout commence : Loup et Anouk commettent l\u2019irr\u00e9parable\u2026 Les moments forts des \u00e9pisodes du 5 au 9 janvier 2026<\/a>&nbsp;&nbsp;Toutelatele<\/li>\n<\/ol>\n","protected":false},"excerpt":{"rendered":"Loup et Anouk face \u00e0 leur pire cauchemar : quelqu&rsquo;un sait tout &#8211; Ici tout commence 7 janvier&hellip;\n","protected":false},"author":2,"featured_media":395849,"comment_status":"","ping_status":"","sticky":false,"template":"","format":"standard","meta":{"footnotes":""},"categories":[1356],"tags":[58,59,1011,27,252,1364],"class_list":{"0":"post-640095","1":"post","2":"type-post","3":"status-publish","4":"format-standard","5":"has-post-thumbnail","7":"category-television","8":"tag-divertissement","9":"tag-entertainment","10":"tag-fr","11":"tag-france","12":"tag-television","13":"tag-tv"},"share_on_mastodon":{"url":"https:\/\/pubeurope.com\/@fr\/115836204060087409","error":""},"_links":{"self":[{"href":"https:\/\/www.europesays.com\/fr\/wp-json\/wp\/v2\/posts\/640095","targetHints":{"allow":["GET"]}}],"collection":[{"href":"https:\/\/www.europesays.com\/fr\/wp-json\/wp\/v2\/posts"}],"about":[{"href":"https:\/\/www.europesays.com\/fr\/wp-json\/wp\/v2\/types\/post"}],"author":[{"embeddable":true,"href":"https:\/\/www.europesays.com\/fr\/wp-json\/wp\/v2\/users\/2"}],"replies":[{"embeddable":true,"href":"https:\/\/www.europesays.com\/fr\/wp-json\/wp\/v2\/comments?post=640095"}],"version-history":[{"count":0,"href":"https:\/\/www.europesays.com\/fr\/wp-json\/wp\/v2\/posts\/640095\/revisions"}],"wp:featuredmedia":[{"embeddable":true,"href":"https:\/\/www.europesays.com\/fr\/wp-json\/wp\/v2\/media\/395849"}],"wp:attachment":[{"href":"https:\/\/www.europesays.com\/fr\/wp-json\/wp\/v2\/media?parent=640095"}],"wp:term":[{"taxonomy":"category","embeddable":true,"href":"https:\/\/www.europesays.com\/fr\/wp-json\/wp\/v2\/categories?post=640095"},{"taxonomy":"post_tag","embeddable":true,"href":"https:\/\/www.europesays.com\/fr\/wp-json\/wp\/v2\/tags?post=640095"}],"curies":[{"name":"wp","href":"https:\/\/api.w.org\/{rel}","templated":true}]}}