{"id":640096,"date":"2026-01-04T09:49:12","date_gmt":"2026-01-04T09:49:12","guid":{"rendered":"https:\/\/www.europesays.com\/fr\/640096\/"},"modified":"2026-01-04T09:49:12","modified_gmt":"2026-01-04T09:49:12","slug":"les-infos-avalines-du-4-janvier-2026","status":"publish","type":"post","link":"https:\/\/www.europesays.com\/fr\/640096\/","title":{"rendered":"Les infos avalines du 4 janvier 2026"},"content":{"rendered":"<p>On vous en parlait il y a quelques jours, Colette Boson nous a quitt\u00e9s cette semaine \u00e0 l&rsquo;\u00e2ge de 81 ans (notre photo). La c\u00e9r\u00e9monie civile d&rsquo;adieu de Colette Boson se tiendra \u00e0 la salle fun\u00e9raire PF PECH \u00e0 Ugine demain \u00e0 14h30. Elle reposera au cimeti\u00e8re d&rsquo;Allondaz aupr\u00e8s d&rsquo;Albert Boson, son cher guide emport\u00e9 par une avalanche \u00e0 Val d&rsquo;Is\u00e8re en 1985. La famille remercie les pens\u00e9es pour Colette Boson.<\/p>\n<p>Pour cette nouvelle ann\u00e9e, et \u00e0 deux mois des \u00e9lections municipales, le maire annoncera ses v\u0153ux 2026 mardi soir. Patrick Martin appelle \u00e0 la bienveillance et au savoir-vivre ensemble. Le maire actuel n&rsquo;a pas encore officiellement annonc\u00e9 sa candidature pour les prochaines \u00e9lections municipales qui se tiendront les 15 et 22 mars. Les v\u0153ux du maire auront lieu mardi \u00e0 19h dans la salle du Conseil \u00e0 la Maison Marcel Charvin.\u00a0<\/p>\n<p>Comme chaque ann\u00e9e, la commune met en place un dispositif sp\u00e9cifique pour la collecte des sapins de No\u00ebl naturels jusqu&rsquo;au 3 f\u00e9vrier afin de favoriser leur valorisation et d\u2019\u00e9viter les d\u00e9p\u00f4ts sauvages. Pour les particuliers, les habitants sont invit\u00e9s \u00e0 d\u00e9poser leurs sapins de No\u00ebl sans d\u00e9coration, sans sac et sans neige artificielle et uniquement dans les neuf points de collectes pr\u00e9vus \u00e0 cet effet. Pour les professionnels, un service particulier leur est exclusivement propos\u00e9. Certaines conditions sont \u00e0 respecter comme un minimum de 5 sapins, un enl\u00e8vement possible au pied de l&rsquo;\u00e9tablissement pour une collecte effectu\u00e9e seulement les mardis et les vendredis. La collecte des sapins pour les particuliers se fait sur rendez-vous aupr\u00e8s du service Cadre de Vie de la commune. Il devra indiquer le jour souhait\u00e9 tandis que le service communiquera l&rsquo;heure de passage. \u00c0 noter que tout d\u00e9p\u00f4t effectu\u00e9 en dehors des emplacements d\u00e9di\u00e9s sera consid\u00e9r\u00e9 comme un d\u00e9p\u00f4t sauvage et sera donc sanctionn\u00e9. La commune souligne le respect des consignes afin de garantir une collecte efficace ainsi que d&rsquo;un cadre de vie agr\u00e9able pour tous.\u00a0<\/p>\n<p>Apr\u00e8s trois ans d&rsquo;absence, le train de nuit fait son retour dans nos montagnes. Le premier train-couchette Paris-Bourg-Saint-Maurice a d\u00e9j\u00e0 r\u00e9alis\u00e9 ses premiers trajets depuis les vacances de No\u00ebl. Disposant de 660 couchettes r\u00e9parties en cabine de six unit\u00e9s dans onze voitures voyageurs, le Travel Ski Night Express de la Compagnie des Alpes partira tous les vendredis soir de Paris Gare de Lyon pour desservir les gares de Mo\u00fbtiers, Aime La Plagne et son terminus Bourg-Saint-Maurice le samedi en d\u00e9but de matin\u00e9e et jusqu&rsquo;au 20 mars. Ce train de nuit est propos\u00e9 en aller simple, en aller-retour ou bien en packages complets comprenant l&rsquo;h\u00e9bergement, le forfait de ski ainsi que la location du mat\u00e9riel. D\u00e9velopp\u00e9 en partenariat avec Pegasus Trains, une entreprise ferroviaire fran\u00e7aise, le Travelski Night Express offre une solution de d\u00e9placement d\u00e9carbon\u00e9e avec une r\u00e9duction de l&#8217;empreinte carbone du tourisme et r\u00e9pond \u00e9galement \u00e0 une forte demande des consommateurs pour voyager en train. \u00c0 bord de l&rsquo;exp\u00e9rience, les voyageurs d\u00e9couvriront des am\u00e9nagements pour leur confort ainsi que d&rsquo;un service restauration, d&rsquo;un espace d\u00e9di\u00e9 exclusivement aux femmes et la privatisation \u00e0 la cabine pour les familles qui privil\u00e9gient un \u00ab slow travel \u00bb.<\/p>\n","protected":false},"excerpt":{"rendered":"On vous en parlait il y a quelques jours, Colette Boson nous a quitt\u00e9s cette semaine \u00e0 l&rsquo;\u00e2ge&hellip;\n","protected":false},"author":2,"featured_media":579565,"comment_status":"","ping_status":"","sticky":false,"template":"","format":"standard","meta":{"footnotes":""},"categories":[1355],"tags":[58,59,1011,27,1361,873],"class_list":{"0":"post-640096","1":"post","2":"type-post","3":"status-publish","4":"format-standard","5":"has-post-thumbnail","7":"category-musique","8":"tag-divertissement","9":"tag-entertainment","10":"tag-fr","11":"tag-france","12":"tag-music","13":"tag-musique"},"share_on_mastodon":{"url":"https:\/\/pubeurope.com\/@fr\/115836208427549828","error":""},"_links":{"self":[{"href":"https:\/\/www.europesays.com\/fr\/wp-json\/wp\/v2\/posts\/640096","targetHints":{"allow":["GET"]}}],"collection":[{"href":"https:\/\/www.europesays.com\/fr\/wp-json\/wp\/v2\/posts"}],"about":[{"href":"https:\/\/www.europesays.com\/fr\/wp-json\/wp\/v2\/types\/post"}],"author":[{"embeddable":true,"href":"https:\/\/www.europesays.com\/fr\/wp-json\/wp\/v2\/users\/2"}],"replies":[{"embeddable":true,"href":"https:\/\/www.europesays.com\/fr\/wp-json\/wp\/v2\/comments?post=640096"}],"version-history":[{"count":0,"href":"https:\/\/www.europesays.com\/fr\/wp-json\/wp\/v2\/posts\/640096\/revisions"}],"wp:featuredmedia":[{"embeddable":true,"href":"https:\/\/www.europesays.com\/fr\/wp-json\/wp\/v2\/media\/579565"}],"wp:attachment":[{"href":"https:\/\/www.europesays.com\/fr\/wp-json\/wp\/v2\/media?parent=640096"}],"wp:term":[{"taxonomy":"category","embeddable":true,"href":"https:\/\/www.europesays.com\/fr\/wp-json\/wp\/v2\/categories?post=640096"},{"taxonomy":"post_tag","embeddable":true,"href":"https:\/\/www.europesays.com\/fr\/wp-json\/wp\/v2\/tags?post=640096"}],"curies":[{"name":"wp","href":"https:\/\/api.w.org\/{rel}","templated":true}]}}