{"id":640115,"date":"2026-01-04T10:01:20","date_gmt":"2026-01-04T10:01:20","guid":{"rendered":"https:\/\/www.europesays.com\/fr\/640115\/"},"modified":"2026-01-04T10:01:20","modified_gmt":"2026-01-04T10:01:20","slug":"la-saison-de-la-galette-est-lancee-a-chaligny","status":"publish","type":"post","link":"https:\/\/www.europesays.com\/fr\/640115\/","title":{"rendered":"la saison de la galette est lanc\u00e9e \u00e0 Chaligny"},"content":{"rendered":"<p>Ce sont les premi\u00e8res qui s\u2019\u00e9coulent. Mais dans la boulangerie de Chaligny, ce sont aussi les derni\u00e8res galettes avant longtemps. <a href=\"https:\/\/www.estrepublicain.fr\/economie\/2025\/12\/19\/le-boulanger-anthony-coeplet-sur-un-podium-avant-la-fermeture\" target=\"_blank\" rel=\"noopener\">Le lieu ne survivra pas \u00e0 l\u2019ann\u00e9e 2026<\/a>.<\/p>\n<p>Et pourtant, elles ont du succ\u00e8s, ces galettes. Tout comme la boulangerie d\u2019ailleurs, qu\u2019Anthony Co\u00ebplet a cr\u00e9\u00e9e en 2021 dans ce b\u00e2timent o\u00f9, \u00ab\u00a0de m\u00e9moire d\u2019hommes\u00a0\u00bb, on a toujours fait du pain.<\/p>\n<p>Anthony, lui, en a fait son fournil en 2021, sous l\u2019enseigne&#8230;<\/p>\n","protected":false},"excerpt":{"rendered":"Ce sont les premi\u00e8res qui s\u2019\u00e9coulent. Mais dans la boulangerie de Chaligny, ce sont aussi les derni\u00e8res galettes&hellip;\n","protected":false},"author":2,"featured_media":640116,"comment_status":"","ping_status":"","sticky":false,"template":"","format":"standard","meta":{"footnotes":""},"categories":[9635],"tags":[1111,11,1477,9848,23797,4406,33,1704,1777,674,1011,27,775,6016,3457,1702,12,25,4604],"class_list":{"0":"post-640115","1":"post","2":"type-post","3":"status-publish","4":"format-standard","5":"has-post-thumbnail","7":"category-nancy","8":"tag-actu","9":"tag-actualites","10":"tag-artisanat","11":"tag-cc-moselle-et-madon-54b","12":"tag-chaligny","13":"tag-commerce-et-services","14":"tag-economie","15":"tag-edition-nancy-et-agglomeration","16":"tag-eu","17":"tag-europe","18":"tag-fr","19":"tag-france","20":"tag-grand-est","21":"tag-magazine-cuisine-et-vins","22":"tag-meurthe-et-moselle","23":"tag-nancy","24":"tag-news","25":"tag-republique-francaise","26":"tag-selection-abonne"},"share_on_mastodon":{"url":"https:\/\/pubeurope.com\/@fr\/115836255176390482","error":""},"_links":{"self":[{"href":"https:\/\/www.europesays.com\/fr\/wp-json\/wp\/v2\/posts\/640115","targetHints":{"allow":["GET"]}}],"collection":[{"href":"https:\/\/www.europesays.com\/fr\/wp-json\/wp\/v2\/posts"}],"about":[{"href":"https:\/\/www.europesays.com\/fr\/wp-json\/wp\/v2\/types\/post"}],"author":[{"embeddable":true,"href":"https:\/\/www.europesays.com\/fr\/wp-json\/wp\/v2\/users\/2"}],"replies":[{"embeddable":true,"href":"https:\/\/www.europesays.com\/fr\/wp-json\/wp\/v2\/comments?post=640115"}],"version-history":[{"count":0,"href":"https:\/\/www.europesays.com\/fr\/wp-json\/wp\/v2\/posts\/640115\/revisions"}],"wp:featuredmedia":[{"embeddable":true,"href":"https:\/\/www.europesays.com\/fr\/wp-json\/wp\/v2\/media\/640116"}],"wp:attachment":[{"href":"https:\/\/www.europesays.com\/fr\/wp-json\/wp\/v2\/media?parent=640115"}],"wp:term":[{"taxonomy":"category","embeddable":true,"href":"https:\/\/www.europesays.com\/fr\/wp-json\/wp\/v2\/categories?post=640115"},{"taxonomy":"post_tag","embeddable":true,"href":"https:\/\/www.europesays.com\/fr\/wp-json\/wp\/v2\/tags?post=640115"}],"curies":[{"name":"wp","href":"https:\/\/api.w.org\/{rel}","templated":true}]}}