{"id":640117,"date":"2026-01-04T10:02:46","date_gmt":"2026-01-04T10:02:46","guid":{"rendered":"https:\/\/www.europesays.com\/fr\/640117\/"},"modified":"2026-01-04T10:02:46","modified_gmt":"2026-01-04T10:02:46","slug":"wilfried-nancy-perd-son-premier-old-firm-scottish-premiership-j21-celtic-rangers-1-3","status":"publish","type":"post","link":"https:\/\/www.europesays.com\/fr\/640117\/","title":{"rendered":"Wilfried Nancy perd son premier Old Firm &#8211; Scottish Premiership &#8211; J21 &#8211; Celtic-Rangers (1-3)"},"content":{"rendered":"<p>Glasgow, ton univers impitoyable.<\/p>\n<p>Toujours dans le dur avec le Celtic, Wilfried Nancy a subi sa<strong> sixi\u00e8me d\u00e9faite en huit matchs<\/strong> depuis son arriv\u00e9e en \u00c9cosse. Et celle-ci est d\u2019autant plus douloureuse qu\u2019elle est intervenue lors du Old Firm ce samedi (1-3). Yang Hyun-jun avait pourtant ouvert le score pour les Bhoys (19e), mais <strong>les Rangers ont tout renvers\u00e9 en deuxi\u00e8me p\u00e9riode<\/strong> gr\u00e2ce \u00e0 Youssef Chermiti (50e, 59e) et Mikey Moore (71e).<\/p>\n<p>R\u00e9sultat : le leader <strong>Heart of Midlothian aura l\u2019occasion de prendre six points d\u2019avance<\/strong> s\u2019il bat Livingston. Les Rangers font quant \u00e0 eux coup double puisqu\u2019ils prolongent la crise du Celtic et reviennent \u00e0 \u00e9galit\u00e9 avec leur meilleur ennemi au classement.<\/p>\n<p>\u00ab\u202fJe vois beaucoup de bonnes choses, c\u2019est pour \u00e7a que la frustration est l\u00e0. Nous m\u00e9ritons mieux, estimait Nancy \u00e0 la fin du match au micro de Sky Sports. Nous devons rester solidaires.\u202f\u00bb Les supporters, eux, en ont marre : plusieurs dizaines d\u2019entre eux sont rest\u00e9s devant le stade pour manifester leur <strong>col\u00e8re \u00e0 l\u2019\u00e9gard de la direction<\/strong> du club.<\/p>\n<p>Courage, Wilfried.<\/p>\n<p>\t\t\t\t\t\t\t\t\t\t<a class=\"lien-connexe\" href=\"https:\/\/www.sofoot.com\/breves\/tony-bloom-proprietaire-de-brighton-investit-dans-le-club-ecossais-heart-of-midlothian\" target=\"_blank\" rel=\"noopener\">En \u00c9cosse, un club pr\u00eat \u00e0 concurrencer le Celtic et les Rangers<\/a>\t\t\t\t\t<\/p>\n","protected":false},"excerpt":{"rendered":"Glasgow, ton univers impitoyable. Toujours dans le dur avec le Celtic, Wilfried Nancy a subi sa sixi\u00e8me d\u00e9faite&hellip;\n","protected":false},"author":2,"featured_media":640118,"comment_status":"","ping_status":"","sticky":false,"template":"","format":"standard","meta":{"footnotes":""},"categories":[9635],"tags":[1111,47,11,61,69,65,64,1777,674,63,1011,27,775,68,66,1702,12,62,70,25,67],"class_list":{"0":"post-640117","1":"post","2":"type-post","3":"status-publish","4":"format-standard","5":"has-post-thumbnail","7":"category-nancy","8":"tag-actu","9":"tag-actualite","10":"tag-actualites","11":"tag-actus-football","12":"tag-bundesliga","13":"tag-championnats-europeens","14":"tag-equipe-de-france","15":"tag-eu","16":"tag-europe","17":"tag-football","18":"tag-fr","19":"tag-france","20":"tag-grand-est","21":"tag-ligua","22":"tag-ligue-1","23":"tag-nancy","24":"tag-news","25":"tag-news-foot","26":"tag-premier-league","27":"tag-republique-francaise","28":"tag-serie-a"},"share_on_mastodon":{"url":"https:\/\/pubeurope.com\/@fr\/115836259058668981","error":""},"_links":{"self":[{"href":"https:\/\/www.europesays.com\/fr\/wp-json\/wp\/v2\/posts\/640117","targetHints":{"allow":["GET"]}}],"collection":[{"href":"https:\/\/www.europesays.com\/fr\/wp-json\/wp\/v2\/posts"}],"about":[{"href":"https:\/\/www.europesays.com\/fr\/wp-json\/wp\/v2\/types\/post"}],"author":[{"embeddable":true,"href":"https:\/\/www.europesays.com\/fr\/wp-json\/wp\/v2\/users\/2"}],"replies":[{"embeddable":true,"href":"https:\/\/www.europesays.com\/fr\/wp-json\/wp\/v2\/comments?post=640117"}],"version-history":[{"count":0,"href":"https:\/\/www.europesays.com\/fr\/wp-json\/wp\/v2\/posts\/640117\/revisions"}],"wp:featuredmedia":[{"embeddable":true,"href":"https:\/\/www.europesays.com\/fr\/wp-json\/wp\/v2\/media\/640118"}],"wp:attachment":[{"href":"https:\/\/www.europesays.com\/fr\/wp-json\/wp\/v2\/media?parent=640117"}],"wp:term":[{"taxonomy":"category","embeddable":true,"href":"https:\/\/www.europesays.com\/fr\/wp-json\/wp\/v2\/categories?post=640117"},{"taxonomy":"post_tag","embeddable":true,"href":"https:\/\/www.europesays.com\/fr\/wp-json\/wp\/v2\/tags?post=640117"}],"curies":[{"name":"wp","href":"https:\/\/api.w.org\/{rel}","templated":true}]}}