{"id":640121,"date":"2026-01-04T10:05:14","date_gmt":"2026-01-04T10:05:14","guid":{"rendered":"https:\/\/www.europesays.com\/fr\/640121\/"},"modified":"2026-01-04T10:05:14","modified_gmt":"2026-01-04T10:05:14","slug":"prenons-soin-de-celles-qui-fournissent-lenergie-aux-cellules-de-notre-corps","status":"publish","type":"post","link":"https:\/\/www.europesays.com\/fr\/640121\/","title":{"rendered":"prenons soin de celles qui fournissent l&rsquo;\u00e9nergie aux cellules de notre corps"},"content":{"rendered":"<p><strong>Que sont les mitochondries\u00a0?<\/strong>&#13;\n<\/p>\n<p>Ce sont de petites unit\u00e9s que l\u2019on peut comparer \u00e0 de petites soucoupes volantes. Elles sont dans la cellule et vont lui donner de l\u2019\u00e9nergie exploitable. <a href=\"https:\/\/www.laprovence.com\/article\/femina-provence\/6946454\/la-dependance-a-legard-des-energies-fossiles-compromet-la-sante-des-humains-selon-une-etude.html\" target=\"_blank\" rel=\"noopener\">C\u2019est un peu comme pour le p\u00e9trole<\/a>\u00a0: si vous mettez du p\u00e9trole brut dans votre voiture, cela ne fonctionne pas. Il faut qu\u2019il soit transform\u00e9 soit en diesel, soit en essence pour \u00eatre utilis\u00e9. L\u00e0, c\u2019est la m\u00eame chose\u00a0: les diff\u00e9rents nutriments de notre alimentation vont se d\u00e9grader et \u00eatre transform\u00e9s au niveau de la mitochondrie en \u00e9nergie utilisable qu\u2019on appelle l\u2019ATP (l\u2019ad\u00e9nosine triphosphate). S\u2019il n\u2019y avait pas ces mitochondries pour fournir cette ATP, tout serait extr\u00eamement compliqu\u00e9. Par exemple, si vous alliez faire vos courses, <a href=\"https:\/\/www.laprovence.com\/article\/sante\/720504350245314\/les-aliments-reputes-anti-fatigue-mythe-ou-realite\" target=\"_blank\" rel=\"noopener\">vous seriez imm\u00e9diatement compl\u00e8tement essouffl\u00e9<\/a>. C\u2019est un \u00e9l\u00e9ment essentiel de la cellule.<\/p>\n<p><strong>Si leur r\u00f4le est essentiel, pourquoi en entend-on aussi peu parler\u00a0?<\/strong>&#13;\n<\/p>\n<p>Il y a \u00e9norm\u00e9ment de <a href=\"https:\/\/www.laprovence.com\/article\/region\/94726573404347\/a-marseille-la-scientifique-rejane-rua-reve-de-faire-avancer-la-recherche-contre-alzheimer\" target=\"_blank\" rel=\"noopener\">recherches scientifiques<\/a> actuellement qui cherchent \u00e0 mieux comprendre les mitochondries. Mais, historiquement, sur le plan m\u00e9dical, c\u2019est quelque chose que l\u2019on comprend depuis tr\u00e8s peu de temps. Plus la <a href=\"https:\/\/www.laprovence.com\/article\/sante\/23970651131881\/cellules-souches-les-incroyables-espoirs-de-la-medecine-regenerative\" target=\"_blank\" rel=\"noopener\">recherche<\/a> avance et plus on mesure le r\u00f4le qu\u2019elles peuvent avoir. Les mitochondries&#8230;<\/p>\n","protected":false},"excerpt":{"rendered":"Que sont les mitochondries\u00a0?&#13; Ce sont de petites unit\u00e9s que l\u2019on peut comparer \u00e0 de petites soucoupes volantes.&hellip;\n","protected":false},"author":2,"featured_media":640122,"comment_status":"","ping_status":"","sticky":false,"template":"","format":"standard","meta":{"footnotes":""},"categories":[9599],"tags":[5734,1111,11,1777,674,74674,1011,27,26374,64179,2208,12,852,2680,74673,3583,25,71,35749],"class_list":{"0":"post-640121","1":"post","2":"type-post","3":"status-publish","4":"format-standard","5":"has-post-thumbnail","7":"category-montpellier","8":"tag-5734","9":"tag-actu","10":"tag-actualites","11":"tag-eu","12":"tag-europe","13":"tag-fournissent","14":"tag-fr","15":"tag-france","16":"tag-lenergie","17":"tag-mitochondries","18":"tag-montpellier","19":"tag-news","20":"tag-nos","21":"tag-occitanie","22":"tag-prenons","23":"tag-qui","24":"tag-republique-francaise","25":"tag-sante","26":"tag-soin"},"share_on_mastodon":{"url":"https:\/\/pubeurope.com\/@fr\/115836270888283459","error":""},"_links":{"self":[{"href":"https:\/\/www.europesays.com\/fr\/wp-json\/wp\/v2\/posts\/640121","targetHints":{"allow":["GET"]}}],"collection":[{"href":"https:\/\/www.europesays.com\/fr\/wp-json\/wp\/v2\/posts"}],"about":[{"href":"https:\/\/www.europesays.com\/fr\/wp-json\/wp\/v2\/types\/post"}],"author":[{"embeddable":true,"href":"https:\/\/www.europesays.com\/fr\/wp-json\/wp\/v2\/users\/2"}],"replies":[{"embeddable":true,"href":"https:\/\/www.europesays.com\/fr\/wp-json\/wp\/v2\/comments?post=640121"}],"version-history":[{"count":0,"href":"https:\/\/www.europesays.com\/fr\/wp-json\/wp\/v2\/posts\/640121\/revisions"}],"wp:featuredmedia":[{"embeddable":true,"href":"https:\/\/www.europesays.com\/fr\/wp-json\/wp\/v2\/media\/640122"}],"wp:attachment":[{"href":"https:\/\/www.europesays.com\/fr\/wp-json\/wp\/v2\/media?parent=640121"}],"wp:term":[{"taxonomy":"category","embeddable":true,"href":"https:\/\/www.europesays.com\/fr\/wp-json\/wp\/v2\/categories?post=640121"},{"taxonomy":"post_tag","embeddable":true,"href":"https:\/\/www.europesays.com\/fr\/wp-json\/wp\/v2\/tags?post=640121"}],"curies":[{"name":"wp","href":"https:\/\/api.w.org\/{rel}","templated":true}]}}