{"id":640125,"date":"2026-01-04T10:08:12","date_gmt":"2026-01-04T10:08:12","guid":{"rendered":"https:\/\/www.europesays.com\/fr\/640125\/"},"modified":"2026-01-04T10:08:12","modified_gmt":"2026-01-04T10:08:12","slug":"4padel-lance-sa-saison-des-p1000-a-rouen-quevilly-du-9-au-11-janvier","status":"publish","type":"post","link":"https:\/\/www.europesays.com\/fr\/640125\/","title":{"rendered":"4PADEL lance sa saison des P1000 \u00e0 Rouen Quevilly du 9 au 11 janvier"},"content":{"rendered":"<p>Le circuit P1000 reprend ses droits d\u00e8s le d\u00e9but de l\u2019ann\u00e9e avec un premier rendez-vous \u00e0 <strong>4PADEL Rouen Quevilly<\/strong>, du <strong>vendredi 9 au dimanche 11 janvier<\/strong>.<br \/>Les <strong>qualifications se d\u00e9rouleront le vendredi<\/strong>, avant le <strong>lancement du tableau principal le samedi<\/strong>. Les <strong>demi-finales et la finale<\/strong> auront lieu le <strong>dimanche<\/strong>.<\/p>\n<p>Le plateau s\u2019annonce particuli\u00e8rement dense, avec de nombreux joueurs issus du <strong>top 100 fran\u00e7ais<\/strong> et <strong>deux membres du top 20<\/strong>.<\/p>\n<p>Forcin \/ Marie, favoris logiques<\/p>\n<p>Parmi les t\u00eates d\u2019affiche, <strong>Max Forcin<\/strong>, partenaire de <strong>Benjamin Tison<\/strong>, sera pr\u00e9sent. Le joueur entame une saison importante, avec notamment en ligne de mire le <strong>FIP Silver de Caen<\/strong>, disput\u00e9 \u00e0 domicile, o\u00f9 il esp\u00e8re faire mieux que la <strong>demi-finale atteinte l\u2019an pass\u00e9<\/strong>.<\/p>\n<p>\u00c0 ses c\u00f4t\u00e9s, <strong>Jules Marie<\/strong>, actuellement <strong>80e joueur fran\u00e7ais<\/strong>, mais <strong>13e au classement national<\/strong>, vise clairement une entr\u00e9e dans le <strong>top 50<\/strong>. On note que Jules Marie se teste de plus en plus r\u00e9guli\u00e8rement <strong>\u00e0 droite<\/strong>, un poste qu\u2019il expliquait ne pas privil\u00e9gier initialement. Les derniers tournois montrent toutefois une adaptation progressive et un r\u00e9el gain d\u2019aisance dans ce r\u00f4le.<br \/>Associ\u00e9s sur ce tournoi, <strong>Forcin \/ Marie<\/strong> feront figure de <strong>grands favoris<\/strong>.<\/p>\n<p>Les Perez Le Tiec en t\u00eate de s\u00e9rie n\u00b02<\/p>\n<p>Autre membre du top 20 engag\u00e9, <strong>Pierre Perez Le Tiec<\/strong>, <strong>17e joueur fran\u00e7ais<\/strong>, poursuit son objectif de franchir un nouveau cap cette saison. Il sera associ\u00e9 \u00e0 son fr\u00e8re <strong>Guilhem Perez Le Tiec<\/strong>, moins bien class\u00e9 mais solide et exp\u00e9riment\u00e9.<br \/>Ils occuperont la <strong>t\u00eate de s\u00e9rie n\u00b02<\/strong>.<\/p>\n<p>Un tableau relev\u00e9 et ouvert<\/p>\n<p>La <strong>t\u00eate de s\u00e9rie n\u00b03<\/strong> sera compos\u00e9e de <strong>Thomas Brechemier et Gautier Boutel<\/strong>, tandis que <strong>Eliot Deknuydt et Adrien Dandois<\/strong> formeront la <strong>t\u00eate de s\u00e9rie n\u00b04<\/strong>. Deux paires capables de bousculer la hi\u00e9rarchie et de jouer les trouble-f\u00eates face aux favoris.<\/p>\n<p>Derri\u00e8re, la densit\u00e9 reste importante avec plusieurs paires du <strong>top 100 fran\u00e7ais<\/strong>, notamment :<\/p>\n<ul class=\"wp-block-list\">\n<li><strong>Sami Iznasni \/ Alexandre Boilevin<\/strong> (t\u00eate de s\u00e9rie n\u00b05),<\/li>\n<li><strong>Baptiste Fabre \/ Yannouk Henrion<\/strong> (t\u00eate de s\u00e9rie n\u00b06).<\/li>\n<\/ul>\n<p>Attention \u00e9galement \u00e0 la <strong>t\u00eate de s\u00e9rie n\u00b07<\/strong>, <strong>Mathieu Paumard \/ Marc Durieux<\/strong>, deux joueurs r\u00e9put\u00e9s dangereux, d\u00e9j\u00e0 capables par le pass\u00e9 de faire tomber des paires mieux class\u00e9es.<\/p>\n<p>Enfin, on retrouvera <strong>Tom Houzeaux<\/strong>, remarqu\u00e9 r\u00e9cemment pour l\u2019un des points marquants en 2025 lors <strong>P2000 UrbanPadel Carquefou<\/strong>, associ\u00e9 cette fois \u00e0 <strong>Ma\u00ebl Desfoug\u00e8res<\/strong>.<\/p>\n<p>Diffusion en direct sur Padel Mag TV<\/p>\n<p>\u00c0 noter que <strong>tous les matchs \u00e0 partir des quarts de finale<\/strong> seront <strong>retransmis en direct sur Padel Mag TV<\/strong>, avec <strong>Greg Tapin aux commentaires<\/strong>, comme \u00e0 l\u2019accoutum\u00e9e.<\/p>\n<p><img loading=\"lazy\" decoding=\"async\" data-del=\"avatar\" alt=\"Franck Binisti\" src=\"https:\/\/www.europesays.com\/fr\/wp-content\/uploads\/2025\/04\/Franck-Binisti-Padel-100x100.jpg\" class=\"avatar pp-user-avatar avatar-100 photo \" height=\"100\" width=\"100\"\/><\/p>\n<p>Franck Binisti d\u00e9couvre le padel au Club des Pyramides en 2009 en r\u00e9gion parisienne. Depuis, le padel fait partie de sa vie. Vous le voyez souvent faire le tour de France en allant couvrir les grands \u00e9v\u00e9nements de padel fran\u00e7ais.<\/p>\n<p class=\"related-title\">Sur le m\u00eame sujet<\/p>\n","protected":false},"excerpt":{"rendered":"Le circuit P1000 reprend ses droits d\u00e8s le d\u00e9but de l\u2019ann\u00e9e avec un premier rendez-vous \u00e0 4PADEL Rouen&hellip;\n","protected":false},"author":2,"featured_media":640126,"comment_status":"","ping_status":"","sticky":false,"template":"","format":"standard","meta":{"footnotes":""},"categories":[9587],"tags":[74675,1111,11,1777,674,1011,27,12,5161,15168,25,9590],"class_list":{"0":"post-640125","1":"post","2":"type-post","3":"status-publish","4":"format-standard","5":"has-post-thumbnail","7":"category-rouen","8":"tag-4padel-rouen","9":"tag-actu","10":"tag-actualites","11":"tag-eu","12":"tag-europe","13":"tag-fr","14":"tag-france","15":"tag-news","16":"tag-normandie","17":"tag-p1000","18":"tag-republique-francaise","19":"tag-rouen"},"share_on_mastodon":{"url":"https:\/\/pubeurope.com\/@fr\/115836282701938046","error":""},"_links":{"self":[{"href":"https:\/\/www.europesays.com\/fr\/wp-json\/wp\/v2\/posts\/640125","targetHints":{"allow":["GET"]}}],"collection":[{"href":"https:\/\/www.europesays.com\/fr\/wp-json\/wp\/v2\/posts"}],"about":[{"href":"https:\/\/www.europesays.com\/fr\/wp-json\/wp\/v2\/types\/post"}],"author":[{"embeddable":true,"href":"https:\/\/www.europesays.com\/fr\/wp-json\/wp\/v2\/users\/2"}],"replies":[{"embeddable":true,"href":"https:\/\/www.europesays.com\/fr\/wp-json\/wp\/v2\/comments?post=640125"}],"version-history":[{"count":0,"href":"https:\/\/www.europesays.com\/fr\/wp-json\/wp\/v2\/posts\/640125\/revisions"}],"wp:featuredmedia":[{"embeddable":true,"href":"https:\/\/www.europesays.com\/fr\/wp-json\/wp\/v2\/media\/640126"}],"wp:attachment":[{"href":"https:\/\/www.europesays.com\/fr\/wp-json\/wp\/v2\/media?parent=640125"}],"wp:term":[{"taxonomy":"category","embeddable":true,"href":"https:\/\/www.europesays.com\/fr\/wp-json\/wp\/v2\/categories?post=640125"},{"taxonomy":"post_tag","embeddable":true,"href":"https:\/\/www.europesays.com\/fr\/wp-json\/wp\/v2\/tags?post=640125"}],"curies":[{"name":"wp","href":"https:\/\/api.w.org\/{rel}","templated":true}]}}