{"id":640143,"date":"2026-01-04T10:21:10","date_gmt":"2026-01-04T10:21:10","guid":{"rendered":"https:\/\/www.europesays.com\/fr\/640143\/"},"modified":"2026-01-04T10:21:10","modified_gmt":"2026-01-04T10:21:10","slug":"la-prefecture-de-la-gironde-active-le-plan-grand-froid-avec-louverture-dun-nouveau-centre-dhebergement-durgence","status":"publish","type":"post","link":"https:\/\/www.europesays.com\/fr\/640143\/","title":{"rendered":"La pr\u00e9fecture de la Gironde active le plan Grand Froid avec l&rsquo;ouverture d&rsquo;un nouveau centre d&rsquo;h\u00e9bergement d&rsquo;urgence"},"content":{"rendered":"<p>En raison de la persistance de temp\u00e9ratures n\u00e9gatives durant la nuit, le pr\u00e9fet de la Gironde a d\u00e9cid\u00e9 d\u2019activer le plan Grand Froid et de renforcer, \u00e0 ce titre, le dispositif d\u2019accueil et d\u2019h\u00e9bergement d\u2019urgence sur l\u2019agglom\u00e9ration bordelaise.<\/p>\n<p>Il a encore fait jusqu&rsquo;\u00e0 -4 dans la nuit de samedi \u00e0 dimanche en Gironde. Face aux temp\u00e9ratures n\u00e9gatives qui s&rsquo;encha\u00eenent et qui vont se poursuivre, le\u00a0plan Grand Froid a \u00e9t\u00e9 activ\u00e9 par la pr\u00e9fecture de la Gironde.<\/p>\n<p>Dans ce cadre, <strong>un nouveau site d\u2019accueil de nuit et de mise \u00e0 l\u2019abri des personnes les plus vuln\u00e9rables a ouvert d\u00e8s samedi soir<\/strong> dans\u00a0l\u2019agglom\u00e9ration bordelaise. Il est accessible via le 115 ou les associations.<\/p>\n<p><strong>Ce nouveau dispositif peut accueillir jusqu\u2019\u00e0 50 personnes, avec un accueil assur\u00e9 de 19h30 \u00e0 9h00.<\/strong> Les personnes accueillies peuvent b\u00e9n\u00e9ficier d\u2019une mise \u00e0 l\u2019abri, dans des conditions adapt\u00e9es, et les chiens y sont accept\u00e9s, afin de lever les freins \u00e0 l\u2019acc\u00e8s \u00e0 l\u2019h\u00e9bergement.<\/p>\n","protected":false},"excerpt":{"rendered":"En raison de la persistance de temp\u00e9ratures n\u00e9gatives durant la nuit, le pr\u00e9fet de la Gironde a d\u00e9cid\u00e9&hellip;\n","protected":false},"author":2,"featured_media":640144,"comment_status":"","ping_status":"","sticky":false,"template":"","format":"standard","meta":{"footnotes":""},"categories":[2817],"tags":[1111,11,1997,1777,674,1011,27,12,2219,25],"class_list":{"0":"post-640143","1":"post","2":"type-post","3":"status-publish","4":"format-standard","5":"has-post-thumbnail","7":"category-bordeaux","8":"tag-actu","9":"tag-actualites","10":"tag-bordeaux","11":"tag-eu","12":"tag-europe","13":"tag-fr","14":"tag-france","15":"tag-news","16":"tag-nouvelle-aquitaine","17":"tag-republique-francaise"},"share_on_mastodon":{"url":"https:\/\/pubeurope.com\/@fr\/115836333833769706","error":""},"_links":{"self":[{"href":"https:\/\/www.europesays.com\/fr\/wp-json\/wp\/v2\/posts\/640143","targetHints":{"allow":["GET"]}}],"collection":[{"href":"https:\/\/www.europesays.com\/fr\/wp-json\/wp\/v2\/posts"}],"about":[{"href":"https:\/\/www.europesays.com\/fr\/wp-json\/wp\/v2\/types\/post"}],"author":[{"embeddable":true,"href":"https:\/\/www.europesays.com\/fr\/wp-json\/wp\/v2\/users\/2"}],"replies":[{"embeddable":true,"href":"https:\/\/www.europesays.com\/fr\/wp-json\/wp\/v2\/comments?post=640143"}],"version-history":[{"count":0,"href":"https:\/\/www.europesays.com\/fr\/wp-json\/wp\/v2\/posts\/640143\/revisions"}],"wp:featuredmedia":[{"embeddable":true,"href":"https:\/\/www.europesays.com\/fr\/wp-json\/wp\/v2\/media\/640144"}],"wp:attachment":[{"href":"https:\/\/www.europesays.com\/fr\/wp-json\/wp\/v2\/media?parent=640143"}],"wp:term":[{"taxonomy":"category","embeddable":true,"href":"https:\/\/www.europesays.com\/fr\/wp-json\/wp\/v2\/categories?post=640143"},{"taxonomy":"post_tag","embeddable":true,"href":"https:\/\/www.europesays.com\/fr\/wp-json\/wp\/v2\/tags?post=640143"}],"curies":[{"name":"wp","href":"https:\/\/api.w.org\/{rel}","templated":true}]}}