{"id":640145,"date":"2026-01-04T10:22:11","date_gmt":"2026-01-04T10:22:11","guid":{"rendered":"https:\/\/www.europesays.com\/fr\/640145\/"},"modified":"2026-01-04T10:22:11","modified_gmt":"2026-01-04T10:22:11","slug":"lalbigeois-pierre-carayon-prime-a-toulouse-pour-sardou-sans-tabou-un-livre-en-slam-salue-par-lacademie","status":"publish","type":"post","link":"https:\/\/www.europesays.com\/fr\/640145\/","title":{"rendered":"L\u2019Albigeois Pierre Carayon prim\u00e9 \u00e0 Toulouse pour \u00ab\u00a0Sardou sans tabou\u00a0\u00bb, un livre en slam salu\u00e9 par l\u2019Acad\u00e9mie"},"content":{"rendered":"<p>\n                                                                    l&rsquo;essentiel<br \/>\n                                                                L\u2019Acad\u00e9mie du Livre de Toulouse r\u00e9compense Pierre Carayon pour \u00ab\u00a0Sardou sans tabou\u00a0\u00bb. Une cons\u00e9cration pour l\u2019\u00e9crivain albigeois, reconnu pour son style en slam et sa po\u00e9sie engag\u00e9e.\n                            <\/p>\n<p>Pierre Carayon vient d\u2019\u00eatre prim\u00e9 par la prestigieuse Acad\u00e9mie du Livre de Toulouse pour son livre \u00ab\u00a0Sardou sans tabou\u00a0\u00bb. Le jury lui a d\u00e9cern\u00e9 le prix de l\u2019Acad\u00e9mie Concours 2025 \u00e0 la m\u00e9diath\u00e8que Jos\u00e9 Cabanis. Cette distinction marque une nouvelle cons\u00e9cration pour l\u2019\u00e9crivain albigeois, auteur d\u2019un douzi\u00e8me ouvrage \u00e9crit en slam, un style original que cultive avec bonheur l\u2019\u00e9crivain.<\/p>\n<p class=\"std-elt__inline\">\n        <strong>\u00c0 lire aussi :<\/strong><br \/>\n        <a href=\"https:\/\/www.ladepeche.fr\/2025\/01\/29\/pierre-carayon-presente-sardou-sans-tabou-12477040.php\" target=\"_blank\" rel=\"noopener\">Pierre Carayon pr\u00e9sente \u00ab\u00a0Sardou sans tabou\u00a0\u00bb<\/a>\n    <\/p>\n<p>\u00ab\u00a0Pour quelqu\u2019un qui n\u2019\u00e9tait pas du s\u00e9rail, jamais je ne pensais arriver \u00e0 toucher un public et \u00eatre reconnu par l\u2019Acad\u00e9mie du Livre de Toulouse, confie Pierre Carayon. Je suis heureux de voir que mes \u00e9crits \u00e0 la retraite rencontrent du succ\u00e8s \u2013 car Pierre Carayon \u00e9tait aubergiste en Aveyron, il aime tant entendre ce mot\u2026 Je d\u00e9die ce prix \u00e0 ma famille\u00a0\u00bb.<\/p>\n<p>Bient\u00f4t un livre sur Bardot<\/p>\n<p>L\u2019originalit\u00e9 de l\u2019auteur, d\u00e9sormais albigeois, r\u00e9side dans son go\u00fbt affirm\u00e9 pour l\u2019\u00e9criture en slam, une po\u00e9sie toute en phrases rim\u00e9es. C\u2019est fluide, vivant, flirtant avec l\u2019humour et toujours teint\u00e9 de profondes amiti\u00e9s. Dans l\u2019ensemble de son \u0153uvre, se dessine un discret fil d\u2019Ariane tissant des mots d\u2019une profonde intensit\u00e9. C\u2019est l\u2019amour pour Canou, son \u00e9pouse, celle qui l\u2019a toujours soutenu \u00e0 ses c\u00f4t\u00e9s. La patte d\u2019un homme sinc\u00e8re, p\u00e9tri par la vie, le travail et le sens des choses vraies.<\/p>\n<p>        <img decoding=\"async\" class=\"std-img__img responsive-img\" src=\"https:\/\/www.europesays.com\/fr\/wp-content\/uploads\/2026\/01\/1767522131_272_image.jpg\" alt=\"Pierre Carayon chez lui \u00e0 Albi.\"\/><\/p>\n<p>                Pierre Carayon chez lui \u00e0 Albi.<br \/>\n                                    DR<\/p>\n<p>Pierre Carayon publiera prochainement son treizi\u00e8me ouvrage, \u00ab\u00a0Brigitte Bardot, l\u2019amour des animaux en cadeau\u00a0\u00bb. Ses livres sont en vente dans toutes les librairies.<\/p>\n","protected":false},"excerpt":{"rendered":"l&rsquo;essentiel L\u2019Acad\u00e9mie du Livre de Toulouse r\u00e9compense Pierre Carayon pour \u00ab\u00a0Sardou sans tabou\u00a0\u00bb. Une cons\u00e9cration pour l\u2019\u00e9crivain albigeois,&hellip;\n","protected":false},"author":2,"featured_media":640146,"comment_status":"","ping_status":"","sticky":false,"template":"","format":"standard","meta":{"footnotes":""},"categories":[2816],"tags":[1111,11,7296,872,1777,674,1011,27,2624,12,2680,25,8412,2312],"class_list":{"0":"post-640145","1":"post","2":"type-post","3":"status-publish","4":"format-standard","5":"has-post-thumbnail","7":"category-toulouse","8":"tag-actu","9":"tag-actualites","10":"tag-albi","11":"tag-culture-et-loisirs","12":"tag-eu","13":"tag-europe","14":"tag-fr","15":"tag-france","16":"tag-littu00e9rature","17":"tag-news","18":"tag-occitanie","19":"tag-republique-francaise","20":"tag-tarn","21":"tag-toulouse"},"share_on_mastodon":{"url":"https:\/\/pubeurope.com\/@fr\/115836337883262354","error":""},"_links":{"self":[{"href":"https:\/\/www.europesays.com\/fr\/wp-json\/wp\/v2\/posts\/640145","targetHints":{"allow":["GET"]}}],"collection":[{"href":"https:\/\/www.europesays.com\/fr\/wp-json\/wp\/v2\/posts"}],"about":[{"href":"https:\/\/www.europesays.com\/fr\/wp-json\/wp\/v2\/types\/post"}],"author":[{"embeddable":true,"href":"https:\/\/www.europesays.com\/fr\/wp-json\/wp\/v2\/users\/2"}],"replies":[{"embeddable":true,"href":"https:\/\/www.europesays.com\/fr\/wp-json\/wp\/v2\/comments?post=640145"}],"version-history":[{"count":0,"href":"https:\/\/www.europesays.com\/fr\/wp-json\/wp\/v2\/posts\/640145\/revisions"}],"wp:featuredmedia":[{"embeddable":true,"href":"https:\/\/www.europesays.com\/fr\/wp-json\/wp\/v2\/media\/640146"}],"wp:attachment":[{"href":"https:\/\/www.europesays.com\/fr\/wp-json\/wp\/v2\/media?parent=640145"}],"wp:term":[{"taxonomy":"category","embeddable":true,"href":"https:\/\/www.europesays.com\/fr\/wp-json\/wp\/v2\/categories?post=640145"},{"taxonomy":"post_tag","embeddable":true,"href":"https:\/\/www.europesays.com\/fr\/wp-json\/wp\/v2\/tags?post=640145"}],"curies":[{"name":"wp","href":"https:\/\/api.w.org\/{rel}","templated":true}]}}