{"id":640148,"date":"2026-01-04T10:24:19","date_gmt":"2026-01-04T10:24:19","guid":{"rendered":"https:\/\/www.europesays.com\/fr\/640148\/"},"modified":"2026-01-04T10:24:19","modified_gmt":"2026-01-04T10:24:19","slug":"musees-gratuits-experiences-vr-expos-que-faire-ce-dimanche-4-janvier-a-lille-et-autour","status":"publish","type":"post","link":"https:\/\/www.europesays.com\/fr\/640148\/","title":{"rendered":"Mus\u00e9es gratuits, exp\u00e9riences VR, expos\u2026 Que faire ce dimanche 4 janvier \u00e0 Lille et autour\u00a0?"},"content":{"rendered":"<p>                    Par<br \/>\n        <strong><br \/>\n            <a href=\"https:\/\/actu.fr\/auteur\/amandine-vachez\" title=\"Consulter tous les articles de Amandine Vachez\" target=\"_blank\" rel=\"noopener\">Amandine Vachez<\/a><br \/>\n                    <\/strong><\/p>\n<p>        Publi\u00e9 le<\/p>\n<p>            3 janv. 2026 \u00e0 16h30        <\/p>\n<p>Que vous vouliez faire une simple balade ou profiter d\u2019une activit\u00e9 plus originale, voici quelques <b>suggestions de sorties<\/b>, pour le<b> dimanche 4\u00a0janvier 2026<\/b> \u00e0 <a href=\"https:\/\/actu.fr\/lille\" target=\"_blank\" rel=\"noopener\">Lille<\/a> (Nord) et \u00e0 proximit\u00e9. De quoi profiter pleinement de ce dernier jour des <a href=\"https:\/\/actu.fr\/tag\/vacances-scolaires\" target=\"_blank\" rel=\"noopener\">vacances scolaires<\/a>. Attention, jusqu\u2019\u00e0 midi, le <b>Nord <\/b>est en <a href=\"https:\/\/actu.fr\/hauts-de-france\/lille_59350\/neige-a-lille-le-nord-en-vigilance-jaune-le-service-de-bus-perturbe-dans-la-metropole-ce-samedi_63646946.html\" target=\"_blank\" rel=\"noopener\">vigilance neige et verglas<\/a>.<\/p>\n<p>Nos id\u00e9es de sorties<\/p>\n<ul class=\" wall-content\">\n<li><a href=\"https:\/\/actu.fr\/hauts-de-france\/lille_59350\/bon-plan-les-musees-gratuits-a-lille-le-premier-dimanche-du-mois_60915664.html\" target=\"_blank\" rel=\"noopener\">Bon plan. Les mus\u00e9es gratuits \u00e0 Lille le premier dimanche du mois<\/a><\/li>\n<\/ul>\n<p class=\" wall-content\">Beaucoup le savent d\u00e9j\u00e0\u2009: les mus\u00e9es sont gratuits, le premier dimanche du mois. Voici les \u00e9tablissements concern\u00e9s \u00e0 Lille.<\/p>\n<ul class=\" wall-content\">\n<li><a href=\"https:\/\/actu.fr\/hauts-de-france\/lille_59350\/decouvrez-en-images-leblouissante-expo-lego-the-art-of-the-brick-tout-juste-arrivee-a-lille_63558290.html\" target=\"_blank\" rel=\"noopener\">D\u00e9couvrez en images l\u2019\u00e9blouissante expo LEGO\u00ae \u00ab\u2009The Art of the Brick\u2009\u00bb<\/a><\/li>\n<\/ul>\n<p class=\" wall-content\">\u00c9merveillement\u2009: s\u2019il ne fallait retenir qu\u2019un sentiment, ce serait celui-l\u00e0. L\u2019expo LEGO\u00ae \u00ab\u2009The Art of the Brick\u2009\u00bb vient d\u2019arriver \u00e0 Lille, \u00e0 Euratech, apr\u00e8s un tour du monde.<\/p>\n<ul class=\" wall-content\">\n<li><a href=\"https:\/\/actu.fr\/hauts-de-france\/lille_59350\/geants-mode-expo-lego-creations-audiovisuelles-ces-expos-encore-visibles-debut-2026-a-lille_63629864.html\" target=\"_blank\" rel=\"noopener\">G\u00e9ants, mode, cr\u00e9ations audiovisuelles\u2026 Ces expos encore visibles d\u00e9but 2026 \u00e0 Lille<\/a><\/li>\n<\/ul>\n<p class=\" wall-content\">Envie de profiter des prochains jours pour visiter une exposition\u2009? Dans la m\u00e9tropole de Lille (Nord), plusieurs installations temporaires sont \u00e0 voir jusqu\u2019en d\u00e9but d\u2019ann\u00e9e 2026.<\/p>\n<ul class=\" wall-content\">\n<li><a href=\"https:\/\/actu.fr\/hauts-de-france\/lille_59350\/12-idees-de-balades-a-lille-et-dans-ses-alentours-pour-ce-mercredi-1er-janvier-2025_62062027.html\" target=\"_blank\" rel=\"noopener\">12 id\u00e9es de balades \u00e0 Lille et dans ses alentours pour profiter de l\u2019air frais<\/a><\/li>\n<\/ul>\n<p>Votre r\u00e9gion, votre actu !<\/p>\n<p>Recevez chaque jour les infos qui comptent pour vous.<\/p>\n<p>\t<a href=\"https:\/\/actu.fr\/newsletter\" class=\"ac-btn ac-btn--corner ac-btn--medium ac-btn--blue800\" target=\"_blank\" rel=\"noopener\">S&rsquo;incrire<\/a><\/p>\n<p class=\" wall-content\">Et si vous profitiez de ce premier dimanche de l\u2019ann\u00e9e pour faire une belle balade\u2009? Voici 12 id\u00e9es de sorties \u00e0 Lille et dans ses alentours.<\/p>\n<ul class=\" wall-content\">\n<li><a href=\"https:\/\/actu.fr\/hauts-de-france\/lille_59350\/lille-quatre-parcours-immersifs-et-decors-de-cinema-sur-1200-m%C2%B2-devenez-le-heros-dune-aventure-fantastique_63492821.html\" target=\"_blank\" rel=\"noopener\">Quatre parcours immersifs et d\u00e9cors de cin\u00e9ma sur 1\u2009200 m\u00b2 : devenez le h\u00e9ros d\u2019une aventure fantastique<\/a><\/li>\n<\/ul>\n<p class=\" wall-content\">Inside Game transforme 1\u2009200 m\u00b2 du centre commercial Lillenium en univers fantastiques o\u00f9 les visiteurs, guid\u00e9s par des com\u00e9diens, vivent une aventure grandeur nature\u2026<\/p>\n<ul class=\" wall-content\">\n<li><a href=\"https:\/\/actu.fr\/hauts-de-france\/lille_59350\/cest-quoi-escapad-ce-concept-inedit-de-sport-urbain-qui-ouvre-au-centre-westfield-euralille_63393265.html\" target=\"_blank\" rel=\"noopener\">C\u2019est quoi Escapad, ce concept in\u00e9dit de sport urbain qui vient d\u2019ouvrir au centre Westfield Euralille\u2009?<\/a><\/li>\n<\/ul>\n<p class=\" wall-content\">Padel, escalade, resto et ambiance d\u00e9tendue\u2009: le concept Escapad vient de d\u00e9barquer \u00e0 Westfield Euralille et r\u00e9invente la fa\u00e7on de bouger, manger et se retrouver en ville.<\/p>\n<ul class=\" wall-content\">\n<li><a href=\"https:\/\/actu.fr\/hauts-de-france\/lille_59350\/a-lille-une-experience-immersive-en-realite-virtuelle-fait-revivre-lepopee-de-napoleon_63593579.html\" target=\"_blank\" rel=\"noopener\">\u00c0 Lille, une exp\u00e9rience immersive en r\u00e9alit\u00e9 virtuelle fait revivre l\u2019\u00e9pop\u00e9e de Napol\u00e9on<\/a><\/li>\n<\/ul>\n<p class=\" wall-content\">Envie de faire un bond dans le pass\u00e9\u2009? Direction le Follow Park des Tanneurs \u00e0 Lille pour revivre l\u2019\u00e9pop\u00e9e de Napol\u00e9on avec la r\u00e9alit\u00e9 virtuelle. Instructif et ludique \u00e0 la fois.<\/p>\n<ul class=\" wall-content\">\n<li><a href=\"https:\/\/actu.fr\/hauts-de-france\/lille_59350\/a-lille-explorez-le-titanic-dans-une-experience-de-realite-virtuelle-inedite_63201188.html\" target=\"_blank\" rel=\"noopener\">\u00c0 Lille, explorez le Titanic dans une exp\u00e9rience de r\u00e9alit\u00e9 virtuelle in\u00e9dite<\/a><\/li>\n<\/ul>\n<p class=\" wall-content\">La VR vous emm\u00e8ne dans\u2026 le Titanic. Le c\u00e9l\u00e8bre paquebot se dresse devant et autour des participants \u00e0 cette exp\u00e9rience propos\u00e9e par Eclipso, d\u00e8s le 17\u00a0octobre 2025 \u00e0 Lille.<\/p>\n<p class=\" wall-content\">Personnalisez votre actualit\u00e9 en ajoutant vos villes et m\u00e9dias en favori avec <a href=\"https:\/\/moncompte.actu.fr\" title=\"D\u00e9couvez Mon Actu\" rel=\"nofollow noopener\" data-trk=\"{&quot;cta&quot;:{&quot;action&quot;:&quot;https:\\\/\\\/moncompte.actu.fr&quot;,&quot;category&quot;:&quot;mon compte&quot;,&quot;from&quot;:&quot;article footer&quot;,&quot;name&quot;:&quot;Mon actu&quot;,&quot;type&quot;:&quot;cta&quot;}}\" target=\"_blank\">Mon Actu<\/a>.<\/p>\n","protected":false},"excerpt":{"rendered":"Par Amandine Vachez Publi\u00e9 le 3 janv. 2026 \u00e0 16h30 Que vous vouliez faire une simple balade ou&hellip;\n","protected":false},"author":2,"featured_media":640149,"comment_status":"","ping_status":"","sticky":false,"template":"","format":"standard","meta":{"footnotes":""},"categories":[2815],"tags":[1111,11,1777,674,1011,27,811,1307,1652,12,25],"class_list":{"0":"post-640148","1":"post","2":"type-post","3":"status-publish","4":"format-standard","5":"has-post-thumbnail","7":"category-lille","8":"tag-actu","9":"tag-actualites","10":"tag-eu","11":"tag-europe","12":"tag-fr","13":"tag-france","14":"tag-hauts-de-france","15":"tag-lille","16":"tag-loisirs-culture","17":"tag-news","18":"tag-republique-francaise"},"share_on_mastodon":{"url":"https:\/\/pubeurope.com\/@fr\/115836345626575835","error":""},"_links":{"self":[{"href":"https:\/\/www.europesays.com\/fr\/wp-json\/wp\/v2\/posts\/640148","targetHints":{"allow":["GET"]}}],"collection":[{"href":"https:\/\/www.europesays.com\/fr\/wp-json\/wp\/v2\/posts"}],"about":[{"href":"https:\/\/www.europesays.com\/fr\/wp-json\/wp\/v2\/types\/post"}],"author":[{"embeddable":true,"href":"https:\/\/www.europesays.com\/fr\/wp-json\/wp\/v2\/users\/2"}],"replies":[{"embeddable":true,"href":"https:\/\/www.europesays.com\/fr\/wp-json\/wp\/v2\/comments?post=640148"}],"version-history":[{"count":0,"href":"https:\/\/www.europesays.com\/fr\/wp-json\/wp\/v2\/posts\/640148\/revisions"}],"wp:featuredmedia":[{"embeddable":true,"href":"https:\/\/www.europesays.com\/fr\/wp-json\/wp\/v2\/media\/640149"}],"wp:attachment":[{"href":"https:\/\/www.europesays.com\/fr\/wp-json\/wp\/v2\/media?parent=640148"}],"wp:term":[{"taxonomy":"category","embeddable":true,"href":"https:\/\/www.europesays.com\/fr\/wp-json\/wp\/v2\/categories?post=640148"},{"taxonomy":"post_tag","embeddable":true,"href":"https:\/\/www.europesays.com\/fr\/wp-json\/wp\/v2\/tags?post=640148"}],"curies":[{"name":"wp","href":"https:\/\/api.w.org\/{rel}","templated":true}]}}