{"id":640154,"date":"2026-01-04T10:27:27","date_gmt":"2026-01-04T10:27:27","guid":{"rendered":"https:\/\/www.europesays.com\/fr\/640154\/"},"modified":"2026-01-04T10:27:27","modified_gmt":"2026-01-04T10:27:27","slug":"retour-sur-2025-il-faut-que-ca-sarrete-dans-cette-residence-a-marseille-apres-les-amendes-les-saisies-sur-salaire","status":"publish","type":"post","link":"https:\/\/www.europesays.com\/fr\/640154\/","title":{"rendered":"Retour sur 2025 -\u00ab\u00a0Il faut que \u00e7a s&rsquo;arr\u00eate\u00a0\u00bb dans cette r\u00e9sidence \u00e0 Marseille\u00a0: apr\u00e8s les amendes, les saisies sur salaire"},"content":{"rendered":"<p>Dans cette r\u00e9sidence du 14e arrondissement de Marseille les habitants ont \u00e9t\u00e9 verbalis\u00e9s pendant plusieurs ann\u00e9es pour des v\u00e9hicules mal gar\u00e9s. Ils ont port\u00e9 plainte contre deux policiers, eux-m\u00eames r\u00e9sidants, soup\u00e7onn\u00e9s d&rsquo;en \u00eatre les auteurs. Les amendes ont cess\u00e9, pas les saisies sur salaire.<\/p>\n<p>C&rsquo;est une r\u00e9sidence tout ce qu&rsquo;il y a de plus ordinaire dans les quartiers nord de Marseille. Quelques immeubles, quelques parkings, mais pas suffisamment de places de stationnement pour tout le monde. Pour s&rsquo;\u00eatre gar\u00e9s \u00ab\u00a0sans g\u00eaner\u00a0\u00bb sur des emplacements non d\u00e9di\u00e9s, plusieurs habitants ont \u00e9t\u00e9 <strong>verbalis\u00e9s, depuis 2021, parfois des dizaines de fois<\/strong>. Les riverains qui ont fini par porter plainte contre deux policiers, eux m\u00eames r\u00e9sidants, soup\u00e7onn\u00e9s d&rsquo;\u00eatre tour \u00e0 tour \u00e0 l&rsquo;origine de cette pluie de contraventions.<\/p>\n<p>\u00ab\u00a0Tous les mois, 1025 euros de saisie, parfois je n&rsquo;arrive plus \u00e0 remplir le frigo\u00a0\u00bb<\/p>\n<p>Depuis les d\u00e9p\u00f4ts de plainte, les amendes ont cess\u00e9, mais c&rsquo;est loin d&rsquo;\u00eatre le bout du tunnel pour Halima, m\u00e8re c\u00e9libataire actuellement en accident du travail\u00a0: \u00ab\u00a0tous les mois, j&rsquo;ai des saisies sur salaire de 1025 euros. Alors que j&rsquo;ai contest\u00e9 les <strong>amendes \u00e0 135 que ce policier me mettait jusqu&rsquo;\u00e0 5 fois dans la semaine<\/strong>. Parfois je n&rsquo;arrive plus \u00e0 remplir le frigo\u00a0\u00bb. Kamel, son voisin, a \u00e9t\u00e9 verbalis\u00e9 5 fois. Il a d\u00e9j\u00e0 \u00e9t\u00e9 pr\u00e9lev\u00e9 du montant de ses contraventions\u00a0: \u00ab\u00a0le tr\u00e9sor public a ponctionn\u00e9 mon copte d&rsquo;office. Mais moi je conteste ces amendes, elles \u00e9taient dress\u00e9es \u00e0 minuit ou une heure du matin, au sein m\u00eame de la r\u00e9sidence, c&rsquo;est ill\u00e9gal\u00a0\u00bb.<\/p>\n<p>\u00ab\u00a0Verbalis\u00e9e une seule fois, 1.500 euros de frais d&rsquo;huissier\u00a0\u00bb<\/p>\n<p>Ces habitants en appellent d\u00e9sormais au procureur de la r\u00e9publique de Marseille, seul, selon eux, habilit\u00e9 \u00e0 faire cesser le recouvrement de ces contraventions. \u00ab\u00a0Moi je n&rsquo;ai \u00e9t\u00e9 verbalis\u00e9 qu&rsquo;une fois, mais l&rsquo;amende de 135 euros a \u00e9t\u00e9 major\u00e9e \u00e0 475 euros, et ce sont <strong>des huissiers qui ont \u00e9t\u00e9 charg\u00e9s de r\u00e9cup\u00e9rer l&rsquo;argent<\/strong>. Je dois payer en plus 1.500 euros de frais d&rsquo;huissier\u00a0\u00bb proteste Djamila.<\/p>\n<p>Des r\u00e9sidents qui nourrissent un sentiment d&rsquo;injustice et qui entendent porter l&rsquo;affaire devant les tribunaux\u00a0: \u00ab\u00a0I<strong>l faut qu&rsquo;ils soient punis. Nous on est puni tous les jours<\/strong>. On ne se l\u00e8ve pas le matin et on ne travaille pas pour payer des amendes injustes\u00a0\u00bb tonne Halima. \u00ab\u00a0On va aller jusqu&rsquo;au bout. Peut-\u00eatre pas pour obtenir des dommages et int\u00e9r\u00eats mais au moins pour r\u00e9cup\u00e9rer ce que l&rsquo;on a perdu\u00a0\u00bb poursuit Kamel.<\/p>\n<p>Leur voeux pour 2026 : \u00ab\u00a0que \u00e7a s&rsquo;arr\u00eate\u00a0\u00bb<\/p>\n<p>Les victimes esp\u00e8rent maintenant un proc\u00e8s et des sanctions disciplinaires pour les deux policiers qui sont, selon eux, les auteurs des contraventions abusives. Leur voeux pour cette ann\u00e9e 2026 : \u00ab\u00a0Que \u00e7a s&rsquo;arr\u00eate\u00a0!\u00a0 Qu&rsquo;on re\u00e7oive un joli courrier pour nous dire que c&rsquo;est fini, <strong>qu&rsquo;on nous rembourse, et qu&rsquo;on passe \u00e0 autre chose<\/strong>\u00a0\u00bb conclue Djamila.<\/p>\n<p> <img decoding=\"async\" src=\"https:\/\/www.europesays.com\/fr\/wp-content\/uploads\/2026\/01\/1767522447_256_1280.jpeg\" alt=\"illustration agrandir l'image\" style=\"--_image-preview:url('data:image\/jpeg;base64,\/9j\/2wBDACgcHiMeGSgjISMtKygwPGRBPDc3PHtYXUlkkYCZlo+AjIqgtObDoKrarYqMyP\/L2u71\/\/\/\/m8H\/\/\/\/6\/+b9\/\/j\/2wBDASstLTw1PHZBQXb4pYyl+Pj4+Pj4+Pj4+Pj4+Pj4+Pj4+Pj4+Pj4+Pj4+Pj4+Pj4+Pj4+Pj4+Pj4+Pj4+Pj4+Pj\/wAARCAAfACoDASIAAhEBAxEB\/8QAGQAAAgMBAAAAAAAAAAAAAAAAAwQAAQIF\/8QAGBABAQEBAQAAAAAAAAAAAAAAAAIBEhH\/xAAWAQEBAQAAAAAAAAAAAAAAAAABAAL\/xAAWEQEBAQAAAAAAAAAAAAAAAAAAEQH\/2gAMAwEAAhEDEQA\/AJNDTRObFmzmg1lJugZa+zVBfVeh9J0qo582Jlls1vKYJnLX2W6aylUY7X2XymugX\/\/Z');\" loading=\"lazy\" fetchpriority=\"low\" class=\"svelte-1cksh76 rounded\" onload=\"this.__e=event\" onerror=\"this.__e=event\"\/> C&rsquo;est au sein de cette r\u00e9sidence du 14e arrondissement de Marseille que plusieurs habitants auraient re\u00e7u des dizaines de contravention pour stationnement g\u00eanant \u00a9 Radio France &#8211; Fabien LE DU  <\/p>\n","protected":false},"excerpt":{"rendered":"Dans cette r\u00e9sidence du 14e arrondissement de Marseille les habitants ont \u00e9t\u00e9 verbalis\u00e9s pendant plusieurs ann\u00e9es pour des&hellip;\n","protected":false},"author":2,"featured_media":640155,"comment_status":"","ping_status":"","sticky":false,"template":"","format":"standard","meta":{"footnotes":""},"categories":[2814],"tags":[1111,11,1777,674,1011,27,884,12,882,25],"class_list":{"0":"post-640154","1":"post","2":"type-post","3":"status-publish","4":"format-standard","5":"has-post-thumbnail","7":"category-marseille","8":"tag-actu","9":"tag-actualites","10":"tag-eu","11":"tag-europe","12":"tag-fr","13":"tag-france","14":"tag-marseille","15":"tag-news","16":"tag-provence-alpes-cote-dazur","17":"tag-republique-francaise"},"share_on_mastodon":{"url":"https:\/\/pubeurope.com\/@fr\/115836357502360384","error":""},"_links":{"self":[{"href":"https:\/\/www.europesays.com\/fr\/wp-json\/wp\/v2\/posts\/640154","targetHints":{"allow":["GET"]}}],"collection":[{"href":"https:\/\/www.europesays.com\/fr\/wp-json\/wp\/v2\/posts"}],"about":[{"href":"https:\/\/www.europesays.com\/fr\/wp-json\/wp\/v2\/types\/post"}],"author":[{"embeddable":true,"href":"https:\/\/www.europesays.com\/fr\/wp-json\/wp\/v2\/users\/2"}],"replies":[{"embeddable":true,"href":"https:\/\/www.europesays.com\/fr\/wp-json\/wp\/v2\/comments?post=640154"}],"version-history":[{"count":0,"href":"https:\/\/www.europesays.com\/fr\/wp-json\/wp\/v2\/posts\/640154\/revisions"}],"wp:featuredmedia":[{"embeddable":true,"href":"https:\/\/www.europesays.com\/fr\/wp-json\/wp\/v2\/media\/640155"}],"wp:attachment":[{"href":"https:\/\/www.europesays.com\/fr\/wp-json\/wp\/v2\/media?parent=640154"}],"wp:term":[{"taxonomy":"category","embeddable":true,"href":"https:\/\/www.europesays.com\/fr\/wp-json\/wp\/v2\/categories?post=640154"},{"taxonomy":"post_tag","embeddable":true,"href":"https:\/\/www.europesays.com\/fr\/wp-json\/wp\/v2\/tags?post=640154"}],"curies":[{"name":"wp","href":"https:\/\/api.w.org\/{rel}","templated":true}]}}