{"id":640156,"date":"2026-01-04T10:28:10","date_gmt":"2026-01-04T10:28:10","guid":{"rendered":"https:\/\/www.europesays.com\/fr\/640156\/"},"modified":"2026-01-04T10:28:10","modified_gmt":"2026-01-04T10:28:10","slug":"cette-lyonnaise-va-presenter-son-concept-insolite-dantivol-qui-sent-le-cadavre-sur-m6","status":"publish","type":"post","link":"https:\/\/www.europesays.com\/fr\/640156\/","title":{"rendered":"Cette Lyonnaise va pr\u00e9senter son concept insolite d&rsquo;antivol qui sent le cadavre sur M6"},"content":{"rendered":"<p>                    Par<br \/>\n        <strong><br \/>\n            <a href=\"https:\/\/actu.fr\/auteur\/emma-ressegaire\" title=\"Consulter tous les articles de Emma Ressegaire\" target=\"_blank\" rel=\"noopener\">Emma Ressegaire<\/a><br \/>\n                    <\/strong><\/p>\n<p>        Publi\u00e9 le<\/p>\n<p>            4 janv. 2026 \u00e0 6h36        <\/p>\n<p>C\u2019est un <strong>concept pour le moins insolite<\/strong> qu\u2019une Lyonnaise va pr\u00e9senter sur le petit \u00e9cran tr\u00e8s prochainement.<br \/>A\u00efko Leroux, une jeune ing\u00e9nieure chimiste, va pr\u00e9senter <strong>son antivol \u00ab\u00a0qui pue la mort\u00a0\u00bb<\/strong> \u00e0 plusieurs investisseurs lors de la prochaine saison de l\u2019\u00e9mission <a href=\"https:\/\/actu.fr\/auvergne-rhone-alpes\/lyon_69123\/tony-parker-accuse-de-fausses-promesses-dans-une-emission-m6-vole-a-son-secours_62377296.html\" target=\"_blank\" rel=\"noopener\">\u00ab\u00a0Qui veut \u00eatre mon associ\u00e9\u00a0\u00bb,<\/a> diffus\u00e9e sur M6 \u00e0 partir du jeudi 8 janvier \u00e0 21 heures. L\u2019objectif ? R\u00e9cup\u00e9rer des fonds pour poursuivre son d\u00e9veloppement.\u00a0<\/p>\n<p>Une odeur r\u00e9pulsive \u00e0 coup s\u00fbr<\/p>\n<p class=\" wall-content\">C\u2019est en 2023 qu\u2019elle fonde <strong>CactUs Lock<\/strong>, une start-up \u00e0 l\u2019origine de la conception d\u2019antivols de v\u00e9lo \u00e0 l\u2019odeur\u2026 de cadavre. Mais comment cela est-il possible ? Et bien, son verrou vert et jaune en forme de U diffuse une odeur de cadavre en putr\u00e9faction, gr\u00e2ce \u00e0 la lib\u00e9ration d\u2019un gaz appel\u00e9 putrescine, lorsqu\u2019il est coup\u00e9.<\/p>\n<p class=\" wall-content\">L\u2019odeur particuli\u00e8rement forte<strong> s\u2019impr\u00e8gne sur la peau et v\u00eatements<\/strong> pendant plusieurs heures voir jours. De quoi dissuader imm\u00e9diatement les voleurs et de les faire fuir.<\/p>\n<p>D\u00e9j\u00e0 commercialis\u00e9<\/p>\n<p class=\" wall-content\">Cette id\u00e9e, qui peut sembler saugrenue, est n\u00e9e \u00e0 la suite du vol de son deux-roues. \u00ab\u00a0J\u2019ai eu une premi\u00e8re id\u00e9e foireuse. On en cherchait une autre quand je me suis fait voler mon v\u00e9lo \u00e9lectrique\u00a0\u00bb confiait la jeune entrepreneuse \u00e0 actu Lyon, en mars dernier, avant de poursuivre : \u00ab\u00a0Si on n\u2019est pas capables de ralentir la disqueuse, <strong>pourquoi ne pas plut\u00f4t faire fuir la personne qui la tient ?\u00a0\u00bb<\/strong>.<\/p>\n<p class=\" wall-content\">Cet antivol a \u00e9t\u00e9 d\u00e9velopp\u00e9 en partenariat avec des centres de recherche lyonnais. Un dispositif pens\u00e9 pour les v\u00e9los mais aussi pour les motos. Et il est d\u00e9j\u00e0 en vente \u00e0 un prix de <strong>199,99 euros minimum<\/strong>.<\/p>\n<p class=\" wall-content\">R\u00e9ussira-t-elle \u00e0 convaincre ? R\u00e9ponse bient\u00f4t !<\/p>\n<p class=\" wall-content\">Personnalisez votre actualit\u00e9 en ajoutant vos villes et m\u00e9dias en favori avec <a href=\"https:\/\/moncompte.actu.fr\" title=\"D\u00e9couvez Mon Actu\" rel=\"nofollow noopener\" data-trk=\"{&quot;cta&quot;:{&quot;action&quot;:&quot;https:\\\/\\\/moncompte.actu.fr&quot;,&quot;category&quot;:&quot;mon compte&quot;,&quot;from&quot;:&quot;article footer&quot;,&quot;name&quot;:&quot;Mon actu&quot;,&quot;type&quot;:&quot;cta&quot;}}\" target=\"_blank\">Mon Actu<\/a>.<\/p>\n","protected":false},"excerpt":{"rendered":"Par Emma Ressegaire Publi\u00e9 le 4 janv. 2026 \u00e0 6h36 C\u2019est un concept pour le moins insolite qu\u2019une&hellip;\n","protected":false},"author":2,"featured_media":640157,"comment_status":"","ping_status":"","sticky":false,"template":"","format":"standard","meta":{"footnotes":""},"categories":[1889],"tags":[1111,11,2430,2855,1777,674,1011,27,2428,12,25,104,252],"class_list":{"0":"post-640156","1":"post","2":"type-post","3":"status-publish","4":"format-standard","5":"has-post-thumbnail","7":"category-lyon","8":"tag-actu","9":"tag-actualites","10":"tag-auvergne-rhone-alpes","11":"tag-entrepreneuriat","12":"tag-eu","13":"tag-europe","14":"tag-fr","15":"tag-france","16":"tag-lyon","17":"tag-news","18":"tag-republique-francaise","19":"tag-societe","20":"tag-television"},"share_on_mastodon":{"url":"https:\/\/pubeurope.com\/@fr\/115836361364707358","error":""},"_links":{"self":[{"href":"https:\/\/www.europesays.com\/fr\/wp-json\/wp\/v2\/posts\/640156","targetHints":{"allow":["GET"]}}],"collection":[{"href":"https:\/\/www.europesays.com\/fr\/wp-json\/wp\/v2\/posts"}],"about":[{"href":"https:\/\/www.europesays.com\/fr\/wp-json\/wp\/v2\/types\/post"}],"author":[{"embeddable":true,"href":"https:\/\/www.europesays.com\/fr\/wp-json\/wp\/v2\/users\/2"}],"replies":[{"embeddable":true,"href":"https:\/\/www.europesays.com\/fr\/wp-json\/wp\/v2\/comments?post=640156"}],"version-history":[{"count":0,"href":"https:\/\/www.europesays.com\/fr\/wp-json\/wp\/v2\/posts\/640156\/revisions"}],"wp:featuredmedia":[{"embeddable":true,"href":"https:\/\/www.europesays.com\/fr\/wp-json\/wp\/v2\/media\/640157"}],"wp:attachment":[{"href":"https:\/\/www.europesays.com\/fr\/wp-json\/wp\/v2\/media?parent=640156"}],"wp:term":[{"taxonomy":"category","embeddable":true,"href":"https:\/\/www.europesays.com\/fr\/wp-json\/wp\/v2\/categories?post=640156"},{"taxonomy":"post_tag","embeddable":true,"href":"https:\/\/www.europesays.com\/fr\/wp-json\/wp\/v2\/tags?post=640156"}],"curies":[{"name":"wp","href":"https:\/\/api.w.org\/{rel}","templated":true}]}}