{"id":640158,"date":"2026-01-04T10:29:14","date_gmt":"2026-01-04T10:29:14","guid":{"rendered":"https:\/\/www.europesays.com\/fr\/640158\/"},"modified":"2026-01-04T10:29:14","modified_gmt":"2026-01-04T10:29:14","slug":"reprise-du-travail-des-lundi","status":"publish","type":"post","link":"https:\/\/www.europesays.com\/fr\/640158\/","title":{"rendered":"reprise du travail d\u00e8s lundi"},"content":{"rendered":"<p itemprop=\"description\"><strong>Dix jours apr\u00e8s le drame, l\u2019usine Elkem Silicones de Saint-Fons s\u2019appr\u00eate \u00e0 red\u00e9marrer.<\/strong><\/p>\n<p>Les salari\u00e9s de l\u2019usine Elkem Silicones, situ\u00e9e au sud de Lyon, vont pouvoir reprendre le travail \u00e0 partir de lundi, dix jours apr\u00e8s <a href=\"https:\/\/www.lyonmag.com\/article\/149128\/explosion-a-elkem-silicones-pres-de-lyon-un-second-deces-a-deplorer\" target=\"_blank\" rel=\"noopener\">l\u2019explosion survenue le 22 d\u00e9cembre<\/a> et qui a entra\u00een\u00e9 la mort de deux employ\u00e9s. \u00a0L\u2019information a \u00e9t\u00e9 confirm\u00e9e ce vendredi par l\u2019AFP, citant le porte-parole du groupe.<\/p>\n<p>Cette premi\u00e8re journ\u00e9e de retour sur site sera consacr\u00e9e \u00e0 des r\u00e9unions d\u2019information internes. Selon Guillaume Artois, porte-parole de l\u2019entreprise, la reprise sera\u00a0\u00ab\u00a0focalis\u00e9e sur les employ\u00e9s\u00a0\u00bb. La relance effective de la production n\u2019est, elle, programm\u00e9e que le lendemain.<\/p>\n<p>Sur le plan judiciaire, une enqu\u00eate a \u00e9t\u00e9 ouverte par le parquet de Lyon pour homicide involontaire par personne morale et blessures involontaires par personne morale dans le cadre du travail. \u00c0 ce stade, l\u2019origine exacte de l\u2019explosion demeure ind\u00e9termin\u00e9e.<\/p>\n<p>Pour rappel, le site industriel avait d\u00e9j\u00e0 \u00e9t\u00e9 confront\u00e9, en d\u00e9but d\u2019ann\u00e9e 2025, \u00e0 une fuite de mati\u00e8res dangereuses, entra\u00eenant le confinement des salari\u00e9s sur place.<\/p>\n","protected":false},"excerpt":{"rendered":"Dix jours apr\u00e8s le drame, l\u2019usine Elkem Silicones de Saint-Fons s\u2019appr\u00eate \u00e0 red\u00e9marrer. Les salari\u00e9s de l\u2019usine Elkem&hellip;\n","protected":false},"author":2,"featured_media":640159,"comment_status":"","ping_status":"","sticky":false,"template":"","format":"standard","meta":{"footnotes":""},"categories":[1889],"tags":[1111,11,2813,2190,2430,1109,251,1112,2811,1777,674,118,1011,27,1922,1110,1114,2428,2810,12,241,316,25,2812,517,800],"class_list":{"0":"post-640158","1":"post","2":"type-post","3":"status-publish","4":"format-standard","5":"has-post-thumbnail","7":"category-lyon","8":"tag-actu","9":"tag-actualites","10":"tag-article","11":"tag-asvel","12":"tag-auvergne-rhone-alpes","13":"tag-breves","14":"tag-culture","15":"tag-depeches","16":"tag-economique","17":"tag-eu","18":"tag-europe","19":"tag-faits-divers","20":"tag-fr","21":"tag-france","22":"tag-info","23":"tag-informations","24":"tag-infos","25":"tag-lyon","26":"tag-lyonmag","27":"tag-news","28":"tag-ol","29":"tag-politique","30":"tag-republique-francaise","31":"tag-sociale","32":"tag-sport","33":"tag-transports"},"share_on_mastodon":{"url":"https:\/\/pubeurope.com\/@fr\/115836365178598306","error":""},"_links":{"self":[{"href":"https:\/\/www.europesays.com\/fr\/wp-json\/wp\/v2\/posts\/640158","targetHints":{"allow":["GET"]}}],"collection":[{"href":"https:\/\/www.europesays.com\/fr\/wp-json\/wp\/v2\/posts"}],"about":[{"href":"https:\/\/www.europesays.com\/fr\/wp-json\/wp\/v2\/types\/post"}],"author":[{"embeddable":true,"href":"https:\/\/www.europesays.com\/fr\/wp-json\/wp\/v2\/users\/2"}],"replies":[{"embeddable":true,"href":"https:\/\/www.europesays.com\/fr\/wp-json\/wp\/v2\/comments?post=640158"}],"version-history":[{"count":0,"href":"https:\/\/www.europesays.com\/fr\/wp-json\/wp\/v2\/posts\/640158\/revisions"}],"wp:featuredmedia":[{"embeddable":true,"href":"https:\/\/www.europesays.com\/fr\/wp-json\/wp\/v2\/media\/640159"}],"wp:attachment":[{"href":"https:\/\/www.europesays.com\/fr\/wp-json\/wp\/v2\/media?parent=640158"}],"wp:term":[{"taxonomy":"category","embeddable":true,"href":"https:\/\/www.europesays.com\/fr\/wp-json\/wp\/v2\/categories?post=640158"},{"taxonomy":"post_tag","embeddable":true,"href":"https:\/\/www.europesays.com\/fr\/wp-json\/wp\/v2\/tags?post=640158"}],"curies":[{"name":"wp","href":"https:\/\/api.w.org\/{rel}","templated":true}]}}