{"id":640162,"date":"2026-01-04T10:34:10","date_gmt":"2026-01-04T10:34:10","guid":{"rendered":"https:\/\/www.europesays.com\/fr\/640162\/"},"modified":"2026-01-04T10:34:10","modified_gmt":"2026-01-04T10:34:10","slug":"les-7-meilleures-galettes-des-rois-de-paris-a-deguster-pendant-tout-le-mois-de-janvier","status":"publish","type":"post","link":"https:\/\/www.europesays.com\/fr\/640162\/","title":{"rendered":"Les 7\u00a0meilleures galettes des rois de Paris, \u00e0 d\u00e9guster pendant tout le mois de janvier"},"content":{"rendered":"<p>      <img fetchpriority=\"high\" decoding=\"async\" class=\"mx-auto\" src=\"data:image\/svg+xml,%3Csvg%20xmlns%3D%27http%3A%2F%2Fwww.w3.org%2F2000%2Fsvg%27%20fill%3D%22%23e4e4e4%22%20viewBox%3D%270%200%20510%20340%27%20width%3D%22510%22%20height%3D%22340%22%3E%3Cpath%20d%3D%27M0%200h510v340H0z%27%2F%3E%3C%2Fsvg%3E\"  loading=\"eager\" width=\"510\" height=\"340\" data-oncrawl-image-size=\"510x340\" alt=\"La galette de Babka Zana.\"\/>      <\/p>\n<p class=\"latino-100m text-grey-600\">\n            La galette de Babka Zana.\u00a0DELPHINE CONSTANTINI        <\/p>\n<p>        Lire\u00a0plus\u00a0tard      <\/p>\n<p><a aria-label=\"Nous suivre sur Google News\" href=\"https:\/\/news.google.com\/publications\/CAAqBwgKMJe4nQkw3dFs?hl=fr&amp;gl=FR&amp;ceid=FR%3Afr\" target=\"_blank\" data-piano=\"Page_Article,Sous_date_publi,Nous_suivre_sur_google_news,1er_clic,action\" class=\"btn btn--small btn--tertiary btn--icon-only\" rel=\"noopener\"><\/p>\n<p>      Google Actualit\u00e9s<br \/>\n  <\/a><\/p>\n<p>  Partager<\/p>\n<p>        Facebook<\/p>\n<p>        Bluesky<\/p>\n<p>        E-mail<\/p>\n<p>        Copier le lien<\/p>\n<p>      Envoyer<\/p>\n<p>      S\u2019abonner pour lire    <\/p>\n<p class=\"latino-500b text-grey-600\">Pour aller plus loin<\/p>\n<p class=\"node__paragraphe antonia-750r text-grey-800 pb-8\">\nChaque ann\u00e9e, la galette des rois embo\u00eete inlassablement le pas \u00e0 la b\u00fbche, et tout comme elle, elle se d\u00e9vergonde. A l\u2019instar du g\u00e2teau de No\u00ebl qui ressemble de moins en moins au morceau de bois auquel il fait r\u00e9f\u00e9rence (on en a vu en forme de tutu ou de sac \u00e0 main), la galette s\u2019aventure vers d\u2019autres saveurs que la frangipane. Aujourd\u2019hui, elle peut \u00eatre sans gluten, \u00e0 la pistache, \u00e0 la pomme, son feuilletage invers\u00e9 ( qui donne une p\u00e2te plus\u2026<\/p>\n<p class=\"teaser pb-md-8\">La r\u00e9daction vous offre cet article.<\/p>\n<p class=\"benefits pb-4 pb-md-16\">Une fois inscrit, vous pouvez profiter gratuitement des articles offerts.<\/p>\n<p>          Cr\u00e9er un compte gratuit<\/p>\n<p>      Se connecter\n  <\/p>\n","protected":false},"excerpt":{"rendered":"La galette de Babka Zana.\u00a0DELPHINE CONSTANTINI Lire\u00a0plus\u00a0tard Google Actualit\u00e9s Partager Facebook Bluesky E-mail Copier le lien Envoyer S\u2019abonner&hellip;\n","protected":false},"author":2,"featured_media":640163,"comment_status":"","ping_status":"","sticky":false,"template":"","format":"standard","meta":{"footnotes":""},"categories":[1888],"tags":[5734,3691,1111,1928,11,1927,29031,1777,674,2656,1011,27,74679,15799,2561,12,1926,626,1925,25,45330,18830],"class_list":{"0":"post-640162","1":"post","2":"type-post","3":"status-publish","4":"format-standard","5":"has-post-thumbnail","7":"category-paris","8":"tag-5734","9":"tag-3691","10":"tag-actu","11":"tag-actu-paris","12":"tag-actualites","13":"tag-actualites-paris","14":"tag-deguster","15":"tag-eu","16":"tag-europe","17":"tag-food","18":"tag-fr","19":"tag-france","20":"tag-galettes","21":"tag-meilleures","22":"tag-mois","23":"tag-news","24":"tag-news-paris","25":"tag-paris","26":"tag-paris-news","27":"tag-republique-francaise","28":"tag-rois","29":"tag-tendances"},"share_on_mastodon":{"url":"https:\/\/pubeurope.com\/@fr\/115836384974610530","error":""},"_links":{"self":[{"href":"https:\/\/www.europesays.com\/fr\/wp-json\/wp\/v2\/posts\/640162","targetHints":{"allow":["GET"]}}],"collection":[{"href":"https:\/\/www.europesays.com\/fr\/wp-json\/wp\/v2\/posts"}],"about":[{"href":"https:\/\/www.europesays.com\/fr\/wp-json\/wp\/v2\/types\/post"}],"author":[{"embeddable":true,"href":"https:\/\/www.europesays.com\/fr\/wp-json\/wp\/v2\/users\/2"}],"replies":[{"embeddable":true,"href":"https:\/\/www.europesays.com\/fr\/wp-json\/wp\/v2\/comments?post=640162"}],"version-history":[{"count":0,"href":"https:\/\/www.europesays.com\/fr\/wp-json\/wp\/v2\/posts\/640162\/revisions"}],"wp:featuredmedia":[{"embeddable":true,"href":"https:\/\/www.europesays.com\/fr\/wp-json\/wp\/v2\/media\/640163"}],"wp:attachment":[{"href":"https:\/\/www.europesays.com\/fr\/wp-json\/wp\/v2\/media?parent=640162"}],"wp:term":[{"taxonomy":"category","embeddable":true,"href":"https:\/\/www.europesays.com\/fr\/wp-json\/wp\/v2\/categories?post=640162"},{"taxonomy":"post_tag","embeddable":true,"href":"https:\/\/www.europesays.com\/fr\/wp-json\/wp\/v2\/tags?post=640162"}],"curies":[{"name":"wp","href":"https:\/\/api.w.org\/{rel}","templated":true}]}}