{"id":640183,"date":"2026-01-04T10:45:11","date_gmt":"2026-01-04T10:45:11","guid":{"rendered":"https:\/\/www.europesays.com\/fr\/640183\/"},"modified":"2026-01-04T10:45:11","modified_gmt":"2026-01-04T10:45:11","slug":"top-14-kalvin-gourgues-mais-que-ne-sait-il-pas-faire-lopinion-du-midol-apres-perpignan-toulouse","status":"publish","type":"post","link":"https:\/\/www.europesays.com\/fr\/640183\/","title":{"rendered":"Top 14 \u2013 \u00ab\u00a0Kalvin Gourgues, mais que ne sait-il pas faire\u00a0?\u00a0\u00bb\u00a0: l\u2019opinion du Midol apr\u00e8s Perpignan-Toulouse"},"content":{"rendered":"<p>\n                Kalvin Gourgues, 20 ans, n\u2019avait jamais \u00e9t\u00e9 align\u00e9 en 10 ni but\u00e9 au niveau professionnel. Le Toulousain s\u2019est acquitt\u00e9 de cette double t\u00e2che avec brio.\n            <\/p>\n<p>\u00c0 trop \u00eatre utilis\u00e9, le terme d\u2019ovni a \u00e9t\u00e9 banalis\u00e9 dans le rugby moderne. Kalvin Gourgues appartient sans nul doute \u00e0 cette cat\u00e9gorie. Le Toulousain est en tout cas un dr\u00f4le de sp\u00e9cimen. Ugo Mola, qui en a vu de toutes les couleurs, le confirme.\u00a0\u00ab\u00a0Je pense que ce gamin est quand m\u00eame un peu diff\u00e9rent\u00a0\u00bb, <strong><a href=\"https:\/\/www.rugbyrama.fr\/2026\/01\/03\/top-14-je-trouve-meme-quils-nont-pas-assez-joue-clame-ugo-mola-toulouse-apres-la-defaite-a-perpignan-13142383.php\" target=\"_self\" rel=\"noopener\">a \u00e9voqu\u00e9\u00a0le technicien depuis Aim\u00e9-Giral<\/a><\/strong>.<\/p>\n<p>Pour la premi\u00e8re fois de sa jeune carri\u00e8re, \u00ab\u00a0ce gamin\u00a0\u00bb de 20 ans, qui avait jusqu\u2019alors \u00e9t\u00e9 balad\u00e9 du 15 au 12 en passant par le 13, a \u00e9t\u00e9 align\u00e9 \u00e0 l\u2019ouverture et a assum\u00e9 la charge du tir au but. Un double d\u00e9fi qu\u2019il a relev\u00e9 comme si de rien n\u2019\u00e9tait\u00a0: \u00ab\u00a0Quand je le vois, malgr\u00e9 les vingt ann\u00e9es de diff\u00e9rence d\u2019\u00e2ge, aller d\u00e9fier un joueur exp\u00e9riment\u00e9 comme Urdapilleta sur son premier ballon, je trouve que ce n\u2019est pas mal\u00a0\u00bb, sourit son manager. La suite a \u00e9t\u00e9 tout aussi convaincante entre une belle pr\u00e9sence au c\u0153ur du jeu, \u00e0 l\u2019image de son relais sur son essai, des inspirations balle en main, des interventions d\u00e9fensives salvatrices et un 100\u00a0% dans le jeu au pied. Il lui a manqu\u00e9 un soup\u00e7on d\u2019alternance, peut-\u00eatre, m\u00eame\u00a0il s\u2019en est\u00a0fallu de peu pour qu\u2019il signe une passe au pied d\u00e9cisive \u00e0 Teddy Thomas. Une offrande que Thomas Ramos n\u2019aurait pas reni\u00e9e.<\/p>\n<p>\u00ab\u00a0Il r\u00e9siste \u00e0 la pression\u00a0\u00bb<\/p>\n<p>Il y a d\u2019ailleurs un peu de Ramos chez ce Gourgues dans son aisance naturelle et sa propension \u00e0 sentir les coups \u2013 avec \u00e9videmment moins de maturit\u00e9 tactique, \u00e2ge oblige, mais plus d\u2019impact physique s\u00fbrement. Paul Graou, son associ\u00e9 \u00e0 la charni\u00e8re, poursuit le tressage de lauriers\u00a0: \u00ab\u00a0Kalvin est un grand joueur qui n\u2019a pas besoin de beaucoup de temps pour s\u2019adapter. Au-del\u00e0 de toutes ses qualit\u00e9s, il r\u00e9siste aussi \u00e0 la pression et il l\u2019a montr\u00e9 en mettant les points aux pieds.\u00a0\u00bb\u00a0On avait \u00e9t\u00e9 tellement \u00e9pat\u00e9 par ses prestations au centre qu\u2019on en avait oubli\u00e9 ce d\u00e9tail majeur\u00a0: Kalvin Gourgues est un ouvreur de formation. Mais avec lui plus qu\u2019avec tout autre joueur, le num\u00e9ro n\u2019est qu\u2019un chiffre dans le dos. Ce que Fabien Galthi\u00e9, constamment en qu\u00eate de polyvalence, doit sans aucun doute appr\u00e9cier.<\/p>\n","protected":false},"excerpt":{"rendered":"Kalvin Gourgues, 20 ans, n\u2019avait jamais \u00e9t\u00e9 align\u00e9 en 10 ni but\u00e9 au niveau professionnel. Le Toulousain s\u2019est&hellip;\n","protected":false},"author":2,"featured_media":640184,"comment_status":"","ping_status":"","sticky":false,"template":"","format":"standard","meta":{"footnotes":""},"categories":[2],"tags":[11,1011,27,12,25,476],"class_list":{"0":"post-640183","1":"post","2":"type-post","3":"status-publish","4":"format-standard","5":"has-post-thumbnail","7":"category-actualites","8":"tag-actualites","9":"tag-fr","10":"tag-france","11":"tag-news","12":"tag-republique-francaise","13":"tag-stade-toulousain"},"share_on_mastodon":{"url":"https:\/\/pubeurope.com\/@fr\/115836428281605483","error":""},"_links":{"self":[{"href":"https:\/\/www.europesays.com\/fr\/wp-json\/wp\/v2\/posts\/640183","targetHints":{"allow":["GET"]}}],"collection":[{"href":"https:\/\/www.europesays.com\/fr\/wp-json\/wp\/v2\/posts"}],"about":[{"href":"https:\/\/www.europesays.com\/fr\/wp-json\/wp\/v2\/types\/post"}],"author":[{"embeddable":true,"href":"https:\/\/www.europesays.com\/fr\/wp-json\/wp\/v2\/users\/2"}],"replies":[{"embeddable":true,"href":"https:\/\/www.europesays.com\/fr\/wp-json\/wp\/v2\/comments?post=640183"}],"version-history":[{"count":0,"href":"https:\/\/www.europesays.com\/fr\/wp-json\/wp\/v2\/posts\/640183\/revisions"}],"wp:featuredmedia":[{"embeddable":true,"href":"https:\/\/www.europesays.com\/fr\/wp-json\/wp\/v2\/media\/640184"}],"wp:attachment":[{"href":"https:\/\/www.europesays.com\/fr\/wp-json\/wp\/v2\/media?parent=640183"}],"wp:term":[{"taxonomy":"category","embeddable":true,"href":"https:\/\/www.europesays.com\/fr\/wp-json\/wp\/v2\/categories?post=640183"},{"taxonomy":"post_tag","embeddable":true,"href":"https:\/\/www.europesays.com\/fr\/wp-json\/wp\/v2\/tags?post=640183"}],"curies":[{"name":"wp","href":"https:\/\/api.w.org\/{rel}","templated":true}]}}