{"id":640188,"date":"2026-01-04T10:49:12","date_gmt":"2026-01-04T10:49:12","guid":{"rendered":"https:\/\/www.europesays.com\/fr\/640188\/"},"modified":"2026-01-04T10:49:12","modified_gmt":"2026-01-04T10:49:12","slug":"le-coin-des-bleus-un-mois-avant-le-tournoi-des-6-nations-mauvaka-et-attissogbe-nont-pas-suffi-lequipe","status":"publish","type":"post","link":"https:\/\/www.europesays.com\/fr\/640188\/","title":{"rendered":"Le coin des Bleus un mois avant le Tournoi des 6 Nations : Mauvaka et Attissogbe n&#039;ont pas suffi &#8211; L&#039;\u00c9quipe"},"content":{"rendered":"<ol>\n<li><a href=\"https:\/\/news.google.com\/rss\/articles\/CBMi2gFBVV95cUxNUE9yaTFRb1REVi1qN0xJNnZ3RkpMTFpnU2RWQUhuaG5vbGNQdkdMMW5EcWNJeXZJUEN6SE51N3dwTjU2eUl5RFJ1aFJjRE9JMEhwTkhOVTBzX1VWSHNwYnNoSHV2MEp3VWprRHA1RV91LS1XT0E4TGhMdG5MM1Jxd3RlSU1qaTBUVjgzZGd6U0EwYkF6VnZ6RnFYWmtnemNjTU00aExreWU0WjV5bUZnZjE4VzlMbldZZHMwaWJmSWZ0ZjVDanNIV0VuM2Q0a1B3cW93YjdiTTZ3Zw?oc=5\" target=\"_blank\" rel=\"noopener\">Le coin des Bleus un mois avant le Tournoi des 6 Nations : Mauvaka et Attissogbe n&rsquo;ont pas suffi<\/a>&nbsp;&nbsp;L&rsquo;\u00c9quipe<\/li>\n<li><a href=\"https:\/\/news.google.com\/rss\/articles\/CBMi0gFBVV95cUxPbW5PSUtjRUYybFpOcjYxOUhDWmhmOVgwbWVJVDMyYXVHT2wwNlVsV0hTMVMyLWxlaHE0U25xdnQ2VDVURGQ3bm1FeVdUQ2NJNV9WYVlKcmNjanVvQ2ZlVUFacEpCajhJWXd2alBvQWloeUZWbFR4Ui0tXzV6T1Zmd0t6eGRiQjFKaFdrejhuRHFmS1BKcEp1SFhPZ0RoSVh4dmV6N3RfX211dVktX3pmSjNwejRGSFhITmZLUVJVNFFWMWUtcWZLUmZSeVJOOXZCQ3c?oc=5\" target=\"_blank\" rel=\"noopener\">Perpignan-Stade Toulousain : Mauvaka, 20 minutes pour relancer la machine\u2026 et des promesses<\/a>&nbsp;&nbsp;ladepeche.fr<\/li>\n<li><a href=\"https:\/\/news.google.com\/rss\/articles\/CBMiiwJBVV95cUxNYkpjREVpNW9aWm1MbktUZnZrZXNiSW41N0s0eVV1eUZGX1R1dUNLdE9JY2h0YVl4NldEUVY3R3F3MlFkMloxN3gwLTc3T3pJTUZzVF9Fc3RtNkpUVG9iQmhVVnVDTkUyN21oX0tyRUI0ZUlmbk5kMnNWci1UdVZETUhwVnJ3TmVZWk1rRTUyVVd0eW1McmQ1eDlUczJlQTdmVW1CVjdlZ0hEVDEtTWxuRDlwNlYzR1ZyVHlVS1B4Zm13MlhqajRvXzZKM3ljcm8tN0lDOHp0dEZtbE1aREFsTU1mRVVyMVdqOVZNczFicmpWMWlGTWdtM3hfRXJpNzhLbUFtV3h2Z1p1T0k?oc=5\" target=\"_blank\" rel=\"noopener\">\u00ab\u00a0Peato revient avec de la concurrence devant lui, il va devoir prouver\u00a0\u00bb : le double d\u00e9fi de Mauvaka<\/a>&nbsp;&nbsp;Rugbyrama<\/li>\n<li><a href=\"https:\/\/news.google.com\/rss\/articles\/CBMipAJBVV95cUxQanhPTlppdnVHLVdjRFpzbzJTaV9QS0hNdG1xS0E5SDlFbkVlbnlIaE1BaXdlbnNESGtPblR5LVpiX1g1bzlMVThaU0FwZ2J5MFFSZGpPT0ZULW1DTGhJU3ZKdjE4eUlLSU4xTEtWNWVnYTB1d3VUdWdILWFSd2JEXzNaNmVka1dZdjljMTJjTGJLemRVRmFYbVY5OUJ0UTFRMjVzQzd6a3NkdkhRbm54ZmVCOW1aeTFLZW1qc0FsWlN2VHJTYjhWakMtcDVjQWh1MjMtMlFWZWdFcE45NGxVLUkySEhpdVFiOWtYSXZKaHhUN3NUV3ozTEY3a2dIamkxd19jdWtnejlsMW5WaGFuY2lxb1hxTExrSEwtcC1URHN6d1l6?oc=5\" target=\"_blank\" rel=\"noopener\">Apr\u00e8s Dupont, le Stade Toulousain r\u00e9cup\u00e8re Mauvaka<\/a>&nbsp;&nbsp;Eurosport<\/li>\n<li><a href=\"https:\/\/news.google.com\/rss\/articles\/CBMi4wFBVV95cUxOTWpnNkFETnItTGZWd293XzM2T1RWay1SRnctMkVGazlUZUh1WEFoNlZoN2Q3eUI5blhzaGpkOG1zOFY0MFNDTmdGbnZUZl9nOXlLWWxYWTBZZEVjRjdlTTBmdzYwUHlMWVg5Wk10Q1VvQ3pWeHktdldtTXlEbHhSVjQ0bVN2VFkzaWdYYXJRblJQTzNPWGZOdk5ZQnpuRndTRnZHTDFOOWRGbWpHQ2xtV0Q5REZTM1J5SGMzajAtWnBuQzNTNmI0clhqa19KSWJuTzBWS1hKSl9Kd3lFMG5FcTdGcw?oc=5\" target=\"_blank\" rel=\"noopener\">Stade Toulousain &#8211; Top 14 : de nombreux absents pour affronter Perpignan, d\u00e9couvrez la composition d&rsquo;\u00e9quipe<\/a>&nbsp;&nbsp;francebleu.fr<\/li>\n<\/ol>\n","protected":false},"excerpt":{"rendered":"Le coin des Bleus un mois avant le Tournoi des 6 Nations : Mauvaka et Attissogbe n&rsquo;ont pas&hellip;\n","protected":false},"author":2,"featured_media":640189,"comment_status":"","ping_status":"","sticky":false,"template":"","format":"standard","meta":{"footnotes":""},"categories":[1416],"tags":[1011,27,479,1468,60],"class_list":{"0":"post-640188","1":"post","2":"type-post","3":"status-publish","4":"format-standard","5":"has-post-thumbnail","7":"category-rugby","8":"tag-fr","9":"tag-france","10":"tag-rugby","11":"tag-rugby-football","12":"tag-sports"},"share_on_mastodon":{"url":"https:\/\/pubeurope.com\/@fr\/115836443921335152","error":""},"_links":{"self":[{"href":"https:\/\/www.europesays.com\/fr\/wp-json\/wp\/v2\/posts\/640188","targetHints":{"allow":["GET"]}}],"collection":[{"href":"https:\/\/www.europesays.com\/fr\/wp-json\/wp\/v2\/posts"}],"about":[{"href":"https:\/\/www.europesays.com\/fr\/wp-json\/wp\/v2\/types\/post"}],"author":[{"embeddable":true,"href":"https:\/\/www.europesays.com\/fr\/wp-json\/wp\/v2\/users\/2"}],"replies":[{"embeddable":true,"href":"https:\/\/www.europesays.com\/fr\/wp-json\/wp\/v2\/comments?post=640188"}],"version-history":[{"count":0,"href":"https:\/\/www.europesays.com\/fr\/wp-json\/wp\/v2\/posts\/640188\/revisions"}],"wp:featuredmedia":[{"embeddable":true,"href":"https:\/\/www.europesays.com\/fr\/wp-json\/wp\/v2\/media\/640189"}],"wp:attachment":[{"href":"https:\/\/www.europesays.com\/fr\/wp-json\/wp\/v2\/media?parent=640188"}],"wp:term":[{"taxonomy":"category","embeddable":true,"href":"https:\/\/www.europesays.com\/fr\/wp-json\/wp\/v2\/categories?post=640188"},{"taxonomy":"post_tag","embeddable":true,"href":"https:\/\/www.europesays.com\/fr\/wp-json\/wp\/v2\/tags?post=640188"}],"curies":[{"name":"wp","href":"https:\/\/api.w.org\/{rel}","templated":true}]}}