{"id":640224,"date":"2026-01-04T11:16:15","date_gmt":"2026-01-04T11:16:15","guid":{"rendered":"https:\/\/www.europesays.com\/fr\/640224\/"},"modified":"2026-01-04T11:16:15","modified_gmt":"2026-01-04T11:16:15","slug":"top-14-toulon-mise-sur-la-jeunesse-pour-sa-premiere-de-lannee-contre-la-rochelle","status":"publish","type":"post","link":"https:\/\/www.europesays.com\/fr\/640224\/","title":{"rendered":"Top 14 : Toulon mise sur la jeunesse pour sa premi\u00e8re de l&rsquo;ann\u00e9e contre La Rochelle"},"content":{"rendered":"<p>\u00ab\u00a0Si vous me dites qu&rsquo;on va gagner \u00e0 100% demain (lire dimanche) ? Je ne ferais pas le malin \u00e0 lever le doigt pour l&rsquo;affirmer. Mais je peux vous dire qu&rsquo;on sera engag\u00e9s \u00e0 100% et \u00e7a, j&rsquo;en suis s\u00fbr\u00a0!\u00a0\u00bb <a href=\"https:\/\/www.laprovence.com\/article\/sports\/41865120332027\/rugby-pierre-mignoni-prolonge-a-toulon-jusquen-2029\" target=\"_blank\" rel=\"noopener\">Pierre Mignoni<\/a> n&rsquo;a pas cach\u00e9 la tendance ce samedi, en conf\u00e9rence de presse, avant de se rendre \u00e0 La Rochelle pour lancer l&rsquo;ann\u00e9e 2026. Le coach varois l&rsquo;avait affirm\u00e9 d\u00e8s <a href=\"https:\/\/www.laprovence.com\/article\/sports\/178410594651215\/rugby-top-14-toulon-simpose-avec-le-bonus-offensif-contre-perpignan\" target=\"_blank\" rel=\"noopener\">la fin du match face \u00e0 Perpignan le week-end dernier<\/a>, il doit faire des choix pour ce mois de janvier tr\u00e8s dense qui attend son \u00e9quipe.<\/p>\n<p>Avec un d\u00e9placement \u00e0 La Rochelle d\u00e8s ce dimanche soir (21h05), pour la 14e journ\u00e9e de championnat, puis deux matches de Champions Cup dans la foul\u00e9e contre le Munster et \u00e0 Gloucester avant de finir par la r\u00e9ception de Montpellier le samedi 24\u00a0janvier, le RC Toulon pourrait jouer une partie de sa saison d\u00e8s ce premier mois de l&rsquo;ann\u00e9e.<\/p>\n<p>\u00ab\u00a0C&rsquo;est un choix\u00a0\u00bb<\/p>\n<p>Pour faire face \u00e0 ce gros calendrier, qui se poursuivra le 1er\u00a0f\u00e9vrier avec un d\u00e9placement \u00e0 Pau, le club rouge et noir doit composer avec une quinzaine de bless\u00e9s dont certains majeurs. Gabin Villi\u00e8re (c\u00f4tes), Baptiste Serin (cuisse), Marius Domon (commotion) et J\u00e9r\u00e9my Sinzelle (mollet) ont garni les rangs d&rsquo;une infirmerie bien remplie com&#8230;<\/p>\n","protected":false},"excerpt":{"rendered":"\u00ab\u00a0Si vous me dites qu&rsquo;on va gagner \u00e0 100% demain (lire dimanche) ? Je ne ferais pas le&hellip;\n","protected":false},"author":2,"featured_media":640225,"comment_status":"","ping_status":"","sticky":false,"template":"","format":"standard","meta":{"footnotes":""},"categories":[9619],"tags":[5734,1111,11,1777,674,1011,27,4075,6352,12,471,882,25,479,60,3356,3030,2310],"class_list":{"0":"post-640224","1":"post","2":"type-post","3":"status-publish","4":"format-standard","5":"has-post-thumbnail","7":"category-toulon","8":"tag-5734","9":"tag-actu","10":"tag-actualites","11":"tag-eu","12":"tag-europe","13":"tag-fr","14":"tag-france","15":"tag-jeunesse","16":"tag-mise","17":"tag-news","18":"tag-pour","19":"tag-provence-alpes-cote-dazur","20":"tag-republique-francaise","21":"tag-rugby","22":"tag-sports","23":"tag-sur","24":"tag-top","25":"tag-toulon"},"share_on_mastodon":{"url":"https:\/\/pubeurope.com\/@fr\/115836550168923663","error":""},"_links":{"self":[{"href":"https:\/\/www.europesays.com\/fr\/wp-json\/wp\/v2\/posts\/640224","targetHints":{"allow":["GET"]}}],"collection":[{"href":"https:\/\/www.europesays.com\/fr\/wp-json\/wp\/v2\/posts"}],"about":[{"href":"https:\/\/www.europesays.com\/fr\/wp-json\/wp\/v2\/types\/post"}],"author":[{"embeddable":true,"href":"https:\/\/www.europesays.com\/fr\/wp-json\/wp\/v2\/users\/2"}],"replies":[{"embeddable":true,"href":"https:\/\/www.europesays.com\/fr\/wp-json\/wp\/v2\/comments?post=640224"}],"version-history":[{"count":0,"href":"https:\/\/www.europesays.com\/fr\/wp-json\/wp\/v2\/posts\/640224\/revisions"}],"wp:featuredmedia":[{"embeddable":true,"href":"https:\/\/www.europesays.com\/fr\/wp-json\/wp\/v2\/media\/640225"}],"wp:attachment":[{"href":"https:\/\/www.europesays.com\/fr\/wp-json\/wp\/v2\/media?parent=640224"}],"wp:term":[{"taxonomy":"category","embeddable":true,"href":"https:\/\/www.europesays.com\/fr\/wp-json\/wp\/v2\/categories?post=640224"},{"taxonomy":"post_tag","embeddable":true,"href":"https:\/\/www.europesays.com\/fr\/wp-json\/wp\/v2\/tags?post=640224"}],"curies":[{"name":"wp","href":"https:\/\/api.w.org\/{rel}","templated":true}]}}