{"id":640226,"date":"2026-01-04T11:17:17","date_gmt":"2026-01-04T11:17:17","guid":{"rendered":"https:\/\/www.europesays.com\/fr\/640226\/"},"modified":"2026-01-04T11:17:17","modified_gmt":"2026-01-04T11:17:17","slug":"loccitanie-a-10-ans-3-3-un-equilibre-a-ete-trouve-entre-toulouse-et-montpellier-estime-michael-delafosse","status":"publish","type":"post","link":"https:\/\/www.europesays.com\/fr\/640226\/","title":{"rendered":"L\u2019Occitanie a 10 ans (3\/3)\u00a0: \u00ab\u00a0un \u00e9quilibre a \u00e9t\u00e9 trouv\u00e9 entre Toulouse et Montpellier\u00a0\u00bb, estime Micha\u00ebl Delafosse"},"content":{"rendered":"<p>\n                                                                Micha\u00ebl Delafosse, le\u00a0maire de Montpellier, ne cache pas qu\u2019il \u00e9tait oppos\u00e9, il y a dix ans, au projet de fusion entre Languedoc-Roussillon et Midi-Pyr\u00e9n\u00e9es. Il estime aujourd\u2019hui que si Montpellier a perdu son statut de capitale r\u00e9gionale, elle n\u2019en a pas pour autant perdu de l\u2019influence.\n                            <\/p>\n<p>Il ne le cache pas, en 2015, il \u00e9tait oppos\u00e9 \u00e0 cette id\u00e9e de fusion des deux r\u00e9gions. Comme beaucoup \u00e0 Montpellier, qui craignaient que la ville perde son influence, en m\u00eame temps que son statut de capitale r\u00e9gionale.\u00a0\u00bbSi j\u2019avais \u00e9t\u00e9 maire \u00e0 l\u2019\u00e9poque, je m\u2019y serais oppos\u00e9\u00a0\u00bb, assure m\u00eame Micha\u00ebl Delafosse, qui s\u2019est depuis install\u00e9 \u00e0 l\u2019H\u00f4tel de Ville. Dix ans plus tard pourtant, il ne souhaite pas un retour en arri\u00e8re.\u00a0\u00bbLe pays a besoin de stabilit\u00e9 et cela co\u00fbterait de l\u2019argent. Et puis, la R\u00e9gion dans son p\u00e9rim\u00e8tre actuel est entre de tr\u00e8s bonnes mains\u00a0\u00bb.<\/p>\n<p>        <img decoding=\"async\" class=\"std-img__img responsive-img\" src=\"https:\/\/www.europesays.com\/fr\/wp-content\/uploads\/2026\/01\/1767525437_191_image.jpg\" alt=\"Montpellier et sa place de la Com\u00e9die, une capitale-bis.\"\/><\/p>\n<p>                Montpellier et sa place de la Com\u00e9die, une capitale-bis.<br \/>\n                                    Midi Libre &#8211; JEAN-MICHEL MART<\/p>\n<p>L\u2019\u00e9lu estime en effet que si sa ville n\u2019a pas p\u00e2ti de cette r\u00e9forme territoriale, \u00ab\u00a0c\u2019est parce que la fusion a \u00e9t\u00e9 men\u00e9e par Carole Delga qui a veill\u00e9 au respect de l\u2019\u00e9quilibre entre Toulouse et Montpellier\u00a0\u00bb. Et cela va au-del\u00e0 du maintien d\u2019un h\u00f4tel de R\u00e9gion sur les berges du Lez ou de la tenue de sessions au Parc Expos, en alternance avec Toulouse. \u00ab\u00a0Elle nous a largement aid\u00e9s pour faire avancer des dossiers strat\u00e9giques pour la ville, dont le plus embl\u00e9matique pour pr\u00e9parer le d\u00e9veloppement \u00e9conomique du territoire\u00a0: la r\u00e9alisation de la ligne \u00e0 grande vitesse vers l\u2019Espagne. La compl\u00e9mentarit\u00e9 qui existe entre nous est b\u00e9n\u00e9fique pour la ville\u00a0\u00bb, avance Micha\u00ebl Delafosse.<\/p>\n<p>\u00ab\u00a0Montpellier est identifi\u00e9e \u00e0 travers Med Vall\u00e9e ou les ICC\u00a0\u00bb<\/p>\n<p>Celui-ci consid\u00e8re par ailleurs qu\u2019un \u00e9quilibre a \u00e9t\u00e9 trouv\u00e9 avec la capitale Toulouse. \u00ab\u00a0S\u2019il est clair que l\u00e0-bas, on sait faire de l\u2019a\u00e9ronautique, ici, on s\u2019est structur\u00e9 dans nos fili\u00e8res. La M\u00e9tropole de Montpellier est d\u00e9sormais identifi\u00e9e \u00e0 travers <a href=\"https:\/\/www.midilibre.fr\/2023\/06\/08\/lab-sante-comme-laeronautique-a-toulouse-montpellier-se-distingue-elle-pour-ses-recherches-en-sante-globale-11247008.php\" target=\"_self\" rel=\"noopener\">MedVall\u00e9e<\/a> sur tous les enjeux de sant\u00e9 et d\u2019environnement\u00a0; dans les industries culturelles et cr\u00e9atrices et <a href=\"https:\/\/www.midilibre.fr\/2025\/12\/15\/clair-obscur-expedition-33-cest-irreel-sandfall-interactive-savoure-le-sacre-de-son-jeu-video-made-in-montpellier-13112099.php\" target=\"_self\" rel=\"noopener\">les r\u00e9cents succ\u00e8s l\u2019ont encore d\u00e9montr\u00e9<\/a>\u00a0; dans le domaine des \u00e9nergies renouvelables, avec tous les grands si\u00e8ges d\u2019entreprise implant\u00e9s dans notre \u00e9cosyst\u00e8me\u00a0\u00bb, \u00e9num\u00e8re le maire.<\/p>\n<p class=\"std-elt__inline\">\n        <strong>\u00c0 lire aussi :<\/strong><br \/>\n        <a href=\"https:\/\/www.midilibre.fr\/2026\/01\/04\/loccitanie-a-10-ans-13-economies-competences-territoire-les-grandes-regions-ont-elles-rempli-leur-mission-13128218.php\" target=\"_blank\" rel=\"noopener\">L\u2019Occitanie a 10 ans (1\/3)\u00a0: \u00e9conomies, comp\u00e9tences, territoire\u2026 Les grandes r\u00e9gions ont-elles rempli leur mission\u00a0?<\/a>\n    <\/p>\n<p class=\"std-elt__inline\">\n        <strong>\u00c0 lire aussi :<\/strong><br \/>\n        <a href=\"https:\/\/www.midilibre.fr\/2026\/01\/04\/loccitanie-a-10-ans-23-pourquoi-la-presidente-de-la-region-carole-delga-appelle-a-un-nouvel-acte-de-decentralisation-13132373.php\" target=\"_blank\" rel=\"noopener\">L\u2019Occitanie a 10 ans (2\/3)\u00a0: Pourquoi la pr\u00e9sidente de la r\u00e9gion, Carole Delga, appelle \u00ab\u00a0\u00e0 un nouvel acte de d\u00e9centralisation\u00a0\u00bb<\/a>\n    <\/p>\n<p>\u00a0<\/p>\n<p>Pour autant, dit-il, il a fallu se battre, \u00ab\u00a0en pack, avec tout le territoire\u00a0\u00bb, y compris avec certains voisins, pour peser plus lourd. Non pas contre Toulouse, mais \u00e0 Paris, pour faire le si\u00e8ge des minist\u00e8res. \u00ab\u00a0Mais Georges Fr\u00eache, d\u00e9j\u00e0 dans les ann\u00e9es 80, alors que Montpellier \u00e9tait la capitale du Languedoc-Roussillon, disait qu\u2019il se battait pour que la ville soit sur la carte de France de la m\u00e9t\u00e9o. C\u2019est un combat permanent\u00a0\u00bb.\u00a0Au contraire, dit-il, un pacte de coop\u00e9ration a \u00e9t\u00e9 sign\u00e9 avec Toulouse, pour travailler ensemble \u00e0 des compl\u00e9mentarit\u00e9s, \u00ab\u00a0parce qu\u2019on est confront\u00e9s aux m\u00eames d\u00e9fis\u00a0\u00bb. Il n\u2019y a gu\u00e8re que sur le terrain sportif que la concurrence est exacerb\u00e9e, et pas seulement dans les championnats de football ou de rugby.\u00a0\u00bbIls ont L\u00e9on Marchand, nous avons les fr\u00e8res Lebrun\u00a0\u00bb, sourit Micha\u00ebl Delafosse.2 \u00e0 1 pour Montpellier\u00a0!<\/p>\n","protected":false},"excerpt":{"rendered":"Micha\u00ebl Delafosse, le\u00a0maire de Montpellier, ne cache pas qu\u2019il \u00e9tait oppos\u00e9, il y a dix ans, au projet&hellip;\n","protected":false},"author":2,"featured_media":640227,"comment_status":"","ping_status":"","sticky":false,"template":"","format":"standard","meta":{"footnotes":""},"categories":[9599],"tags":[1111,11,1777,674,1011,27,7089,74682,2208,12,2680,71654,25],"class_list":{"0":"post-640226","1":"post","2":"type-post","3":"status-publish","4":"format-standard","5":"has-post-thumbnail","7":"category-montpellier","8":"tag-actu","9":"tag-actualites","10":"tag-eu","11":"tag-europe","12":"tag-fr","13":"tag-france","14":"tag-herault","15":"tag-le-dossier-du-dimanche","16":"tag-montpellier","17":"tag-news","18":"tag-occitanie","19":"tag-rendez-vous-de-la-ru00e9daction","20":"tag-republique-francaise"},"share_on_mastodon":{"url":"https:\/\/pubeurope.com\/@fr\/115836554055998704","error":""},"_links":{"self":[{"href":"https:\/\/www.europesays.com\/fr\/wp-json\/wp\/v2\/posts\/640226","targetHints":{"allow":["GET"]}}],"collection":[{"href":"https:\/\/www.europesays.com\/fr\/wp-json\/wp\/v2\/posts"}],"about":[{"href":"https:\/\/www.europesays.com\/fr\/wp-json\/wp\/v2\/types\/post"}],"author":[{"embeddable":true,"href":"https:\/\/www.europesays.com\/fr\/wp-json\/wp\/v2\/users\/2"}],"replies":[{"embeddable":true,"href":"https:\/\/www.europesays.com\/fr\/wp-json\/wp\/v2\/comments?post=640226"}],"version-history":[{"count":0,"href":"https:\/\/www.europesays.com\/fr\/wp-json\/wp\/v2\/posts\/640226\/revisions"}],"wp:featuredmedia":[{"embeddable":true,"href":"https:\/\/www.europesays.com\/fr\/wp-json\/wp\/v2\/media\/640227"}],"wp:attachment":[{"href":"https:\/\/www.europesays.com\/fr\/wp-json\/wp\/v2\/media?parent=640226"}],"wp:term":[{"taxonomy":"category","embeddable":true,"href":"https:\/\/www.europesays.com\/fr\/wp-json\/wp\/v2\/categories?post=640226"},{"taxonomy":"post_tag","embeddable":true,"href":"https:\/\/www.europesays.com\/fr\/wp-json\/wp\/v2\/tags?post=640226"}],"curies":[{"name":"wp","href":"https:\/\/api.w.org\/{rel}","templated":true}]}}