{"id":640230,"date":"2026-01-04T11:20:14","date_gmt":"2026-01-04T11:20:14","guid":{"rendered":"https:\/\/www.europesays.com\/fr\/640230\/"},"modified":"2026-01-04T11:20:14","modified_gmt":"2026-01-04T11:20:14","slug":"le-pont-flaubert-a-rouen-doit-se-lever-pour-accueillir-le-navire-le-francais-voici-les-deviations","status":"publish","type":"post","link":"https:\/\/www.europesays.com\/fr\/640230\/","title":{"rendered":"Le pont Flaubert \u00e0 Rouen doit se lever pour accueillir le navire Le Fran\u00e7ais : voici les d\u00e9viations"},"content":{"rendered":"<p>                    Par<br \/>\n        <strong><br \/>\n            <a href=\"https:\/\/actu.fr\/auteur\/fmass\" title=\"Consulter tous les articles de Fabien Massin\" target=\"_blank\" rel=\"noopener\">Fabien Massin<\/a><br \/>\n                    <\/strong><\/p>\n<p>        Publi\u00e9 le<\/p>\n<p>            4 janv. 2026 \u00e0 10h09        <\/p>\n<p>Un habitu\u00e9 de <a href=\"https:\/\/actu.fr\/normandie\/rouen_76540\" target=\"_blank\" rel=\"noopener\">Rouen (Seine-Maritime)<\/a> va faire faire une nouvelle escale sur les quais de Seine, en ce d\u00e9but d\u2019ann\u00e9e 2026. Il s\u2019agit du navire <strong>Le Fran\u00e7ais<\/strong>.\u00a0<\/p>\n<p>Des d\u00e9viations pour les voitures et les poids lourds<\/p>\n<p class=\" wall-content\">Pour l\u2019accueillir, le <a href=\"https:\/\/actu.fr\/tag\/pont-gustave-flaubert\" target=\"_blank\" rel=\"noopener\">pont Flaubert<\/a> doit \u00eatre lev\u00e9, ce sera de dimanche \u00e0 23h30 \u00e0 lundi \u00e0 2h30, annonce la Dirno (direction interd\u00e9partementale des routes nord-ouest).\u00a0<\/p>\n<p class=\" wall-content\">Pendant la dur\u00e9e des op\u00e9rations, la circulation sera d\u00e9vi\u00e9e dans les deux sens, via le <strong>pont Guillaume-le-Conqu\u00e9rant<\/strong> pour les voitures et via le<strong> boulevard industriel\/pont Mathilde\/tunnel de la Grand\u2019Mare<\/strong> pour les poids lourds.\u00a0<\/p>\n<p>Suivez l\u2019actualit\u00e9 de Rouen sur notre <a href=\"https:\/\/www.whatsapp.com\/channel\/0029VaKfnf99hXF2ddApFB1D\" target=\"_blank\" rel=\"noopener\">cha\u00eene WhatsApp<\/a> et sur notre <a href=\"https:\/\/www.tiktok.com\/@76actu.fr?lang=fr\" target=\"_blank\" rel=\"noopener\">compte TikTok<\/a><\/p>\n<p class=\" wall-content\">Personnalisez votre actualit\u00e9 en ajoutant vos villes et m\u00e9dias en favori avec <a href=\"https:\/\/moncompte.actu.fr\" title=\"D\u00e9couvez Mon Actu\" rel=\"nofollow noopener\" data-trk=\"{&quot;cta&quot;:{&quot;action&quot;:&quot;https:\\\/\\\/moncompte.actu.fr&quot;,&quot;category&quot;:&quot;mon compte&quot;,&quot;from&quot;:&quot;article footer&quot;,&quot;name&quot;:&quot;Mon actu&quot;,&quot;type&quot;:&quot;cta&quot;}}\" target=\"_blank\">Mon Actu<\/a>.<\/p>\n<p>                    <script async src=\"\/\/www.tiktok.com\/embed.js\"><\/script><\/p>\n","protected":false},"excerpt":{"rendered":"Par Fabien Massin Publi\u00e9 le 4 janv. 2026 \u00e0 10h09 Un habitu\u00e9 de Rouen (Seine-Maritime) va faire faire&hellip;\n","protected":false},"author":2,"featured_media":640231,"comment_status":"","ping_status":"","sticky":false,"template":"","format":"standard","meta":{"footnotes":""},"categories":[9587],"tags":[1111,11,1777,674,1011,27,803,12,5161,3940,25,9590,104],"class_list":{"0":"post-640230","1":"post","2":"type-post","3":"status-publish","4":"format-standard","5":"has-post-thumbnail","7":"category-rouen","8":"tag-actu","9":"tag-actualites","10":"tag-eu","11":"tag-europe","12":"tag-fr","13":"tag-france","14":"tag-info-trafic","15":"tag-news","16":"tag-normandie","17":"tag-pont-gustave-flaubert","18":"tag-republique-francaise","19":"tag-rouen","20":"tag-societe"},"share_on_mastodon":{"url":"https:\/\/pubeurope.com\/@fr\/115836565929193079","error":""},"_links":{"self":[{"href":"https:\/\/www.europesays.com\/fr\/wp-json\/wp\/v2\/posts\/640230","targetHints":{"allow":["GET"]}}],"collection":[{"href":"https:\/\/www.europesays.com\/fr\/wp-json\/wp\/v2\/posts"}],"about":[{"href":"https:\/\/www.europesays.com\/fr\/wp-json\/wp\/v2\/types\/post"}],"author":[{"embeddable":true,"href":"https:\/\/www.europesays.com\/fr\/wp-json\/wp\/v2\/users\/2"}],"replies":[{"embeddable":true,"href":"https:\/\/www.europesays.com\/fr\/wp-json\/wp\/v2\/comments?post=640230"}],"version-history":[{"count":0,"href":"https:\/\/www.europesays.com\/fr\/wp-json\/wp\/v2\/posts\/640230\/revisions"}],"wp:featuredmedia":[{"embeddable":true,"href":"https:\/\/www.europesays.com\/fr\/wp-json\/wp\/v2\/media\/640231"}],"wp:attachment":[{"href":"https:\/\/www.europesays.com\/fr\/wp-json\/wp\/v2\/media?parent=640230"}],"wp:term":[{"taxonomy":"category","embeddable":true,"href":"https:\/\/www.europesays.com\/fr\/wp-json\/wp\/v2\/categories?post=640230"},{"taxonomy":"post_tag","embeddable":true,"href":"https:\/\/www.europesays.com\/fr\/wp-json\/wp\/v2\/tags?post=640230"}],"curies":[{"name":"wp","href":"https:\/\/api.w.org\/{rel}","templated":true}]}}