{"id":640234,"date":"2026-01-04T11:22:17","date_gmt":"2026-01-04T11:22:17","guid":{"rendered":"https:\/\/www.europesays.com\/fr\/640234\/"},"modified":"2026-01-04T11:22:17","modified_gmt":"2026-01-04T11:22:17","slug":"une-vraie-satisfaction","status":"publish","type":"post","link":"https:\/\/www.europesays.com\/fr\/640234\/","title":{"rendered":"\u00ab une vraie satisfaction \u00bb"},"content":{"rendered":"<p>\t\t\t\t\t Si le match face \u00e0 Grenoble (18\u00e8me journ\u00e9e de Ligue 2 BKT) n\u2019a pas \u00e9t\u00e9 parfait en tout point, avec sa victoire 1 \u00e0 0, le Sporting Club de Bastia a r\u00e9alis\u00e9 sa premi\u00e8re et indispensable bonne op\u00e9ration de l\u2019ann\u00e9e. Sur le plan comptable, les Bastiais ont quitt\u00e9 le stade de Furiani avec trois points dans leur escarcelle, et les d\u00e9faites de Laval, Boulogne et Amiens ont permis aux Turchini de maintenir la t\u00eate hors de l\u2019eau dans cette \u00e9pineuse course au maintien. <br \/>  Avec d\u00e9sormais 11 points au compteur, les Bastiais ne sont plus qu\u2019\u00e0 cinq unit\u00e9s du barragiste Boulogne : \u00ab On n\u2019avait pas gagn\u00e9 \u00e0 domicile depuis Clermont, une victoire que l\u2019on prend avec plaisir et une vraie satisfaction. \u00c7a a \u00e9t\u00e9 un match difficile, pas ma\u00eetris\u00e9. Ce n\u2019\u00e9tait pas notre meilleur match. On a eu des r\u00e9ussites sur certaines situations, mais quand on met du c\u0153ur, \u00e7a finit par tourner \u00bb, a soulign\u00e9 Reginald Ray, l\u2019entra\u00eeneur bastiais, en conf\u00e9rence de presse, avant de rajouter : \u00ab Si on gagne les matchs, forc\u00e9ment les autres vont en perdre et on va se rapprocher. Il faut pers\u00e9v\u00e9rer. Les victoires am\u00e8nent de la confiance et de l\u2019\u00e9nergie suppl\u00e9mentaire. \u00bb <\/p>\n<p>C\u2019est ce qu\u2019il faudra aux Bastiais, qui pourraient \u00e9galement profiter d\u2019un mois de janvier \u00ab favorable \u00bb sur le papier, avec trois rencontres \u00e0 domicile : Troyes (Coupe de France), Montpellier, Nancy, mais aussi un d\u00e9placement le 16 janvier \u00e0 Laval, concurrent direct au maintien. Une \u00e9quipe bastiaise qui, sur le terrain, a pris conscience de l\u2019enjeu, \u00e0 l\u2019instar du buteur J\u00e9r\u00e9my Sebas :\u00ab On a les trois points, c\u2019est important pour le classement. J\u2019en ai loup\u00e9 une belle, j\u2019avais \u00e0 c\u0153ur d\u2019en mettre une au fond. L\u2019\u00e9quipe a fait le boulot. La deuxi\u00e8me partie de saison commence bien, il faut encha\u00eener les victoires pour remonter au classement. \u00bb <\/p>\n<p>Pour autant, les Bastiais restent lucides sur une situation fragile sportivement : <br \/>\u00ab \u00c7a va \u00eatre dur et long \u00bb, a indiqu\u00e9 Florian Bohnert. Auteur d\u2019un tr\u00e8s grand match, Johny Placide, le gardien bastiais, qui voulait tr\u00e8s bien d\u00e9buter l\u2019ann\u00e9e, le sait :\u00a0\u00ab Il ne faudra rien laisser aux adversaires \u00e0 domicile pendant la phase retour. \u00bb M\u00eame constat pour Anthony Roncaglia, pour qui :\u00a0\u00ab Il faut \u00eatre conscient de ce que l\u2019on peut faire. \u00bb <\/p>\n<p>Le samedi 10 janvier, le Sporting Club de Bastia recevra Troyes en seizi\u00e8me de finale de la Coupe de France, au stade Armand-Cesari, \u00e0 15 h 30. La r\u00e9ception du leader de Ligue 2, dans un match de coupe sans incidence sur le classement, sera le meilleur des tests pour les Bastiais.\n\t\t\t\t <\/p>\n","protected":false},"excerpt":{"rendered":"Si le match face \u00e0 Grenoble (18\u00e8me journ\u00e9e de Ligue 2 BKT) n\u2019a pas \u00e9t\u00e9 parfait en tout&hellip;\n","protected":false},"author":2,"featured_media":640235,"comment_status":"","ping_status":"","sticky":false,"template":"","format":"standard","meta":{"footnotes":""},"categories":[9566],"tags":[1111,74683,11,74684,2430,74685,74686,55068,74687,74688,19637,74689,74690,1777,674,55069,18671,1011,27,13252,2731,21958,446,74691,74692,74693,74694,12,74695,74696,25,74697,74698,5628,55073,74699,55074,55137,74700],"class_list":{"0":"post-640234","1":"post","2":"type-post","3":"status-publish","4":"format-standard","5":"has-post-thumbnail","7":"category-grenoble","8":"tag-actu","9":"tag-actualite-sc-bastia","10":"tag-actualites","11":"tag-analyse-match-bastia","12":"tag-auvergne-rhone-alpes","13":"tag-bastia-grenoble","14":"tag-calendrier-sc-bastia","15":"tag-championnat-ligue-2","16":"tag-conference-de-presse-reginald-ray","17":"tag-coupe-de-france-sc-bastia","18":"tag-course-au-maintien","19":"tag-entraineur-sc-bastia","20":"tag-equipe-bastiaise","21":"tag-eu","22":"tag-europe","23":"tag-football-corse","24":"tag-football-francais","25":"tag-fr","26":"tag-france","27":"tag-furiani","28":"tag-grenoble","29":"tag-grenoble-foot-38","30":"tag-ligue-2","31":"tag-maintien-bastia","32":"tag-maintien-ligue-2","33":"tag-matchs-a-domicile-bastia","34":"tag-mois-de-janvier-sc-bastia","35":"tag-news","36":"tag-points-maintien","37":"tag-reginald-ray","38":"tag-republique-francaise","39":"tag-resultats-ligue-2","40":"tag-saison-ligue-2","41":"tag-sc-bastia","42":"tag-sporting-club-de-bastia","43":"tag-stade-armand-cesari","44":"tag-supporters-bastiais","45":"tag-turchini","46":"tag-victoire-bastia"},"share_on_mastodon":{"url":"","error":"Validation failed: Text character limit of 500 exceeded"},"_links":{"self":[{"href":"https:\/\/www.europesays.com\/fr\/wp-json\/wp\/v2\/posts\/640234","targetHints":{"allow":["GET"]}}],"collection":[{"href":"https:\/\/www.europesays.com\/fr\/wp-json\/wp\/v2\/posts"}],"about":[{"href":"https:\/\/www.europesays.com\/fr\/wp-json\/wp\/v2\/types\/post"}],"author":[{"embeddable":true,"href":"https:\/\/www.europesays.com\/fr\/wp-json\/wp\/v2\/users\/2"}],"replies":[{"embeddable":true,"href":"https:\/\/www.europesays.com\/fr\/wp-json\/wp\/v2\/comments?post=640234"}],"version-history":[{"count":0,"href":"https:\/\/www.europesays.com\/fr\/wp-json\/wp\/v2\/posts\/640234\/revisions"}],"wp:featuredmedia":[{"embeddable":true,"href":"https:\/\/www.europesays.com\/fr\/wp-json\/wp\/v2\/media\/640235"}],"wp:attachment":[{"href":"https:\/\/www.europesays.com\/fr\/wp-json\/wp\/v2\/media?parent=640234"}],"wp:term":[{"taxonomy":"category","embeddable":true,"href":"https:\/\/www.europesays.com\/fr\/wp-json\/wp\/v2\/categories?post=640234"},{"taxonomy":"post_tag","embeddable":true,"href":"https:\/\/www.europesays.com\/fr\/wp-json\/wp\/v2\/tags?post=640234"}],"curies":[{"name":"wp","href":"https:\/\/api.w.org\/{rel}","templated":true}]}}