{"id":640276,"date":"2026-01-04T11:54:11","date_gmt":"2026-01-04T11:54:11","guid":{"rendered":"https:\/\/www.europesays.com\/fr\/640276\/"},"modified":"2026-01-04T11:54:11","modified_gmt":"2026-01-04T11:54:11","slug":"le-gouvernement-va-interdire-limportation-de-produits-damerique-du-sud-contenant-des-residus-de-substances-interdites-en-europe","status":"publish","type":"post","link":"https:\/\/www.europesays.com\/fr\/640276\/","title":{"rendered":"le gouvernement va interdire l\u2019importation de produits d\u2019Am\u00e9rique du Sud \u00abcontenant des r\u00e9sidus de substances interdites en Europe\u00bb"},"content":{"rendered":"<p>\n    Le premier ministre et la ministre de l\u2019Agriculture annoncent qu\u2019un arr\u00eat\u00e9 sera pris \u00abdans les prochains jours\u00bb pour bloquer l\u2019importation en France de denr\u00e9es venues d\u2019Am\u00e9rique du Sud.<\/p>\n<p class=\"fig-paragraph\">Une parade face au\u00a0<a href=\"http:\/\/www.lefigaro.fr\/conjoncture\/au-fait-c-est-quoi-le-mercosur-20241118\" data-fig-type=\"Article\" data-gtm-custom-categorie=\"navigation\" data-gtm-custom-action=\"crossclick\" data-gtm-custom-label=\"Contextuel\" data-gtm-event=\"customEventSPE\" data-fig-domain=\"LEFIGARO\" target=\"_blank\" rel=\"noopener\">trait\u00e9 du Mercosur<\/a>\u00a0? Le gouvernement va prendre un arr\u00eat\u00e9 \u00abdans les prochains jours\u00bb pour \u00absuspendre l\u2019importation de produits contenant des r\u00e9sidus de substances interdites en Europe\u00a0: mancoz\u00e8be, glufosinate, thiophanate-m\u00e9thyl et carbendazime\u00bb, annonce le premier ministre S\u00e9bastien Lecornu sur X ce dimanche 4 janvier. Un pas vers les agriculteurs qui d\u00e9noncent ce trait\u00e9 de libre-\u00e9change avec des pays d\u2019Am\u00e9rique du Sud, auquel la France s\u2019oppose mais\u00a0<a href=\"https:\/\/www.lefigaro.fr\/actualite-france\/en-direct-mercosur-ursula-von-der-leyen-crise-agricole-ue-giorgia-meloni-emmanuel-macron-tensions-20251219\" data-fig-type=\"Live\" data-gtm-custom-categorie=\"navigation\" data-gtm-custom-action=\"crossclick\" data-gtm-custom-label=\"Contextuel\" data-gtm-event=\"customEventSPE\" data-fig-domain=\"LEFIGARO\" target=\"_blank\" rel=\"noopener\">qui pourrait bien trouver une majorit\u00e9 au sein de l\u2019UE pour \u00eatre adopt\u00e9<\/a>.<\/p>\n<p class=\"fig-paragraph\">\u00abAvocats, mangues, goyaves, agrumes, raisins et pommes d\u2019Am\u00e9rique du Sud ou d\u2019ailleurs ne pourront plus entrer sur le territoire national\u00bb, promet ainsi le chef du gouvernement. Il pr\u00e9cise que \u00abdes contr\u00f4les renforc\u00e9s seront r\u00e9alis\u00e9s par une brigade sp\u00e9cialis\u00e9e pour garantir le respect de nos normes sanitaires\u00bb.<\/p>\n<p>                                            <a class=\"fig-a11y-skip\" href=\"#fig-a11y-skip-main-inarticle\" data-module=\"a11y-skip\" data-context=\"was @visible\"><br \/>\n    Passer la publicit\u00e9<br \/>\n<\/a>            <\/p>\n<p class=\"fig-paragraph\">La ministre de l\u2019Agriculture Annie Gennevard avait indiqu\u00e9 plus t\u00f4t dans un entretien\u00a0<a href=\"https:\/\/www.latribune.fr\/article\/la-tribune-dimanche\/politique\/1052526762882815\/annie-genevard-ministre-de-l-agriculture-le-traite-avec-le-mercosur-n-est-ni-juste-ni-equitable\" target=\"_blank\" rel=\"sponsored noopener\" data-gtm-custom-categorie=\"navigation\" data-gtm-custom-action=\"crossclick\" data-gtm-custom-label=\"Contextuel\" data-gtm-event=\"customEventSPE\">\u00e0 La Tribune Dimanche<\/a> \u00a0avoir \u00abactiv\u00e9 une mesure conservatoire applicable \u00e0 la France\u00bb pour \u00absuspendre l\u2019importation de denr\u00e9es d\u2019Am\u00e9rique du Sud, comme les avocats ou les pommes, qui contiennent des substances interdites en Europe\u00bb. Mais elle pr\u00e9cisait que \u00abBruxelles devra se prononcer\u00bb sur cette mesure conservatoire.<\/p>\n","protected":false},"excerpt":{"rendered":"Le premier ministre et la ministre de l\u2019Agriculture annoncent qu\u2019un arr\u00eat\u00e9 sera pris \u00abdans les prochains jours\u00bb pour&hellip;\n","protected":false},"author":2,"featured_media":640277,"comment_status":"","ping_status":"","sticky":false,"template":"","format":"standard","meta":{"footnotes":""},"categories":[1586],"tags":[11,327,1777,674,1011,27,21426,12,25],"class_list":{"0":"post-640276","1":"post","2":"type-post","3":"status-publish","4":"format-standard","5":"has-post-thumbnail","7":"category-europe","8":"tag-actualites","9":"tag-agriculture","10":"tag-eu","11":"tag-europe","12":"tag-fr","13":"tag-france","14":"tag-mercosur","15":"tag-news","16":"tag-republique-francaise"},"share_on_mastodon":{"url":"https:\/\/pubeurope.com\/@fr\/115836699719148238","error":""},"_links":{"self":[{"href":"https:\/\/www.europesays.com\/fr\/wp-json\/wp\/v2\/posts\/640276","targetHints":{"allow":["GET"]}}],"collection":[{"href":"https:\/\/www.europesays.com\/fr\/wp-json\/wp\/v2\/posts"}],"about":[{"href":"https:\/\/www.europesays.com\/fr\/wp-json\/wp\/v2\/types\/post"}],"author":[{"embeddable":true,"href":"https:\/\/www.europesays.com\/fr\/wp-json\/wp\/v2\/users\/2"}],"replies":[{"embeddable":true,"href":"https:\/\/www.europesays.com\/fr\/wp-json\/wp\/v2\/comments?post=640276"}],"version-history":[{"count":0,"href":"https:\/\/www.europesays.com\/fr\/wp-json\/wp\/v2\/posts\/640276\/revisions"}],"wp:featuredmedia":[{"embeddable":true,"href":"https:\/\/www.europesays.com\/fr\/wp-json\/wp\/v2\/media\/640277"}],"wp:attachment":[{"href":"https:\/\/www.europesays.com\/fr\/wp-json\/wp\/v2\/media?parent=640276"}],"wp:term":[{"taxonomy":"category","embeddable":true,"href":"https:\/\/www.europesays.com\/fr\/wp-json\/wp\/v2\/categories?post=640276"},{"taxonomy":"post_tag","embeddable":true,"href":"https:\/\/www.europesays.com\/fr\/wp-json\/wp\/v2\/tags?post=640276"}],"curies":[{"name":"wp","href":"https:\/\/api.w.org\/{rel}","templated":true}]}}