{"id":640278,"date":"2026-01-04T11:55:16","date_gmt":"2026-01-04T11:55:16","guid":{"rendered":"https:\/\/www.europesays.com\/fr\/640278\/"},"modified":"2026-01-04T11:55:16","modified_gmt":"2026-01-04T11:55:16","slug":"mais-vous-savez-ce-qui-ma-tenue","status":"publish","type":"post","link":"https:\/\/www.europesays.com\/fr\/640278\/","title":{"rendered":"\u201cMais vous savez ce qui m\u2019a tenue ?\u201d"},"content":{"rendered":"<p>                                    <img decoding=\"async\" src=\"https:\/\/www.europesays.com\/fr\/wp-content\/uploads\/2026\/01\/ba68929a959be3eab1dea61cc6ea3e4575fc719bfd876aee262bea8dcdd1ef37.jpg\" alt=\"Sheila\u00a0: Musique, Vie Priv\u00e9e, Carri\u00e8re... Ce qu'il faut conna\u00eetre\" class=\"a11y-hidden\" fetchpriority=\"high\"\/><\/p>\n<p class=\"fig-standfirst\">\n    En tourn\u00e9e sur les routes de France et de Belgique, Sheila s\u2019est confi\u00e9e dans les pages du Monde ce dimanche 4 janvier. L\u2019occasion de faire une touchante confidence sur un sujet douloureux.<\/p>\n<p class=\"fig-paragraph\">Alors qu\u2019elle a\u00a0<a href=\"https:\/\/www.gala.fr\/l_actu\/news_de_stars\/sheila-tonique-a-80-ans-lever-matinal-etirements-danse-quels-sont-les-secrets-de-sa-forme-physique-20250816\" target=\"_blank\" data-fig-type=\"Article\" rel=\"noopener\" data-gtm-custom-categorie=\"navigation\" data-gtm-custom-action=\"crossclick\" data-gtm-custom-label=\"Contextuel\" data-gtm-event=\"customEventSPE\" data-fig-domain=\"GALA\">f\u00eat\u00e9 ses 80<\/a>\u00a0ans en ao\u00fbt dernier, Sheila d\u00e9borde toujours d\u2019\u00e9nergie. Celle qui a commenc\u00e9 sa carri\u00e8re en 1962 n\u2019est\u00a0<a href=\"https:\/\/www.gala.fr\/l_actu\/news_de_stars\/sheila-80-ans-et-bien-determinee-a-atteindre-un-objectif-precis-il-me-reste-huit-ans-pour-y-parvenir-20251128\" target=\"_blank\" data-fig-type=\"Article\" rel=\"noopener\" data-gtm-custom-categorie=\"navigation\" data-gtm-custom-action=\"crossclick\" data-gtm-custom-label=\"Contextuel\" data-gtm-event=\"customEventSPE\" data-fig-domain=\"GALA\">pas pr\u00e8s de partir<\/a>\u00a0\u00e0 la retraite\u00a0: l\u2019ann\u00e9e derni\u00e8re, elle a sorti son tout dernier album, baptis\u00e9 \u00c0 l\u2019avenir, avant d\u2019entamer sa tourn\u00e9e baptis\u00e9e \u00ab8.0\u00bb, pour son 80e anniversaire, qui se poursuit en 2026. Mais quel est son secret\u00a0? Ce dimanche 4 janvier, l\u2019ic\u00f4ne y\u00e9y\u00e9 a accord\u00e9 u<a href=\"https:\/\/www.lemonde.fr\/culture\/article\/2026\/01\/04\/sheila-travailler-sur-les-marches-a-ete-ma-grande-ecole-de-vie_6660483_3246.html\" target=\"_blank\" rel=\"sponsored noopener\" data-gtm-custom-categorie=\"navigation\" data-gtm-custom-action=\"crossclick\" data-gtm-custom-label=\"Contextuel\" data-gtm-event=\"customEventSPE\">ne interview \u00e0 c\u0153ur ouvert<\/a>\u00a0\u00e0 nos confr\u00e8res du Monde, dans laquelle elle est revenue sur sa carri\u00e8re, mais aussi sur ce qui lui donne la force d\u2019avancer\u00a0<a href=\"https:\/\/www.gala.fr\/l_actu\/news_de_stars\/je-n-ai-plus-de-famille-a-80-ans-sheila-se-livre-avec-emotion-sur-ses-blessures-20250822\" target=\"_blank\" data-fig-type=\"Article\" rel=\"noopener\" data-gtm-custom-categorie=\"navigation\" data-gtm-custom-action=\"crossclick\" data-gtm-custom-label=\"Contextuel\" data-gtm-event=\"customEventSPE\" data-fig-domain=\"GALA\">malgr\u00e9 les \u00e9preuves<\/a>. \u00c9voquant la douloureuse disparition de son fils Ludovic, Sheila confie en toute sinc\u00e9rit\u00e9\u00a0: \u00abJe me suis demand\u00e9 que faire. Mourir\u00a0? J\u2019en ai eu envie. Mais vous savez ce qui m\u2019a tenue\u00a0? Ce sont mes parents. Je ne veux pas les d\u00e9cevoir\u2026\u00bb<\/p>\n<p class=\"fig-paragraph\">En effet, comme l\u2019a \u00e9galement confi\u00e9 la chanteuse aux\u00a0<a href=\"https:\/\/www.gala.fr\/l_actu\/news_de_stars\/sheila-agacee-contre-le-milieu-de-la-musique-elle-pousse-un-coup-de-gueule-la-femme-n-a-pas-le-droit-de-vieillir-20250329\" target=\"_blank\" data-fig-type=\"Article\" rel=\"noopener\" data-gtm-custom-categorie=\"navigation\" data-gtm-custom-action=\"crossclick\" data-gtm-custom-label=\"Contextuel\" data-gtm-event=\"customEventSPE\" data-fig-domain=\"GALA\">six d\u00e9cennies de carri\u00e8re<\/a>, elle n\u2019en serait jamais arriv\u00e9e l\u00e0 sans le soutien sans bornes de Micheline et Andr\u00e9 Chancel, des \u00abvendeurs de bonbons qui se levaient chaque jour \u00e0 4 h pour faire les march\u00e9s\u00bb, des parents \u00abtravailleurs, g\u00e9n\u00e9reux, aimants. Et sacr\u00e9ment avant-gardistes\u2026\u00bb En effet, loin de se formaliser du d\u00e9sir de leur fille de devenir une artiste, ils ont tout fait pour lui permettre de r\u00e9ussir. Sheila se souvient encore de cette sc\u00e8ne o\u00f9 sa m\u00e8re a annonc\u00e9 \u00e0 la directrice de son \u00e9cole de comptabilit\u00e9 qu\u2019elle retirait sa fille de son \u00e9tablissement pour lui permettre de r\u00e9aliser son r\u00eave de devenir chanteuse. \u00abMme Chancel, vous perdez tout bon sens. Vous allez jeter votre fille dans la prostitution\u00a0!\u00bb avait r\u00e9pondu celle-ci.<\/p>\n<p>    Sheila au d\u00e9but de sa carri\u00e8re, le 10 juin 1963.<br \/>\n                Keystone USA Collection \/ Bestim<\/p>\n<p>                                                                <a href=\"#slideshow-header\"><\/p>\n<p class=\"fig-slideshow__title\">\n                    PHOTOS &#8211; Sheila\u00a0: retour sur son \u00e9volution physique\n                <\/p>\n<p>    <\/a><br \/>\n                                                                <a class=\"fig-a11y-skip\" href=\"#fig-a11y-skip-main-inarticle\" data-module=\"a11y-skip\" data-context=\"was @visible\"><br \/>\n    Passer la publicit\u00e9<br \/>\n<\/a>            <\/p>\n<p>                                                                Sheila seule au monde\u00a0: comment ses proches disparus continuent de faire partie de sa vie<\/p>\n<p class=\"fig-paragraph\">Fille unique, ayant perdu ses parents et son seul fils, Ludovic Chancel, Sheila a fait le choix de ne pas se laisser abattre,\u00a0<a href=\"https:\/\/www.gala.fr\/l_actu\/news_de_stars\/sheila-80-ans-touchante-sur-son-entourage-je-suis-de-plus-en-plus-seule-dans-cette-vie-20250928\" target=\"_blank\" data-fig-type=\"Article\" rel=\"noopener\" data-gtm-custom-categorie=\"navigation\" data-gtm-custom-action=\"crossclick\" data-gtm-custom-label=\"Contextuel\" data-gtm-event=\"customEventSPE\" data-fig-domain=\"GALA\">pr\u00e9f\u00e9rant se consacrer<\/a>\u00a0\u00e0 \u00abpartager du temps, de la vie, de l\u2019amour, des rires, des pleurs\u00bb, comme elle l\u2019avait expliqu\u00e9 \u00e0 France 3 en ao\u00fbt dernier. Une communion avec son public qui la porte au quotidien, mais qui est aussi pour elle une fa\u00e7on de retrouver ses proches. Comme la star l\u2019a encore confi\u00e9 au Monde, elle a un rituel avant d\u2019entrer en sc\u00e8ne, formant une ronde avec ses musiciens\u00a0: \u00abEt au c\u0153ur de ce cercle, je place mes parents et mon fils. Pas un concert sans qu\u2019ils soient l\u00e0. Pas un concert sans que je leur dise\u00a0: \u00ab\u00a0J\u2019esp\u00e8re que vous \u00eates fiers de moi.\u00a0\u00bb\u00bb<\/p>\n<p class=\"fig-paragraph\">Article \u00e9crit avec la collaboration de 6M\u00e9dias<\/p>\n","protected":false},"excerpt":{"rendered":"En tourn\u00e9e sur les routes de France et de Belgique, Sheila s\u2019est confi\u00e9e dans les pages du Monde&hellip;\n","protected":false},"author":2,"featured_media":640279,"comment_status":"","ping_status":"","sticky":false,"template":"","format":"standard","meta":{"footnotes":""},"categories":[1586],"tags":[11,9260,3983,1362,1777,674,1779,652,1011,27,74707,12,25,10830,1778,364],"class_list":{"0":"post-640278","1":"post","2":"type-post","3":"status-publish","4":"format-standard","5":"has-post-thumbnail","7":"category-europe","8":"tag-actualites","9":"tag-confidences","10":"tag-deces","11":"tag-deuil","12":"tag-eu","13":"tag-europe","14":"tag-european-union","15":"tag-famille","16":"tag-fr","17":"tag-france","18":"tag-ludovic-chancel","19":"tag-news","20":"tag-republique-francaise","21":"tag-sheila","22":"tag-ue","23":"tag-union-europeenne"},"share_on_mastodon":{"url":"https:\/\/pubeurope.com\/@fr\/115836703613759614","error":""},"_links":{"self":[{"href":"https:\/\/www.europesays.com\/fr\/wp-json\/wp\/v2\/posts\/640278","targetHints":{"allow":["GET"]}}],"collection":[{"href":"https:\/\/www.europesays.com\/fr\/wp-json\/wp\/v2\/posts"}],"about":[{"href":"https:\/\/www.europesays.com\/fr\/wp-json\/wp\/v2\/types\/post"}],"author":[{"embeddable":true,"href":"https:\/\/www.europesays.com\/fr\/wp-json\/wp\/v2\/users\/2"}],"replies":[{"embeddable":true,"href":"https:\/\/www.europesays.com\/fr\/wp-json\/wp\/v2\/comments?post=640278"}],"version-history":[{"count":0,"href":"https:\/\/www.europesays.com\/fr\/wp-json\/wp\/v2\/posts\/640278\/revisions"}],"wp:featuredmedia":[{"embeddable":true,"href":"https:\/\/www.europesays.com\/fr\/wp-json\/wp\/v2\/media\/640279"}],"wp:attachment":[{"href":"https:\/\/www.europesays.com\/fr\/wp-json\/wp\/v2\/media?parent=640278"}],"wp:term":[{"taxonomy":"category","embeddable":true,"href":"https:\/\/www.europesays.com\/fr\/wp-json\/wp\/v2\/categories?post=640278"},{"taxonomy":"post_tag","embeddable":true,"href":"https:\/\/www.europesays.com\/fr\/wp-json\/wp\/v2\/tags?post=640278"}],"curies":[{"name":"wp","href":"https:\/\/api.w.org\/{rel}","templated":true}]}}