{"id":640298,"date":"2026-01-04T12:11:10","date_gmt":"2026-01-04T12:11:10","guid":{"rendered":"https:\/\/www.europesays.com\/fr\/640298\/"},"modified":"2026-01-04T12:11:10","modified_gmt":"2026-01-04T12:11:10","slug":"star-academy-helena-et-anouk-unies-pour-delivrer-un-puissant-message-la-meilleure-prestation-de-la-soireevideo","status":"publish","type":"post","link":"https:\/\/www.europesays.com\/fr\/640298\/","title":{"rendered":"Star Academy \u2013 Helena et Anouk unies pour d\u00e9livrer un puissant message: \u00ab\u00a0La meilleure prestation de la soir\u00e9e\u00a0\u00bb(vid\u00e9o)"},"content":{"rendered":"<p class=\"ap-StoryElement ap-StoryElement--mb ap-StoryText\">Le duo que toute la Belgique attendait. En danger samedi soir \u00e0 la <b>Star Academy<\/b>, la nomm\u00e9e <b>Anouk<\/b> a pu compter sur le soutien d&rsquo;une autre Belge lors du 200e prime de l&rsquo;\u00e9mission : <b>Helena<\/b>. La demi-finaliste de l&rsquo;\u00e9dition 2023-2024 \u00e9tait, en effet, pr\u00e9sente dans le studio 217 pour partager un moment fort avec sa compatriote sur le titre <b>\u00ab\u00a0Capuche\u00a0\u00bb<\/b>.<\/p>\n<p class=\"ap-StoryElement ap-StoryElement--mb ap-StoryText\">Tout le monde s&rsquo;est pr\u00eat\u00e9 au jeu pour cette chanson forte de la r\u00e9\u00e9dition de l&rsquo;album <b>H\u00e9l\u00e9<\/b>. Que ce soit pour nos deux repr\u00e9sentantes, les autres \u00e9l\u00e8ves ou pour les professeurs, les capuches \u00e9taient de sortie afin de d\u00e9noncer une probl\u00e9matique importante dans notre soci\u00e9t\u00e9 : le harc\u00e8lement des femmes dans la rue.<\/p>\n<p>Helena complimente Anouk<\/p>\n<p class=\"ap-StoryElement ap-StoryElement--mb ap-StoryText\">Pendant la prestation, les sourires ont laiss\u00e9 place aux regards froids. Circonstance oblige. Une fois le message pass\u00e9, Anouk et Helena nous ont offert une belle accolade franche et sinc\u00e8re. \u00ab\u00a0Bienvenue \u00e0 la maison\u00a0\u00bb, a alors adress\u00e9 <b>Nikos Aliagas<\/b> \u00e0 celle qui a fait son petit bout de chemin depuis sa sortie du ch\u00e2teau de Dammarie-les-Lys.<\/p>\n<p><a href=\"https:\/\/www.parismatch.be\/culture\/culture-belgique\/2025\/12\/30\/star-academy-michael-goldman-sermonne-anouk-avec-humour-il-y-a-toujours-un-decalage-horaire-avec-la-belgique-2YCJCC7SAVD5BBSN2HXVUECGU4\/\" target=\"_self\" class=\"ap-StoryInterstitialLink ap-StoryElement ap-StoryElement--mb\" rel=\"noopener\">Star Academy \u2013 Michael Goldman sermonne Anouk avec humour : \u00ab\u00a0Il y a toujours un d\u00e9calage horaire avec la Belgique\u00a0\u00bb<\/a><\/p>\n<p class=\"ap-StoryElement ap-StoryElement--mb ap-StoryText\">Interrog\u00e9e sur les atouts de sa jeune compatriote, Helena n&rsquo;a pas tari d&rsquo;\u00e9loges. \u00ab\u00a0Je ne vais pas dire que c&rsquo;est parce qu&rsquo;elle est Belge\u00a0\u00bb, a-t-elle tout d&rsquo;abord plaisant\u00e9. \u00ab\u00a0Elle est <b>hyper talentueuse<\/b>. Elle est douce, elle chante vraiment bien et elle est gentille. Enfin, elle en a l&rsquo;air (rires). Elle a une<b> super interpr\u00e9tation<\/b> aussi\u00a0\u00bb, a-t-elle compliment\u00e9.<\/p>\n<p>Hugues Hamelynck aussi charm\u00e9<\/p>\n<p class=\"ap-StoryElement ap-StoryElement--mb ap-StoryText\">\u00ab\u00a0Tu es une artiste que j&rsquo;admire\u00a0\u00bb, a r\u00e9pliqu\u00e9 Anouk. Pr\u00e9sent dans un jury \u00e9largi, l&rsquo;ancien professeur de th\u00e9\u00e2tre Hugues Hamelynck, \u00e9galement Belge, a eu le mot de la fin : \u00ab\u00a0<b>L&rsquo;Union fait la force<\/b>\u00ab\u00a0. Le public a fort appr\u00e9ci\u00e9 le duo, comme en attestent les r\u00e9seaux sociaux : \u00ab\u00a0La meilleure prestation de la soir\u00e9e\u00a0\u00bb, \u00ab\u00a0Incroyable\u00a0\u00bb ou encore \u00ab\u00a0La beaut\u00e9 de ce duo\u00a0\u00bb. Ce soutien fut finalement b\u00e9n\u00e9fique puisque Anouk a \u00e9t\u00e9 sauv\u00e9e et c&rsquo;est finalement <b>Th\u00e9o P<\/b> qui a quitt\u00e9 l&rsquo;aventure.<\/p>\n<p><a href=\"https:\/\/www.parismatch.be\/culture\/medias\/2026\/01\/02\/star-academy-theo-p-fait-une-tendre-declaration-a-la-belge-anouk-on-est-devenus-tellement-proches-5DM37Z3QOVHMVM3LVCXO6PL7OU\/\" target=\"_self\" class=\"ap-StoryInterstitialLink ap-StoryElement ap-StoryElement--mb\" rel=\"noopener\">Star Academy \u2013 Th\u00e9o P. fait une tendre d\u00e9claration \u00e0 la Belge Anouk : \u00ab\u00a0On est devenus tellement proches\u00a0\u00bb<\/a><\/p>\n<p>Pour acc\u00e9der \u00e0 cet article, veuillez vous connecter au r\u00e9seau internet.<\/p>\n","protected":false},"excerpt":{"rendered":"Le duo que toute la Belgique attendait. En danger samedi soir \u00e0 la Star Academy, la nomm\u00e9e Anouk&hellip;\n","protected":false},"author":2,"featured_media":640299,"comment_status":"","ping_status":"","sticky":false,"template":"","format":"standard","meta":{"footnotes":""},"categories":[1356],"tags":[57709,828,58,59,1011,27,5094,873,5095,252,1364],"class_list":{"0":"post-640298","1":"post","2":"type-post","3":"status-publish","4":"format-standard","5":"has-post-thumbnail","7":"category-television","8":"tag-anouk","9":"tag-belgique","10":"tag-divertissement","11":"tag-entertainment","12":"tag-fr","13":"tag-france","14":"tag-helena","15":"tag-musique","16":"tag-star-academy","17":"tag-television","18":"tag-tv"},"share_on_mastodon":{"url":"https:\/\/pubeurope.com\/@fr\/115836766365989220","error":""},"_links":{"self":[{"href":"https:\/\/www.europesays.com\/fr\/wp-json\/wp\/v2\/posts\/640298","targetHints":{"allow":["GET"]}}],"collection":[{"href":"https:\/\/www.europesays.com\/fr\/wp-json\/wp\/v2\/posts"}],"about":[{"href":"https:\/\/www.europesays.com\/fr\/wp-json\/wp\/v2\/types\/post"}],"author":[{"embeddable":true,"href":"https:\/\/www.europesays.com\/fr\/wp-json\/wp\/v2\/users\/2"}],"replies":[{"embeddable":true,"href":"https:\/\/www.europesays.com\/fr\/wp-json\/wp\/v2\/comments?post=640298"}],"version-history":[{"count":0,"href":"https:\/\/www.europesays.com\/fr\/wp-json\/wp\/v2\/posts\/640298\/revisions"}],"wp:featuredmedia":[{"embeddable":true,"href":"https:\/\/www.europesays.com\/fr\/wp-json\/wp\/v2\/media\/640299"}],"wp:attachment":[{"href":"https:\/\/www.europesays.com\/fr\/wp-json\/wp\/v2\/media?parent=640298"}],"wp:term":[{"taxonomy":"category","embeddable":true,"href":"https:\/\/www.europesays.com\/fr\/wp-json\/wp\/v2\/categories?post=640298"},{"taxonomy":"post_tag","embeddable":true,"href":"https:\/\/www.europesays.com\/fr\/wp-json\/wp\/v2\/tags?post=640298"}],"curies":[{"name":"wp","href":"https:\/\/api.w.org\/{rel}","templated":true}]}}