{"id":640300,"date":"2026-01-04T12:12:09","date_gmt":"2026-01-04T12:12:09","guid":{"rendered":"https:\/\/www.europesays.com\/fr\/640300\/"},"modified":"2026-01-04T12:12:09","modified_gmt":"2026-01-04T12:12:09","slug":"jin-denim-nous-a-quittes-a-lage-de-29-ans","status":"publish","type":"post","link":"https:\/\/www.europesays.com\/fr\/640300\/","title":{"rendered":"Jin Denim nous a quitt\u00e9s \u00e0 l\u2019\u00e2ge de 29 ans"},"content":{"rendered":"<p>Jin Denim est d\u00e9c\u00e9d\u00e9 \u00e0 l\u2019\u00e2ge de 29 ans. L\u2019information a \u00e9t\u00e9 rendue publique via un message publi\u00e9 sur son compte Instagram personnel par sa s\u0153ur cadette. Le d\u00e9c\u00e8s est survenu le <strong>17 d\u00e9cembre 2025<\/strong>, une date r\u00e9v\u00e9l\u00e9e au public le jour qui aurait marqu\u00e9 son <strong>30\u1d49 anniversaire<\/strong>.<\/p>\n<p>Dans son message, sa s\u0153ur, Danbee, a tenu \u00e0 partager des informations pr\u00e9cises afin d\u2019\u00e9viter toute sp\u00e9culation et d\u2019informer les personnes qui aimaient l\u2019artiste et suivaient son travail musical.<\/p>\n<p>Selon ce t\u00e9moignage, Jin (de son vrai nom <strong>Jin Jeong-yeop, \uc9c4\uc815\uc5fd<\/strong>) suivait depuis <strong>2015<\/strong> un traitement m\u00e9dical pour un <strong>trouble bipolaire<\/strong> accompagn\u00e9 de <strong>sympt\u00f4mes psychotiques<\/strong>. Conscient de son \u00e9tat, il poursuivait un suivi m\u00e9dical r\u00e9gulier et prenait les traitements prescrits. Toutefois, ces derniers temps, son \u00e9tat de sant\u00e9 se serait rapidement d\u00e9t\u00e9rior\u00e9, rendant la situation de plus en plus difficile \u00e0 g\u00e9rer pour sa famille.<\/p>\n<p><img loading=\"lazy\" decoding=\"async\" width=\"225\" height=\"225\" src=\"https:\/\/www.europesays.com\/fr\/wp-content\/uploads\/2026\/01\/Jin-Denim-nous-a-quittes-a-lage-de-29-ans.jpeg\" alt=\"Jin Denim nous a quitt\u00e9s \u00e0 l\u2019\u00e2ge de 29 ans\" class=\"wp-image-286436 lazyload\" style=\"width:365px;height:auto\" title=\"Jin Denim nous a quitt\u00e9s \u00e0 l\u2019\u00e2ge de 29 ans\"\/><\/p>\n<p>Sa s\u0153ur pr\u00e9cise \u00e9galement que, malgr\u00e9 la maladie, Jin cherchait \u00e0 mener sa vie avec foi et bienveillance, en essayant de transmettre de l\u2019amour et des convictions positives autour de lui. N\u00e9anmoins, la nature de sa pathologie entra\u00eenait des comportements impulsifs r\u00e9p\u00e9t\u00e9s, ind\u00e9pendants de sa volont\u00e9, causant une souffrance profonde et durable, tant pour lui que pour ses proches.<\/p>\n<p>La famille a tenu \u00e0 \u00eatre tr\u00e8s claire sur les circonstances du d\u00e9c\u00e8s : <strong>il ne s\u2019agit pas d\u2019un suicide<\/strong>, mais <strong>d\u2019une chute mortelle li\u00e9e \u00e0 son \u00e9tat m\u00e9dical<\/strong>. En raison du choc et de la gravit\u00e9 de la situation, des <strong>fun\u00e9railles priv\u00e9es<\/strong> ont \u00e9t\u00e9 organis\u00e9es, en pr\u00e9sence exclusive de la famille proche.<\/p>\n<p>Dans son message, Danbee partage \u00e9galement les mots que Jin r\u00e9p\u00e9tait souvent de son vivant :<\/p>\n<blockquote class=\"wp-block-quote is-layout-flow wp-block-quote-is-layout-flow\">\n<p>\u00ab Le jour o\u00f9 je partirai sera un jour joyeux, car j\u2019irai au paradis. Alors, ne soyez pas tristes. \u00bb<\/p>\n<\/blockquote>\n<p>Anim\u00e9e par cette pens\u00e9e, la famille affirme croire que l\u2019artiste a d\u00e9sormais trouv\u00e9 un lieu de paix.<\/p>\n<p>Plut\u00f4t que de ne se souvenir de lui qu\u2019\u00e0 travers la douleur, ses proches esp\u00e8rent que le public continuera \u00e0 faire vivre sa m\u00e9moire \u00e0 travers <strong>sa musique<\/strong> et les souvenirs chaleureux qu\u2019il a laiss\u00e9s derri\u00e8re lui, sans porter ce chagrin trop longtemps.<\/p>\n<p>Jin Denim avait sorti son <strong>premier album, Dear, Stefi, en 2021<\/strong>. Sans jamais atteindre une notori\u00e9t\u00e9 grand public, il s\u2019\u00e9tait construit une reconnaissance discr\u00e8te mais sinc\u00e8re sur la sc\u00e8ne ind\u00e9pendante, se produisant notamment lors de plusieurs festivals, dont le <strong>New Talents Project Festival 2025 \u00e0 Barcelone<\/strong>.<\/p>\n<p>La r\u00e9daction adresse ses plus sinc\u00e8res condol\u00e9ances \u00e0 sa famille, \u00e0 ses proches et \u00e0 toutes les personnes touch\u00e9es par sa musique.<\/p>\n<p>  Si vous appr\u00e9ciez notre travail, vous pouvez nous soutenir en nous suivant sur Google :  <a href=\"https:\/\/profile.google.com\/cp\/EjwKHGFsdHNlbGVjdGlvbi5vdWVzdC1mcmFuY2UuZnISHGFsdHNlbGVjdGlvbi5vdWVzdC1mcmFuY2UuZnI\" target=\"_blank\" rel=\"noopener nofollow external\" style=\"&#010; display:inline-block !important;&#010; padding:12px 20px !important;&#010; background:#ff2d89 !important;&#010; color:#fff !important;&#010; border-radius:999px !important;&#010; font-weight:700 !important;&#010; text-decoration:none !important;&#010; line-height:1 !important;&#010; border:0 !important;&#010; box-shadow:0 6px 18px rgba(255,45,137,.25) !important;&#010; transition:transform .06s ease, box-shadow .2s ease !important;\"> Suivre sur Google News <\/a><\/p>\n","protected":false},"excerpt":{"rendered":"Jin Denim est d\u00e9c\u00e9d\u00e9 \u00e0 l\u2019\u00e2ge de 29 ans. L\u2019information a \u00e9t\u00e9 rendue publique via un message publi\u00e9&hellip;\n","protected":false},"author":2,"featured_media":640301,"comment_status":"","ping_status":"","sticky":false,"template":"","format":"standard","meta":{"footnotes":""},"categories":[1355],"tags":[58,59,1011,27,1361,873],"class_list":{"0":"post-640300","1":"post","2":"type-post","3":"status-publish","4":"format-standard","5":"has-post-thumbnail","7":"category-musique","8":"tag-divertissement","9":"tag-entertainment","10":"tag-fr","11":"tag-france","12":"tag-music","13":"tag-musique"},"share_on_mastodon":{"url":"https:\/\/pubeurope.com\/@fr\/115836770380873204","error":""},"_links":{"self":[{"href":"https:\/\/www.europesays.com\/fr\/wp-json\/wp\/v2\/posts\/640300","targetHints":{"allow":["GET"]}}],"collection":[{"href":"https:\/\/www.europesays.com\/fr\/wp-json\/wp\/v2\/posts"}],"about":[{"href":"https:\/\/www.europesays.com\/fr\/wp-json\/wp\/v2\/types\/post"}],"author":[{"embeddable":true,"href":"https:\/\/www.europesays.com\/fr\/wp-json\/wp\/v2\/users\/2"}],"replies":[{"embeddable":true,"href":"https:\/\/www.europesays.com\/fr\/wp-json\/wp\/v2\/comments?post=640300"}],"version-history":[{"count":0,"href":"https:\/\/www.europesays.com\/fr\/wp-json\/wp\/v2\/posts\/640300\/revisions"}],"wp:featuredmedia":[{"embeddable":true,"href":"https:\/\/www.europesays.com\/fr\/wp-json\/wp\/v2\/media\/640301"}],"wp:attachment":[{"href":"https:\/\/www.europesays.com\/fr\/wp-json\/wp\/v2\/media?parent=640300"}],"wp:term":[{"taxonomy":"category","embeddable":true,"href":"https:\/\/www.europesays.com\/fr\/wp-json\/wp\/v2\/categories?post=640300"},{"taxonomy":"post_tag","embeddable":true,"href":"https:\/\/www.europesays.com\/fr\/wp-json\/wp\/v2\/tags?post=640300"}],"curies":[{"name":"wp","href":"https:\/\/api.w.org\/{rel}","templated":true}]}}