{"id":640312,"date":"2026-01-04T12:18:11","date_gmt":"2026-01-04T12:18:11","guid":{"rendered":"https:\/\/www.europesays.com\/fr\/640312\/"},"modified":"2026-01-04T12:18:11","modified_gmt":"2026-01-04T12:18:11","slug":"direct-venezuela-le-conseil-de-securite-de-lonu-doit-se-reunir-lundi-matin-a-la-demande-du-pays","status":"publish","type":"post","link":"https:\/\/www.europesays.com\/fr\/640312\/","title":{"rendered":"DIRECT. Venezuela : le Conseil de s\u00e9curit\u00e9 de l&rsquo;ONU doit se r\u00e9unir lundi matin \u00e0 la demande du pays"},"content":{"rendered":"<p>Un pr\u00e9sident captur\u00e9 par les \u00c9tats-Unis<\/p>\n<p>Maduro bient\u00f4t jug\u00e9<\/p>\n<p>Nicol\u00e1s Maduro, 63 ans, et son \u00e9pouse Cilia Flores, 69 ans, sont arriv\u00e9s samedi soir \u00e0 New York pour y \u00eatre pr\u00e9sent\u00e9s \u00e0 la justice, selon le pr\u00e9sident am\u00e9ricain. Le pr\u00e9sident a \u00e9t\u00e9 conduit dans une prison f\u00e9d\u00e9rale du quartier de Brooklyn. Le couple est accus\u00e9 par la justice am\u00e9ricaine de \u00ab narcoterrorisme \u00bb et d&rsquo;importation de coca\u00efne aux \u00c9tats-Unis, selon un nouvel acte d&rsquo;accusation rendu public samedi.<\/p>\n<p>Vers un gouvernement de transition ?<\/p>\n<p>Il n&rsquo;a cependant pas pr\u00e9cis\u00e9 pour l&rsquo;heure comment les \u00c9tats-Unis allaient diriger le pays. Et dans les rues de Caracas, aucun signe d&rsquo;une pr\u00e9sence militaire am\u00e9ricaine n&rsquo;\u00e9tait visible, a constat\u00e9 l&rsquo;AFP.<\/p>\n<p>Une vice-pr\u00e9sidente d\u00e9termin\u00e9e<\/p>\n<p>Premi\u00e8re dans l\u2019ordre de succession au pouvoir, <a href=\"https:\/\/www.leparisien.fr\/international\/une-tigresse-qui-est-delcy-rodriguez-la-vice-presidente-censee-diriger-le-venezuela-en-labsence-de-nicolas-maduro-03-01-2026-LGWV6BTGSBFXFIXJYB72QTBGQ4.php\" target=\"_blank\" rel=\"noopener\">la vice-pr\u00e9sidente du Venezuela, Delcy Rodriguez<\/a>, a r\u00e9agi en direct \u00e0 la t\u00e9l\u00e9vision, affirmant que Nicolas Maduro \u00e9tait \u00ab l\u2019unique pr\u00e9sident \u00bb du pays et exigeant sa \u00ab lib\u00e9ration imm\u00e9diate \u00bb. \u00ab Nous sommes pr\u00eats \u00e0 d\u00e9fendre le Venezuela, nous sommes pr\u00eats \u00e0 d\u00e9fendre nos ressources naturelles qui doivent servir au d\u00e9veloppement national \u00bb, a d\u00e9clar\u00e9 Delcy Rodriguez, \u00e0 la t\u00eate d\u2019un Conseil de d\u00e9fense.<\/p>\n<p>R\u00e9actions mitig\u00e9es \u00e0 l&rsquo;international<\/p>\n<p>La France <a href=\"https:\/\/www.leparisien.fr\/politique\/venezuela-macron-salue-la-fin-de-la-dictature-maduro-melenchon-denonce-une-position-qui-nous-fait-honte-03-01-2026-XVDTNM3Y5NG5ZEFQDJXT24LPAE.php\" target=\"_blank\" rel=\"noopener\">a plaid\u00e9 pour une transition assur\u00e9e \u00ab au plus vite \u00bb<\/a> par le candidat de l&rsquo;opposition \u00e0 la pr\u00e9sidentielle de 2024, Edmundo Gonzalez Urrutia, tandis que Madrid a appel\u00e9 \u00e0 une transition \u00ab juste et dans le dialogue \u00bb. Londres a annonc\u00e9 des discussions avec Washington \u00ab dans les jours \u00e0 venir \u00bb sur le sujet.<\/p>\n<p>Moscou a \u00ab\u00a0exhort\u00e9\u00a0\u00bb les \u00c9tats-Unis \u00e0 \u00ab\u00a0lib\u00e9rer le pr\u00e9sident l\u00e9galement \u00e9lu d\u2019un pays souverain ainsi que son \u00e9pouse\u00a0\u00bb. P\u00e9kin, un autre alli\u00e9 de Caracas, a \u00ab\u00a0condamn\u00e9 fermement le recours flagrant \u00e0 la force par les \u00c9tats-Unis contre un \u00c9tat souverain et leur action contre son pr\u00e9sident\u00a0\u00bb.<\/p>\n<p>Le secr\u00e9taire g\u00e9n\u00e9ral de l\u2019ONU Antonio Guterres s\u2019est inqui\u00e9t\u00e9 \u00ab\u00a0que le droit international n\u2019ait pas \u00e9t\u00e9 respect\u00e9\u00a0\u00bb, d\u00e9plorant un \u00ab\u00a0dangereux pr\u00e9c\u00e9dent\u00a0\u00bb.<\/p>\n<p>Le Mexique et le Br\u00e9sil ont condamn\u00e9 les frappes am\u00e9ricaines, salu\u00e9es \u00e0 l\u2019inverse par le pr\u00e9sident argentin pro-Trump, Javier Milei, et par Isra\u00ebl.<\/p>\n","protected":false},"excerpt":{"rendered":"Un pr\u00e9sident captur\u00e9 par les \u00c9tats-Unis Maduro bient\u00f4t jug\u00e9 Nicol\u00e1s Maduro, 63 ans, et son \u00e9pouse Cilia Flores,&hellip;\n","protected":false},"author":2,"featured_media":639184,"comment_status":"","ping_status":"","sticky":false,"template":"","format":"standard","meta":{"footnotes":""},"categories":[6],"tags":[35,74708,20507,33,34,1011,27,73604,58257],"class_list":{"0":"post-640312","1":"post","2":"type-post","3":"status-publish","4":"format-standard","5":"has-post-thumbnail","7":"category-economie","8":"tag-business","9":"tag-civil-conflict","10":"tag-demonstrations","11":"tag-economie","12":"tag-economy","13":"tag-fr","14":"tag-france","15":"tag-international-relations","16":"tag-riots"},"share_on_mastodon":{"url":"https:\/\/pubeurope.com\/@fr\/115836793992573695","error":""},"_links":{"self":[{"href":"https:\/\/www.europesays.com\/fr\/wp-json\/wp\/v2\/posts\/640312","targetHints":{"allow":["GET"]}}],"collection":[{"href":"https:\/\/www.europesays.com\/fr\/wp-json\/wp\/v2\/posts"}],"about":[{"href":"https:\/\/www.europesays.com\/fr\/wp-json\/wp\/v2\/types\/post"}],"author":[{"embeddable":true,"href":"https:\/\/www.europesays.com\/fr\/wp-json\/wp\/v2\/users\/2"}],"replies":[{"embeddable":true,"href":"https:\/\/www.europesays.com\/fr\/wp-json\/wp\/v2\/comments?post=640312"}],"version-history":[{"count":0,"href":"https:\/\/www.europesays.com\/fr\/wp-json\/wp\/v2\/posts\/640312\/revisions"}],"wp:featuredmedia":[{"embeddable":true,"href":"https:\/\/www.europesays.com\/fr\/wp-json\/wp\/v2\/media\/639184"}],"wp:attachment":[{"href":"https:\/\/www.europesays.com\/fr\/wp-json\/wp\/v2\/media?parent=640312"}],"wp:term":[{"taxonomy":"category","embeddable":true,"href":"https:\/\/www.europesays.com\/fr\/wp-json\/wp\/v2\/categories?post=640312"},{"taxonomy":"post_tag","embeddable":true,"href":"https:\/\/www.europesays.com\/fr\/wp-json\/wp\/v2\/tags?post=640312"}],"curies":[{"name":"wp","href":"https:\/\/api.w.org\/{rel}","templated":true}]}}