{"id":640315,"date":"2026-01-04T12:20:10","date_gmt":"2026-01-04T12:20:10","guid":{"rendered":"https:\/\/www.europesays.com\/fr\/640315\/"},"modified":"2026-01-04T12:20:10","modified_gmt":"2026-01-04T12:20:10","slug":"un-policier-percute-par-une-voiture-en-interceptant-un-cambrioleur-a-aix-en-provence","status":"publish","type":"post","link":"https:\/\/www.europesays.com\/fr\/640315\/","title":{"rendered":"Un policier percut\u00e9 par une voiture en interceptant un cambrioleur \u00e0 Aix-en-Provence"},"content":{"rendered":"<p>Il \u00e9tait environ 20h, ce soir du samedi 3 janvier 2026, lorsque les habitants d\u2019une maison situ\u00e9e sur un petit chemin entre Luynes et les Milles, \u00e0 Aix-en-Provence ont re\u00e7u une inqui\u00e9tante alerte sur leur t\u00e9l\u00e9phone. Leur syst\u00e8me d\u2019alarme venait de d\u00e9tecter une intrusion alors qu\u2019ils \u00e9taient absents de chez eux.<\/p>\n<p>D\u00e9couvrant avec effroi sur les images de leurs cam\u00e9ras de vid\u00e9osurveillance que trois personnes au moins \u00e9taient en train de commettre un vol par effraction \u00e0 leur domicile, les propri\u00e9taires ont alert\u00e9 la police.<\/p>\n<p>Quelques instants apr\u00e8s, plusieurs patrouilles ont pris la direction du cambriolage en cours. Arriv\u00e9e en quelques minutes, une patrouille de la BAC a d\u00e9boul\u00e9 sur l\u2019\u00e9troit chemin de la Blaque, surprenant un homme en train de prendre la fuite au volant d\u2019une voiture. Le temps d\u2019annoncer la chasse sur les ondes, un autre \u00e9quipage du Groupe de s\u00e9curit\u00e9 de proximit\u00e9 (GSP) d\u2019Aix-en-Provence s\u2019est positionn\u00e9 en travers du chemin avec une voiture de patrouille s\u00e9rigraphi\u00e9e, afin d\u2019intercepter le v\u00e9hicule en fuite.<\/p>\n<p>Il percute un policier et un arbre<\/p>\n<p>Mais loin d\u2019obtemp\u00e9rer, le chauffard a tent\u00e9 de forcer le passage, percutant un fonctionnaire du GSP qui se trouvait \u00e0 pied devant lui. C\u2019est finalement un arbre qui a stopp\u00e9 la course du fuyard, tandis que le policier demeurait \u00e0 terre, s\u00e9rieusement bless\u00e9 apr\u00e8s avoir \u00e9t\u00e9 renvers\u00e9.<\/p>\n<p>L\u2019agent, conscient, mais souffrant de douleurs aux cervicales, notamment, et de plaies superficielles, a \u00e9t\u00e9 pris en charge par les sapeurs-pompiers et transport\u00e9 \u00e0 l\u2019h\u00f4pital avec un soup\u00e7on de traumatisme cr\u00e2nien. Son \u00e9tat n\u2019inspirait toutefois plus d\u2019inqui\u00e9tude ce dimanche matin.<\/p>\n<p>Le suspect simule un coma<\/p>\n<p>Le suspect du cambriolage a \u00e9galement d\u00fb \u00eatre pris en charge par les secours, trouv\u00e9 inconscient dans l\u2019habitacle apr\u00e8s le choc avec l\u2019arbre. Cependant, apr\u00e8s examen, il s\u2019est av\u00e9r\u00e9 que l\u2019homme simulait un malaise. Sorti dans l\u2019ambulance et menott\u00e9 apr\u00e8s avoir miraculeusement remont\u00e9 l\u2019\u00e9chelle de Glasgow, cet homme, demeurant \u00e0 Marseille, a \u00e9t\u00e9 plac\u00e9 en garde \u00e0 vue pour tentative de meurtre et viol par effraction. Ses deux complices sont parvenus \u00e0 prendre la fuite, mais demeuraient recherch\u00e9s.<\/p>\n<p>Refus d\u2019obtemp\u00e9rer en s\u00e9rie<\/p>\n<p><a href=\"https:\/\/www.laprovence.com\/article\/faits-divers-justice\/10682548624565\/ils-manquent-decraser-un-policier-apres-un-cambriolage-dans-les-quartiers-sud-de-marseille-le-soir-du-nouvel-an\" target=\"_blank\" rel=\"noopener\">La sc\u00e8ne intervient moins de 48h apr\u00e8s une affaire similaire<\/a>, survenue \u00e0 Marseille, boulevard Michelet, dans le 8e arrondissement, o\u00f9 un policier de la BST a manqu\u00e9 d\u2019\u00eatre emport\u00e9 par la man\u0153uvre d\u2019un automobiliste surpris apr\u00e8s le cambriolage d\u2019une boulangerie.<\/p>\n<p>Mais ce samedi soir, quelques heures seulement apr\u00e8s la course-poursuite entre les Milles et Luynes, toujours \u00e0 Aix-en-Provence, un autre v\u00e9hicule avec trois personnes \u00e0 son bord a encore tent\u00e9 de foncer en direction d\u2019un \u00e9quipage de la BAC qui s\u2019appr\u00eatait \u00e0 la contr\u00f4ler, vers 3h du matin, dans le secteur de l\u2019Arbois. Les trois occupants de la voiture ont \u00e9t\u00e9 interpell\u00e9s.<\/p>\n","protected":false},"excerpt":{"rendered":"Il \u00e9tait environ 20h, ce soir du samedi 3 janvier 2026, lorsque les habitants d\u2019une maison situ\u00e9e sur&hellip;\n","protected":false},"author":2,"featured_media":640316,"comment_status":"","ping_status":"","sticky":false,"template":"","format":"standard","meta":{"footnotes":""},"categories":[4],"tags":[5734,11,16513,274,1011,27,74709,12,5912,22602,10910,25,96,4752],"class_list":{"0":"post-640315","1":"post","2":"type-post","3":"status-publish","4":"format-standard","5":"has-post-thumbnail","7":"category-france","8":"tag-5734","9":"tag-actualites","10":"tag-cambrioleur","11":"tag-faits-divers-justice","12":"tag-fr","13":"tag-france","14":"tag-interceptant","15":"tag-news","16":"tag-par","17":"tag-percute","18":"tag-policier","19":"tag-republique-francaise","20":"tag-une","21":"tag-voiture"},"share_on_mastodon":{"url":"https:\/\/pubeurope.com\/@fr\/115836801791746505","error":""},"_links":{"self":[{"href":"https:\/\/www.europesays.com\/fr\/wp-json\/wp\/v2\/posts\/640315","targetHints":{"allow":["GET"]}}],"collection":[{"href":"https:\/\/www.europesays.com\/fr\/wp-json\/wp\/v2\/posts"}],"about":[{"href":"https:\/\/www.europesays.com\/fr\/wp-json\/wp\/v2\/types\/post"}],"author":[{"embeddable":true,"href":"https:\/\/www.europesays.com\/fr\/wp-json\/wp\/v2\/users\/2"}],"replies":[{"embeddable":true,"href":"https:\/\/www.europesays.com\/fr\/wp-json\/wp\/v2\/comments?post=640315"}],"version-history":[{"count":0,"href":"https:\/\/www.europesays.com\/fr\/wp-json\/wp\/v2\/posts\/640315\/revisions"}],"wp:featuredmedia":[{"embeddable":true,"href":"https:\/\/www.europesays.com\/fr\/wp-json\/wp\/v2\/media\/640316"}],"wp:attachment":[{"href":"https:\/\/www.europesays.com\/fr\/wp-json\/wp\/v2\/media?parent=640315"}],"wp:term":[{"taxonomy":"category","embeddable":true,"href":"https:\/\/www.europesays.com\/fr\/wp-json\/wp\/v2\/categories?post=640315"},{"taxonomy":"post_tag","embeddable":true,"href":"https:\/\/www.europesays.com\/fr\/wp-json\/wp\/v2\/tags?post=640315"}],"curies":[{"name":"wp","href":"https:\/\/api.w.org\/{rel}","templated":true}]}}