{"id":640340,"date":"2026-01-04T12:37:25","date_gmt":"2026-01-04T12:37:25","guid":{"rendered":"https:\/\/www.europesays.com\/fr\/640340\/"},"modified":"2026-01-04T12:37:25","modified_gmt":"2026-01-04T12:37:25","slug":"arbitrage-de-lille-rennes-nabil-bentaleb-voit-un-autre-probleme-ligue-1-j17-lille-rennes-0-2","status":"publish","type":"post","link":"https:\/\/www.europesays.com\/fr\/640340\/","title":{"rendered":"Arbitrage de Lille-Rennes : Nabil Bentaleb voit un autre probl\u00e8me &#8211; Ligue 1 &#8211; J17 &#8211; Lille-Rennes (0-2)"},"content":{"rendered":"<p>Il a \u00e9t\u00e9 assez intelligent pour <a target=\"_blank\" href=\"https:\/\/www.sofoot.com\/articles\/lille-rennes-les-mauvaises-resolutions-du-losc-dolivier-letang-et-bruno-genesio\" rel=\"noopener\">contenir Bruno Genesio, qui comptait en d\u00e9coudre \u00e0 la mi-temps<\/a>.<\/p>\n<p>Lors de la d\u00e9faite de Lille contre Rennes \u00e0 domicile, \u00e0 l\u2019occasion de la dix-septi\u00e8me journ\u00e9e de Ligue 1 et au cours de laquelle <a target=\"_blank\" href=\"https:\/\/www.sofoot.com\/breves\/lille-rennes-olivier-letang-et-bruno-genesio-furieux-contre-larbitrage-des-la-pause\" rel=\"noopener\">les dirigeants des locaux ont d\u00e9rap\u00e9<\/a>, Nabil Bentaleb a plut\u00f4t fait preuve de sang-froid. <strong>Le joueur nordiste s\u2019est \u00e9galement arr\u00eat\u00e9 en zone mixe pour \u00e9voquer Eric Wattellier<\/strong>, dont les coups de sifflet et le carton rouge adress\u00e9 \u00e0 Alexsandro n\u2019ont pas plu \u00e0 son camp malgr\u00e9 <a target=\"_blank\" href=\"https:\/\/www.sofoot.com\/breves\/lille-rennes-larbitre-eric-wattellier-explique-la-raison-de-lexpulsion-dalexsandro\" rel=\"noopener\">ses justifications raisonn\u00e9es<\/a>.<\/p>\n<p>Mais contrairement \u00e0 d\u2019autres, <strong>le milieu de terrain a davantage vis\u00e9 le comportement<\/strong> de l\u2019arbitre que ses d\u00e9cisions : \u00ab\u202fIl y a l\u2019expulsion d\u2019Alexandro \u00e0 la treizi\u00e8me minute, mais il n\u2019y a pas que \u00e7a. On ne peut pas parler avec l\u2019arbitre, en fait. On n\u2019a pas droit de parler, on ne peut pas communiquer\u2026 Forc\u00e9ment, il y a un climat \u00e9lectrique qui s\u2019installe. Il prend sa d\u00e9cision assez rapidement, je lui ai demand\u00e9 de patienter pour regarder la VAR et d\u2019\u00eatre s\u00fbr de lui avant de prendre une d\u00e9cision d\u2019une telle importance.\u202f\u00bb<\/p>\n<p>Inutile de crier, patron.<\/p>\n<p>\t\t\t\t\t\t\t\t\t\t<a class=\"lien-connexe\" href=\"https:\/\/www.sofoot.com\/articles\/lille-rennes-les-mauvaises-resolutions-du-losc-dolivier-letang-et-bruno-genesio\" target=\"_blank\" rel=\"noopener\">\u00c0 Lille, l\u2019enfer c\u2019est les h\u00f4tes<\/a>\t\t\t\t\t<\/p>\n","protected":false},"excerpt":{"rendered":"Il a \u00e9t\u00e9 assez intelligent pour contenir Bruno Genesio, qui comptait en d\u00e9coudre \u00e0 la mi-temps. Lors de&hellip;\n","protected":false},"author":2,"featured_media":640341,"comment_status":"","ping_status":"","sticky":false,"template":"","format":"standard","meta":{"footnotes":""},"categories":[2821],"tags":[1111,47,11,61,829,69,65,64,1777,674,63,1011,27,68,66,12,62,70,584,25,67],"class_list":{"0":"post-640340","1":"post","2":"type-post","3":"status-publish","4":"format-standard","5":"has-post-thumbnail","7":"category-rennes","8":"tag-actu","9":"tag-actualite","10":"tag-actualites","11":"tag-actus-football","12":"tag-bretagne","13":"tag-bundesliga","14":"tag-championnats-europeens","15":"tag-equipe-de-france","16":"tag-eu","17":"tag-europe","18":"tag-football","19":"tag-fr","20":"tag-france","21":"tag-ligua","22":"tag-ligue-1","23":"tag-news","24":"tag-news-foot","25":"tag-premier-league","26":"tag-rennes","27":"tag-republique-francaise","28":"tag-serie-a"},"share_on_mastodon":{"url":"https:\/\/pubeurope.com\/@fr\/115836868545906766","error":""},"_links":{"self":[{"href":"https:\/\/www.europesays.com\/fr\/wp-json\/wp\/v2\/posts\/640340","targetHints":{"allow":["GET"]}}],"collection":[{"href":"https:\/\/www.europesays.com\/fr\/wp-json\/wp\/v2\/posts"}],"about":[{"href":"https:\/\/www.europesays.com\/fr\/wp-json\/wp\/v2\/types\/post"}],"author":[{"embeddable":true,"href":"https:\/\/www.europesays.com\/fr\/wp-json\/wp\/v2\/users\/2"}],"replies":[{"embeddable":true,"href":"https:\/\/www.europesays.com\/fr\/wp-json\/wp\/v2\/comments?post=640340"}],"version-history":[{"count":0,"href":"https:\/\/www.europesays.com\/fr\/wp-json\/wp\/v2\/posts\/640340\/revisions"}],"wp:featuredmedia":[{"embeddable":true,"href":"https:\/\/www.europesays.com\/fr\/wp-json\/wp\/v2\/media\/640341"}],"wp:attachment":[{"href":"https:\/\/www.europesays.com\/fr\/wp-json\/wp\/v2\/media?parent=640340"}],"wp:term":[{"taxonomy":"category","embeddable":true,"href":"https:\/\/www.europesays.com\/fr\/wp-json\/wp\/v2\/categories?post=640340"},{"taxonomy":"post_tag","embeddable":true,"href":"https:\/\/www.europesays.com\/fr\/wp-json\/wp\/v2\/tags?post=640340"}],"curies":[{"name":"wp","href":"https:\/\/api.w.org\/{rel}","templated":true}]}}