{"id":640349,"date":"2026-01-04T12:44:10","date_gmt":"2026-01-04T12:44:10","guid":{"rendered":"https:\/\/www.europesays.com\/fr\/640349\/"},"modified":"2026-01-04T12:44:10","modified_gmt":"2026-01-04T12:44:10","slug":"le-barreau-de-bordeaux-lance-un-site-pour-proposer-un-avocat-aux-mineurs","status":"publish","type":"post","link":"https:\/\/www.europesays.com\/fr\/640349\/","title":{"rendered":"le barreau de Bordeaux lance un site pour proposer un avocat aux mineurs"},"content":{"rendered":"<p>En allant sur <a href=\"https:\/\/www.checktesdroits.fr\/\" target=\"_blank\" rel=\"nofollow noopener\">CheckTesDroits.f<\/a>r, les plus jeunes peuvent en premier lieu trouver des r\u00e9ponses simples \u00e0 des questions pr\u00e9gnantes chez leur tranche d\u2019\u00e2ge\u00a0: \u00ab\u00a0on me harc\u00e8le, je fais quoi\u00a0?\u00a0\u00bb, \u00ab\u00a0je peux choisir chez quel parent vivre\u00a0?\u00a0\u00bb, \u00ab\u00a0combien co\u00fbte mon avocat\u00a0?\u00a0\u00bb\u2026 Autant d\u2019occasions d\u2019obtenir \u00ab\u00a0des r\u00e9ponses claires \u00e0 ses questions sur ses droits\u00a0\u00bb, vante le site.<\/p>\n<p>Individuel et personnalis\u00e9<\/p>\n<p>Mais surtout, les moins de 18\u00a0ans peuvent prendre rendez-vous avec un avocat. \u00ab\u00a0On est parti sur ce qui existait, explique la b\u00e2tonni\u00e8re. Depuis trente ans, le Centre de recherches d\u2019informations et de consultations sur les droits de l\u2019enfant [le CRIC, NDLR] dispose \u00e0 Bordeaux d\u2019une expertise, avec des consultations en cabinet, mais aussi des interventions dans les \u00e9coles, les coll\u00e8ges et les lyc\u00e9es. On pose \u00e0 ces professionnels de plus en plus de questions, sur le harc\u00e8lement ou la violence\u2026 C\u2019est un format utile mais collectif, et qui ne permet pas n\u00e9cessairement un dialogue individuel et personnalis\u00e9.\u00a0\u00bb<\/p>\n<p>C\u2019est ainsi qu\u2019a germ\u00e9 l\u2019id\u00e9e de Check tes droits. \u00ab\u00a0On s\u2019est inspir\u00e9 de notre travail avec l\u2019Aide victime avocat (AVA), actif depuis janvier 2025\u00a0\u00bb, pr\u00e9cise Me Delas. Il s\u2019agit d\u2019une ligne rouge (06\u00a084\u00a063\u00a080\u00a034) o\u00f9 toute victime peut contacter un avocat sept jours sur sept, vingt-quatre heures sur vingt-quatre. M\u00eame principe sur le site. \u00ab\u00a0Un des 250 avocats du CRIC est de permanence chaque semaine. Si on le contacte, de mani\u00e8re s\u00e9curis\u00e9e et interactive, on peut avoir rendez-vous avec lui en cabinet ou au t\u00e9l\u00e9phone, explique le barreau. C\u2019est du sur-mesure.\u00a0\u00bb<\/p>\n<blockquote><p>\u00ab\u00a0On a imagin\u00e9 s\u2019adosser \u00e0 un influenceur tourn\u00e9 vers les jeunes pour faire conna\u00eetre le site.\u00a0\u00bb<\/p><\/blockquote>\n<p>Loin d\u2019\u00eatre un gadget, cette nouveaut\u00e9 intervient dans un contexte de mobilisation pour les droits des enfants. L\u2019Assembl\u00e9e nationale vient d\u2019adopter une proposition de loi visant \u00e0 garantir le droit \u00e0 chaque mineur d\u2019\u00eatre assist\u00e9 d\u2019un avocat dans le cadre des mesures d\u2019assistance \u00e9ducative et de protection de l\u2019enfance. D\u00e9sormais, la pr\u00e9sence de ces d\u00e9fenseurs est obligatoire. \u00ab\u00a0On a toujours milit\u00e9 pour \u00e7a\u00a0\u00bb, insiste Me Laveyssi\u00e8re.<\/p>\n<p>Qui admet que le dispositif ne peut fonctionner que s\u2019il est connu. \u00ab\u00a0Il appartiendra aux nouveaux \u00e9lus au b\u00e2tonnat d\u2019en assurer la promotion, par exemple sur les r\u00e9seaux sociaux. On a imagin\u00e9 s\u2019adosser \u00e0 un influenceur tourn\u00e9 vers les jeunes pour faire conna\u00eetre le site. Mais il faudra aussi \u00e9tudier les partenariats avec le D\u00e9partement et le rectorat.\u00a0\u00bb<\/p>\n","protected":false},"excerpt":{"rendered":"En allant sur CheckTesDroits.fr, les plus jeunes peuvent en premier lieu trouver des r\u00e9ponses simples \u00e0 des questions&hellip;\n","protected":false},"author":2,"featured_media":640350,"comment_status":"","ping_status":"","sticky":false,"template":"","format":"standard","meta":{"footnotes":""},"categories":[2817],"tags":[1111,11,1997,1777,674,1011,27,12,2219,25],"class_list":{"0":"post-640349","1":"post","2":"type-post","3":"status-publish","4":"format-standard","5":"has-post-thumbnail","7":"category-bordeaux","8":"tag-actu","9":"tag-actualites","10":"tag-bordeaux","11":"tag-eu","12":"tag-europe","13":"tag-fr","14":"tag-france","15":"tag-news","16":"tag-nouvelle-aquitaine","17":"tag-republique-francaise"},"share_on_mastodon":{"url":"https:\/\/pubeurope.com\/@fr\/115836896172323244","error":""},"_links":{"self":[{"href":"https:\/\/www.europesays.com\/fr\/wp-json\/wp\/v2\/posts\/640349","targetHints":{"allow":["GET"]}}],"collection":[{"href":"https:\/\/www.europesays.com\/fr\/wp-json\/wp\/v2\/posts"}],"about":[{"href":"https:\/\/www.europesays.com\/fr\/wp-json\/wp\/v2\/types\/post"}],"author":[{"embeddable":true,"href":"https:\/\/www.europesays.com\/fr\/wp-json\/wp\/v2\/users\/2"}],"replies":[{"embeddable":true,"href":"https:\/\/www.europesays.com\/fr\/wp-json\/wp\/v2\/comments?post=640349"}],"version-history":[{"count":0,"href":"https:\/\/www.europesays.com\/fr\/wp-json\/wp\/v2\/posts\/640349\/revisions"}],"wp:featuredmedia":[{"embeddable":true,"href":"https:\/\/www.europesays.com\/fr\/wp-json\/wp\/v2\/media\/640350"}],"wp:attachment":[{"href":"https:\/\/www.europesays.com\/fr\/wp-json\/wp\/v2\/media?parent=640349"}],"wp:term":[{"taxonomy":"category","embeddable":true,"href":"https:\/\/www.europesays.com\/fr\/wp-json\/wp\/v2\/categories?post=640349"},{"taxonomy":"post_tag","embeddable":true,"href":"https:\/\/www.europesays.com\/fr\/wp-json\/wp\/v2\/tags?post=640349"}],"curies":[{"name":"wp","href":"https:\/\/api.w.org\/{rel}","templated":true}]}}