{"id":640361,"date":"2026-01-04T12:51:18","date_gmt":"2026-01-04T12:51:18","guid":{"rendered":"https:\/\/www.europesays.com\/fr\/640361\/"},"modified":"2026-01-04T12:51:18","modified_gmt":"2026-01-04T12:51:18","slug":"prof-a-aix-en-provence-et-etoile-montante-audrey-sabardeil-ecrit-marseille-a-travers-le-polar","status":"publish","type":"post","link":"https:\/\/www.europesays.com\/fr\/640361\/","title":{"rendered":"Prof \u00e0 Aix-en-Provence et \u00e9toile montante, Audrey Sabardeil \u00e9crit Marseille \u00e0 travers le polar"},"content":{"rendered":"<p>\u00c0 l&rsquo;or\u00e9e de la cinquantaine, <a href=\"https:\/\/www.laprovence.com\/article\/region\/63839014224379\/l-auteure-audrey-sabardeil-presente-son-premier-roman-polar-realiste-au-salon-litteraire-de-fuveau\" target=\"_blank\" rel=\"noopener\">Audrey Sabardeil<\/a>, prof de fran\u00e7ais au coll\u00e8ge Arc de Meyran \u00e0 Aix, vit sa meilleure vie. Depuis 2022, elle a publi\u00e9 3 polars en autant de \u00ab\u00a0visages de Marseille, avec chaque fois un regard sur la soci\u00e9t\u00e9\u00a0\u00bb, pr\u00e9sente-t-elle. Le dernier, Cargo Blues, a paru aux \u00e9ditions marseillaises <a href=\"https:\/\/www.laprovence.com\/article\/culture-loisirs\/27895231525437\/marseille-remi-baille-la-plume-tournee-vers-la-mer-mediterranee\" target=\"_blank\" rel=\"noopener\">Le bruit du monde<\/a>, 4 ans d&rsquo;existence seulement et une aura d\u00e9j\u00e0 b\u00e9ton dans le milieu de l&rsquo;\u00e9dition.<\/p>\n<p>\u00ab\u00a0Pour moi c&rsquo;est un pas immense. Ils diffusent nationalement et efficacement, ils ont un tr\u00e8s beau catalogue, choisissent de belles voix d&rsquo;\u00e9crivains. Et \u00e7a me permet d&rsquo;apprendre beaucoup, il y a la fois un vrai dialogue de travail et un vrai climat de confiance\u00a0\u00bb.<\/p>\n<p>\u00ab\u00a0Une criminalit\u00e9 en col blanc\u00a0\u00bb<\/p>\n<p>Cargo Blues, \u00ab\u00a0c&rsquo;est l&rsquo;histoire d&rsquo;un homme ordinaire, cuistot sur les bateaux qui font <a href=\"https:\/\/www.laprovence.com\/article\/economie\/43626909942246\/une-nouvelle-porte-maritime-vers-la-corse-marseille-repense-son-terminal-passagers\" target=\"_blank\" rel=\"noopener\">la travers\u00e9e Marseille- Corse<\/a>. Il va se retrouver par un concours de circonstances \u00e0 mettre les deux pieds dans une affaire criminelle. Une banale affaire de drogue qui va d\u00e9masquer une criminalit\u00e9 en col blanc\u00a0\u00bb.<\/p>\n<p>Et sur le fond ? \u00ab\u00a0C&rsquo;est un regard lucide sur Marseille aujourd&rsquo;hui, crois\u00e9 sur diff\u00e9rentes probl\u00e9matiques de la ville, pr\u00e9cise Audrey Sabardeil : <a href=\"https:\/\/www.laprovence.com\/article\/faits-divers-justice\/35377580947371\/1-4-tonne-de-drogue-et-un-million-deuros-saisis-dans-les-quartiers-nord-de-marseille-en-2025\" target=\"_blank\" rel=\"noopener\">trafics de drogue<\/a>, d&rsquo;\u00eatres humains, malversations dans les hautes sph\u00e8res, mais aussi avec le regard distanci\u00e9 de ce marin qui est \u00e9tranger \u00e0 tout \u00e7a. C&rsquo;est une fiction mais bien document\u00e9e. Je me suis notamment appuy\u00e9e par les travaux de <a href=\"https:\/\/www.laprovence.com\/article\/societe\/4523050716349215\/dans-son-nouveau-livre-lecrivain-marseillais-philippe-pujol-se-penche-sur-les-enfants-du-monstre\" target=\"_blank\" rel=\"noopener\">Philippe Pujol<\/a>\u00ab\u00a0.<\/p>\n<p>La fin d&rsquo;un cycle pour l&rsquo;auteure, et peut-\u00eatre bient\u00f4t la confirmation au d\u00e9j\u00e0 des fronti\u00e8res de la r\u00e9gion ? Le prochain roman d&rsquo;Audrey Sabardeil, toujours chez Le bruit du monde, est programm\u00e9 pour dans un an, \u00ab\u00a0sans polar, ni Marseille\u00a0\u00bb, glisse-t-elle.<\/p>\n<p>\u00ab\u00a0Cargo Blues\u00a0\u00bb, Le bruit du monde, 21 \u20ac.<\/p>\n","protected":false},"excerpt":{"rendered":"\u00c0 l&rsquo;or\u00e9e de la cinquantaine, Audrey Sabardeil, prof de fran\u00e7ais au coll\u00e8ge Arc de Meyran \u00e0 Aix, vit&hellip;\n","protected":false},"author":2,"featured_media":640362,"comment_status":"","ping_status":"","sticky":false,"template":"","format":"standard","meta":{"footnotes":""},"categories":[2814],"tags":[5734,1111,11,7404,48424,47811,14723,1777,674,1011,27,884,74712,12,17224,882,16,25,48425],"class_list":{"0":"post-640361","1":"post","2":"type-post","3":"status-publish","4":"format-standard","5":"has-post-thumbnail","7":"category-marseille","8":"tag-5734","9":"tag-actu","10":"tag-actualites","11":"tag-aix-en-provence","12":"tag-audrey","13":"tag-ecrit","14":"tag-etoile","15":"tag-eu","16":"tag-europe","17":"tag-fr","18":"tag-france","19":"tag-marseille","20":"tag-montante","21":"tag-news","22":"tag-prof","23":"tag-provence-alpes-cote-dazur","24":"tag-region","25":"tag-republique-francaise","26":"tag-sabardeil"},"share_on_mastodon":{"url":"https:\/\/pubeurope.com\/@fr\/115836923667819697","error":""},"_links":{"self":[{"href":"https:\/\/www.europesays.com\/fr\/wp-json\/wp\/v2\/posts\/640361","targetHints":{"allow":["GET"]}}],"collection":[{"href":"https:\/\/www.europesays.com\/fr\/wp-json\/wp\/v2\/posts"}],"about":[{"href":"https:\/\/www.europesays.com\/fr\/wp-json\/wp\/v2\/types\/post"}],"author":[{"embeddable":true,"href":"https:\/\/www.europesays.com\/fr\/wp-json\/wp\/v2\/users\/2"}],"replies":[{"embeddable":true,"href":"https:\/\/www.europesays.com\/fr\/wp-json\/wp\/v2\/comments?post=640361"}],"version-history":[{"count":0,"href":"https:\/\/www.europesays.com\/fr\/wp-json\/wp\/v2\/posts\/640361\/revisions"}],"wp:featuredmedia":[{"embeddable":true,"href":"https:\/\/www.europesays.com\/fr\/wp-json\/wp\/v2\/media\/640362"}],"wp:attachment":[{"href":"https:\/\/www.europesays.com\/fr\/wp-json\/wp\/v2\/media?parent=640361"}],"wp:term":[{"taxonomy":"category","embeddable":true,"href":"https:\/\/www.europesays.com\/fr\/wp-json\/wp\/v2\/categories?post=640361"},{"taxonomy":"post_tag","embeddable":true,"href":"https:\/\/www.europesays.com\/fr\/wp-json\/wp\/v2\/tags?post=640361"}],"curies":[{"name":"wp","href":"https:\/\/api.w.org\/{rel}","templated":true}]}}