{"id":640363,"date":"2026-01-04T12:52:09","date_gmt":"2026-01-04T12:52:09","guid":{"rendered":"https:\/\/www.europesays.com\/fr\/640363\/"},"modified":"2026-01-04T12:52:09","modified_gmt":"2026-01-04T12:52:09","slug":"un-lyonnais-sous-le-poids-dune-amende-ecrasante","status":"publish","type":"post","link":"https:\/\/www.europesays.com\/fr\/640363\/","title":{"rendered":"un Lyonnais sous le poids d\u2019une amende \u00e9crasante"},"content":{"rendered":"<p itemprop=\"description\"><strong>Un contr\u00f4le routier qui tourne au dossier p\u00e9nal lourd de cons\u00e9quences.<\/strong><\/p>\n<p>Ce Lyonnais s\u2019est retrouv\u00e9 face \u00e0 une sanction redoutable.\u00a0Le tribunal correctionnel du Havre a condamn\u00e9, vendredi 2 janvier 2026, un Lyonnais de 42 ans pour avoir transport\u00e9 une quantit\u00e9 massive de tabac de contrebande \u00e0 travers la France.<\/p>\n<p>Les faits remontent au 7 novembre 2025. Ce jour-l\u00e0, les gendarmes interceptent un Renault Master au p\u00e9age du pont de Normandie, \u00e0 hauteur de Sandouville, en Seine-Maritime. \u00c0 l\u2019int\u00e9rieur du v\u00e9hicule : 500 kilos de tabac illicite, correspondant \u00e0 environ 2 500 cartouches de cigarettes de marque Marlboro.<\/p>\n<p>Selon les \u00e9l\u00e9ments rapport\u00e9s par\u00a0<a href=\"https:\/\/www.paris-normandie.fr\/id686527\/article\/2026-01-03\/controle-avec-500-kg-de-tabac-au-peage-du-pont-de-normandie-le-pere-de-famille\" target=\"_blank\" rel=\"noopener\">Paris Normandie<\/a>, le quadrag\u00e9naire, p\u00e8re de deux enfants, reconna\u00eet les faits. Il explique avoir accept\u00e9 ce transport en \u00e9change de 4 000 euros, \u00e9voquant des difficult\u00e9s financi\u00e8res. \u00c0 la barre, il admet \u00e9galement avoir d\u00e9j\u00e0 r\u00e9alis\u00e9 des trajets similaires pour une connaissance lyonnaise, dont il refuse de livrer l\u2019identit\u00e9, affirmant craindre d\u2019\u00e9ventuelles repr\u00e9sailles.<\/p>\n<p>Lors de l\u2019audience, la procureure a estim\u00e9 que le pr\u00e9venu \u00ab\u00a0participe grandement\u00a0\u00bb \u00e0 un trafic structur\u00e9 de tabac. Elle a requis deux ans de prison, dont une partie am\u00e9nageable, ainsi qu\u2019une amende correspondant \u00e0 la valeur de la marchandise saisie.<\/p>\n<p>La d\u00e9fense, de son c\u00f4t\u00e9, a plaid\u00e9 \u00ab\u00a0une erreur de parcours\u00a0\u00bb. L\u2019avocate du pr\u00e9venu a insist\u00e9 sur son profil de travailleur et sur l\u2019absence, selon elle, d\u2019une inscription durable dans la d\u00e9linquance organis\u00e9e.\u00a0<\/p>\n<p>Le tribunal a finalement prononc\u00e9 une peine de vingt mois de prison, dont dix avec sursis probatoire. La partie ferme sera ex\u00e9cut\u00e9e sous bracelet \u00e9lectronique. \u00c0 cela s\u2019ajoute une amende tr\u00e8s sal\u00e9e de 325 000 euros, une sanction financi\u00e8re particuli\u00e8rement lourde pour ce p\u00e8re de famille lyonnais.<\/p>\n","protected":false},"excerpt":{"rendered":"Un contr\u00f4le routier qui tourne au dossier p\u00e9nal lourd de cons\u00e9quences. Ce Lyonnais s\u2019est retrouv\u00e9 face \u00e0 une&hellip;\n","protected":false},"author":2,"featured_media":640364,"comment_status":"","ping_status":"","sticky":false,"template":"","format":"standard","meta":{"footnotes":""},"categories":[1889],"tags":[1111,11,2813,2190,2430,1109,251,1112,2811,1777,674,118,1011,27,1922,1110,1114,2428,2810,12,241,316,25,2812,517,800],"class_list":{"0":"post-640363","1":"post","2":"type-post","3":"status-publish","4":"format-standard","5":"has-post-thumbnail","7":"category-lyon","8":"tag-actu","9":"tag-actualites","10":"tag-article","11":"tag-asvel","12":"tag-auvergne-rhone-alpes","13":"tag-breves","14":"tag-culture","15":"tag-depeches","16":"tag-economique","17":"tag-eu","18":"tag-europe","19":"tag-faits-divers","20":"tag-fr","21":"tag-france","22":"tag-info","23":"tag-informations","24":"tag-infos","25":"tag-lyon","26":"tag-lyonmag","27":"tag-news","28":"tag-ol","29":"tag-politique","30":"tag-republique-francaise","31":"tag-sociale","32":"tag-sport","33":"tag-transports"},"share_on_mastodon":{"url":"https:\/\/pubeurope.com\/@fr\/115836927585961408","error":""},"_links":{"self":[{"href":"https:\/\/www.europesays.com\/fr\/wp-json\/wp\/v2\/posts\/640363","targetHints":{"allow":["GET"]}}],"collection":[{"href":"https:\/\/www.europesays.com\/fr\/wp-json\/wp\/v2\/posts"}],"about":[{"href":"https:\/\/www.europesays.com\/fr\/wp-json\/wp\/v2\/types\/post"}],"author":[{"embeddable":true,"href":"https:\/\/www.europesays.com\/fr\/wp-json\/wp\/v2\/users\/2"}],"replies":[{"embeddable":true,"href":"https:\/\/www.europesays.com\/fr\/wp-json\/wp\/v2\/comments?post=640363"}],"version-history":[{"count":0,"href":"https:\/\/www.europesays.com\/fr\/wp-json\/wp\/v2\/posts\/640363\/revisions"}],"wp:featuredmedia":[{"embeddable":true,"href":"https:\/\/www.europesays.com\/fr\/wp-json\/wp\/v2\/media\/640364"}],"wp:attachment":[{"href":"https:\/\/www.europesays.com\/fr\/wp-json\/wp\/v2\/media?parent=640363"}],"wp:term":[{"taxonomy":"category","embeddable":true,"href":"https:\/\/www.europesays.com\/fr\/wp-json\/wp\/v2\/categories?post=640363"},{"taxonomy":"post_tag","embeddable":true,"href":"https:\/\/www.europesays.com\/fr\/wp-json\/wp\/v2\/tags?post=640363"}],"curies":[{"name":"wp","href":"https:\/\/api.w.org\/{rel}","templated":true}]}}