{"id":640373,"date":"2026-01-04T12:59:17","date_gmt":"2026-01-04T12:59:17","guid":{"rendered":"https:\/\/www.europesays.com\/fr\/640373\/"},"modified":"2026-01-04T12:59:17","modified_gmt":"2026-01-04T12:59:17","slug":"paris-previsions-meteo-du-dimanche-04-janvier-2026","status":"publish","type":"post","link":"https:\/\/www.europesays.com\/fr\/640373\/","title":{"rendered":"Paris : pr\u00e9visions m\u00e9t\u00e9o du dimanche 04 janvier 2026"},"content":{"rendered":"<p>\u00c0 Paris, la journ\u00e9e du dimanche 4 janvier 2026 sera fra\u00eeche avec un ciel variable le matin, un apr\u00e8s-midi ensoleill\u00e9 et un soir clair. Les temp\u00e9ratures \u00e9volueront entre 0 \u00b0C et 3 \u00b0C, sans pr\u00e9cipitation notable.<\/p>\n<p>    Alerte en cours<\/p>\n<p>Le d\u00e9partement de Paris est plac\u00e9 ce dimanche 4 janvier 2026 en vigilance <b>Jaune Neige \/ Verglas<\/b> par M\u00e9t\u00e9o-France. Les ph\u00e9nom\u00e8nes attendus restent habituels pour la r\u00e9gion, mais peuvent surprendre par endroits, notamment t\u00f4t le matin ou en fin de soir\u00e9e.<\/p>\n<p>Il est conseill\u00e9 d\u2019anticiper ses d\u00e9placements, de se chausser avec prudence et de limiter sa vitesse sur les chauss\u00e9es humides. Les services municipaux demeurent mobilis\u00e9s pour saler les axes principaux si les temp\u00e9ratures descendent sous z\u00e9ro pendant la nuit.<\/p>\n<p>Suivez l\u2019\u00e9volution de la situation en temps r\u00e9el sur notre <a href=\"https:\/\/www.meteocity.com\/france\/alertes\" target=\"_blank\" rel=\"noopener\">page d\u00e9di\u00e9e aux alertes m\u00e9t\u00e9orologiques<\/a> et restez attentifs aux messages officiels.<\/p>\n<p>Matin : fra\u00eecheur piquante au lever du jour<\/p>\n<p>Le soleil appara\u00eetra \u00e0 8 h 43. D\u00e8s le lever du jour, le ciel s\u2019annoncera variable, alternant \u00e9claircies et nuages \u00e9lev\u00e9s. Aucune pr\u00e9cipitation n\u2019est pr\u00e9vue ; l\u2019air restera sec malgr\u00e9 une humidit\u00e9 relative de <b>78 %<\/b>.<\/p>\n<p>Le thermom\u00e8tre n\u2019indiquera que <b>0 \u00b0C<\/b>, avec un ressenti de <b>-3 \u00b0C<\/b> sous une l\u00e9g\u00e8re brise d\u2019ouest-sud-ouest proche de 5 km\/h. Gants et bonnet sont recommand\u00e9s pour les trajets matinaux, les trottoirs pouvant \u00eatre glissants \u00e0 proximit\u00e9 des quais.<\/p>\n<p>Le barom\u00e8tre affichera <b>1015 hPa<\/b>, traduisant une atmosph\u00e8re l\u00e9g\u00e8rement anticyclonique. La qualit\u00e9 de l\u2019air demeure \u00ab ind\u00e9finie \u00bb, mais l\u2019absence de pollution notable favorisera un d\u00e9but de journ\u00e9e respirable.<\/p>\n<p>Apr\u00e8s-midi : ciel d\u00e9gag\u00e9 et douceur relative<\/p>\n<p>\u00c0 la mi-journ\u00e9e, le ciel se d\u00e9gagera franchement, laissant place \u00e0 un soleil radieux sur les monuments. La temp\u00e9rature atteindra <b>3 \u00b0C<\/b> pour un ressenti de <b>-1 \u00b0C<\/b>, un niveau modeste mais l\u00e9g\u00e8rement sup\u00e9rieur aux normales hivernales.<\/p>\n<p>Le vent restera faible, autour de 8 km\/h de secteur ouest-nord-ouest. Sans rafales notables ni humidit\u00e9 excessive, l\u2019atmosph\u00e8re sera propice \u00e0 une balade sur les quais ou dans les parcs d\u00e9nud\u00e9s.<\/p>\n<p>La pression se stabilisera autour de <b>1014 hPa<\/b>, tandis que l\u2019humidit\u00e9 chutera \u00e0 <b>58 %<\/b>. Cette combinaison apportera une sensation de fra\u00eecheur s\u00e8che, id\u00e9ale pour des activit\u00e9s sportives l\u00e9g\u00e8res, sans risque de transpiration excessive.<\/p>\n<p>Profitez-en pour d\u00e9couvrir un mus\u00e9e ou fl\u00e2ner en terrasse vitr\u00e9e ; pour des id\u00e9es de sorties, consultez <a href=\"https:\/\/www.meteocity.com\/france\/paris-v2988507\/tourisme\" target=\"_blank\" rel=\"noopener\">notre page tourisme<\/a> consacr\u00e9e \u00e0 Paris.<\/p>\n<p>Soir : ciel limpide avant la tomb\u00e9e de la nuit<\/p>\n<p>Le soleil se couchera \u00e0 17 h 07, plongeant la capitale dans une atmosph\u00e8re cr\u00e9pusculaire claire. Les nuages resteront discrets et la visibilit\u00e9 s\u2019annonce excellente pour admirer la Tour Eiffel scintillante.<\/p>\n<p>Les temp\u00e9ratures redescendront vers <b>0 \u00b0C<\/b>, avec un ressenti de <b>-3 \u00b0C<\/b>. Le vent oscillera autour de 4 km\/h, insuffisant pour accentuer le froid, mais la sensation hivernale s\u2019installera d\u00e8s la tomb\u00e9e de la nuit.<\/p>\n<p>L\u2019humidit\u00e9 remontera vers <b>75 %<\/b>, sans brouillard attendu. Le barom\u00e8tre regagnera 1015 hPa, pr\u00e9sageant une nuit stable. Une couverture chaude restera de mise, car la masse d\u2019air froid s\u2019installera durablement au-dessus du bassin parisien.<\/p>\n<p>Tendance g\u00e9n\u00e9rale pour demain lundi 5 janvier<\/p>\n<p>Un voile nuageux plus dense s\u2019installera et quelques flocons faibles sont probables ; la journ\u00e9e sera marqu\u00e9e par une \u00ab Neige faible \u00bb. Les accumulations resteront l\u00e9g\u00e8res, avec des pr\u00e9cipitations estim\u00e9es \u00e0 2,5 mm selon nos mod\u00e8les.<\/p>\n<p>Les temp\u00e9ratures oscilleront entre <b>-1 \u00b0C<\/b> \u00e0 l\u2019aube et seulement <b>1 \u00b0C<\/b> dans l\u2019apr\u00e8s-midi, avec un ressenti pouvant descendre jusqu\u2019\u00e0 <b>-5 \u00b0C<\/b> sous la brise de sud-sud-ouest. Les valeurs resteront donc typiques de l\u2019hiver en \u00cele-de-France.<\/p>\n<p>La vigilance Jaune pourrait \u00eatre reconduite si les surfaces blanchissent. Restez connect\u00e9s \u00e0 nos bulletins : une actualisation d\u00e9taill\u00e9e sera disponible ce soir dans la rubrique \u00ab Demain \u00bb du site Meteocity.<\/p>\n<p>Ces s\u00e9quences hivernales mod\u00e9r\u00e9es illustrent la variabilit\u00e9 naturelle du climat europ\u00e9en ; toutefois, les rapports Copernicus montrent que les hivers globalement plus doux augmentent la fr\u00e9quence d\u2019\u00e9pisodes neigeux courts mais soudains, comme celui anticip\u00e9 demain sur la capitale.<\/p>\n","protected":false},"excerpt":{"rendered":"\u00c0 Paris, la journ\u00e9e du dimanche 4 janvier 2026 sera fra\u00eeche avec un ciel variable le matin, un&hellip;\n","protected":false},"author":2,"featured_media":640374,"comment_status":"","ping_status":"","sticky":false,"template":"","format":"standard","meta":{"footnotes":""},"categories":[1888],"tags":[11,1777,674,1011,27,12,626,25],"class_list":{"0":"post-640373","1":"post","2":"type-post","3":"status-publish","4":"format-standard","5":"has-post-thumbnail","7":"category-paris","8":"tag-actualites","9":"tag-eu","10":"tag-europe","11":"tag-fr","12":"tag-france","13":"tag-news","14":"tag-paris","15":"tag-republique-francaise"},"share_on_mastodon":{"url":"https:\/\/pubeurope.com\/@fr\/115836955174277057","error":""},"_links":{"self":[{"href":"https:\/\/www.europesays.com\/fr\/wp-json\/wp\/v2\/posts\/640373","targetHints":{"allow":["GET"]}}],"collection":[{"href":"https:\/\/www.europesays.com\/fr\/wp-json\/wp\/v2\/posts"}],"about":[{"href":"https:\/\/www.europesays.com\/fr\/wp-json\/wp\/v2\/types\/post"}],"author":[{"embeddable":true,"href":"https:\/\/www.europesays.com\/fr\/wp-json\/wp\/v2\/users\/2"}],"replies":[{"embeddable":true,"href":"https:\/\/www.europesays.com\/fr\/wp-json\/wp\/v2\/comments?post=640373"}],"version-history":[{"count":0,"href":"https:\/\/www.europesays.com\/fr\/wp-json\/wp\/v2\/posts\/640373\/revisions"}],"wp:featuredmedia":[{"embeddable":true,"href":"https:\/\/www.europesays.com\/fr\/wp-json\/wp\/v2\/media\/640374"}],"wp:attachment":[{"href":"https:\/\/www.europesays.com\/fr\/wp-json\/wp\/v2\/media?parent=640373"}],"wp:term":[{"taxonomy":"category","embeddable":true,"href":"https:\/\/www.europesays.com\/fr\/wp-json\/wp\/v2\/categories?post=640373"},{"taxonomy":"post_tag","embeddable":true,"href":"https:\/\/www.europesays.com\/fr\/wp-json\/wp\/v2\/tags?post=640373"}],"curies":[{"name":"wp","href":"https:\/\/api.w.org\/{rel}","templated":true}]}}