{"id":640379,"date":"2026-01-04T13:02:12","date_gmt":"2026-01-04T13:02:12","guid":{"rendered":"https:\/\/www.europesays.com\/fr\/640379\/"},"modified":"2026-01-04T13:02:12","modified_gmt":"2026-01-04T13:02:12","slug":"jean-noel-barrot-soutient-quemmanuel-macron-na-pas-cautionne-cette-intervention-americaine","status":"publish","type":"post","link":"https:\/\/www.europesays.com\/fr\/640379\/","title":{"rendered":"Jean-No\u00ebl Barrot soutient qu&rsquo;Emmanuel Macron n&rsquo;a pas \u00ab\u00a0cautionn\u00e9 cette intervention am\u00e9ricaine\u00a0\u00bb"},"content":{"rendered":"<p>Aujourd&rsquo;hui \u00e0 13h42<\/p>\n<p>Jean-No\u00ebl Barrot soutient que \u00ab\u00a0la France se pr\u00e9pare \u00e0 un monde plus brutal et durci\u00a0\u00bb<\/p>\n<p>En conclusion de son interview au 13H de France 2, le chef de la diplomatie fran\u00e7aise <a href=\"https:\/\/www.bfmtv.com\/international\/europe\/suisse\/video-le-ministre-des-affaires-etrangeres-annonce-que-23-francais-sont-soignes-dans-des-hopitaux-et-8-sont-portes-disparus_VN-202601040193.html\" title=\"Le ministre des Affaires \u00e9trang\u00e8res annonce que 23 Fran\u00e7ais sont soign\u00e9s dans des h\u00f4pitaux et 8 sont port\u00e9s disparus\" class=\"internal_link\" target=\"_blank\" rel=\"noopener\">Jean-No\u00ebl Barrot<\/a> a indiqu\u00e9 que \u00ab\u00a0la France prend acte de ces violations de plus en plus nombreuses des principes du droit international : le respect des fronti\u00e8res, du droit des peuples \u00e0 disposer d\u2019eux-m\u00eames\u00a0\u00bb.<\/p>\n<p>S&rsquo;il souligne que la nation \u00ab\u00a0continuera \u00e0 plaider pour ces principes parce que ce sont les seules qui peuvent garantir la paix et la stabilit\u00e9 \u00e0 long terme\u00a0\u00bb, elle \u00ab\u00a0se pr\u00e9pare\u00a0\u00bb \u00e9galement \u00ab\u00a0\u00e0 un monde plus brutal, plus durci\u00a0\u00bb.<\/p>\n<p>\u00ab\u00a0La France se pr\u00e9pare en se r\u00e9armant. <a href=\"https:\/\/www.bfmtv.com\/international\/moyen-orient\/syrie\/le-royaume-uni-et-la-france-ont-attaque-ensemble-le-groupe-etat-islamique-en-syrie_AN-202601040079.html\" title=\"Le Royaume-Uni et la France ont attaqu\u00e9 ensemble le groupe \u00c9tat islamique en Syrie\" class=\"internal_link\" target=\"_blank\" rel=\"noopener\">Sur le plan militaire<\/a>, sur le plan \u00e9conomique pour diminuer les d\u00e9pendances qui nous placent en situation de servitude par rapport \u00e0 d\u2019autres r\u00e9gions du monde et sur le plan moral, pour \u00eatre pr\u00eat \u00e0 r\u00e9sister \u00e0 cette brutalit\u00e9 qui s\u2019installe\u00a0\u00bb, a-t-il \u00e9num\u00e9r\u00e9.<\/p>\n<p>Aujourd&rsquo;hui \u00e0 13h36<\/p>\n<p>Jean-No\u00ebl Barrot d\u00e9fend les d\u00e9clarations d&rsquo;Emmanuel Macron, estimant que \u00ab\u00a0personne n&rsquo;a cautionn\u00e9 cette intervention am\u00e9ricaine\u00a0\u00bb<\/p>\n<p>Les d\u00e9clarations d&rsquo;Emmanuel Macron sur l&rsquo;intervention am\u00e9ricaine au Venezuela <a href=\"https:\/\/www.bfmtv.com\/politique\/video-signe-bfm-il-nous-fait-honte-la-gauche-denonce-la-reaction-d-emmanuel-macron-apres-la-capture-de-nicolas-maduro_VN-202601040061.html\" title=\"SIGN\u00c9 BFM - &quot;Il nous fait honte&quot;: la gauche d\u00e9nonce la r\u00e9action d&#039;Emmanuel Macron apr\u00e8s la capture de Nicol\u00e1s Maduro\" class=\"internal_link\" target=\"_blank\" rel=\"noopener\">ont suscit\u00e9 la pol\u00e9mique<\/a>, notamment \u00e0 gauche. Sans jamais parler de la violence de la m\u00e9thode militaire, le pr\u00e9sident de la R\u00e9publique a \u00e9t\u00e9 accus\u00e9 <a href=\"https:\/\/www.bfmtv.com\/politique\/video-venezuela-emmanuel-macron-se-soumet-estime-dominique-de-villepin_VN-202601040179.html\" title=\"Venezuela: &quot;Emmanuel Macron se soumet&quot;, estime Dominique de Villepin\" class=\"internal_link\" target=\"_blank\" rel=\"noopener\">de se \u00ab\u00a0soumettre\u00a0\u00bb aux \u00c9tats-Unis<\/a>.<\/p>\n<p>De son c\u00f4t\u00e9, Jean-No\u00ebl Barrot assure que \u00ab\u00a0personne n&rsquo;a cautionn\u00e9 cette intervention am\u00e9ricaine\u00a0\u00bb et que le chef de l&rsquo;\u00c9tat \u00ab\u00a0a exprim\u00e9, dans sa d\u00e9claration, notre ambition pour la suite\u00a0\u00bb. C&rsquo;est-\u00e0-dire, \u00ab\u00a0une transition pacifique et d\u00e9mocratique\u00a0\u00bb et que \u00ab\u00a0le pouvoir revienne au Venezuela\u00a0\u00bb.<\/p>\n<p>\u00ab\u00a0La premi\u00e8re \u00e9tape, c\u2019est la lib\u00e9ration des prisonniers politiques. La seconde, c&rsquo;est une transition qui tienne compte qu\u2019il y a un an, le peuple v\u00e9n\u00e9zu\u00e9lien s\u2019est exprim\u00e9, a \u00e9lu <a href=\"https:\/\/www.bfmtv.com\/international\/amerique-latine\/monsieur-maduro-acceptez-les-resultats-de-l-election-le-comite-nobel-appelle-le-chef-d-etat-a-se-retirer-du-pouvoir-au-venezuela_AD-202512100666.html\" title=\"&quot;Monsieur Maduro, acceptez les r\u00e9sultats de l&#039;\u00e9lection&quot;: le comit\u00e9 Nobel appelle le chef d&#039;\u00c9tat \u00e0 se retirer du pouvoir au V\u00e9n\u00e9zuela\" class=\"internal_link\" target=\"_blank\" rel=\"noopener\">un pr\u00e9sident de la R\u00e9publique<\/a> (Edmundo Gonz\u00e1lez Urrutia, NDLR) qui devra jouer un r\u00f4le central\u00a0\u00bb.<\/p>\n<p>Aujourd&rsquo;hui \u00e0 13h30<\/p>\n<p>\u00ab\u00a0La France continuera de d\u00e9fendre ses principes\u00a0\u00bb, rappelle Jean-No\u00ebl Barrot<\/p>\n<p>Invit\u00e9 du 13H de France 2, le ministre de l&rsquo;Europe et des Affaires \u00e9trang\u00e8res Jean-No\u00ebl Barrot a soulign\u00e9 que la France \u00ab\u00a0a rappel\u00e9 que la m\u00e9thode employ\u00e9e contrevenait aux pratiques du droit international\u00a0\u00bb.<\/p>\n<p>\u00ab\u00a0L&rsquo;usage de la force doit \u00eatre encadr\u00e9 par des r\u00e8gles. Sans ces r\u00e8gles, le monde est soumis \u00e0 la loi du plus fort. La France s\u2019y pr\u00e9pare mais ne peut s\u2019y r\u00e9soudre et continuera de d\u00e9fendre ses principes\u00a0\u00bb, a-t-il ajout\u00e9.<\/p>\n<p>Aujourd&rsquo;hui \u00e0 13h21<\/p>\n<p>\u00ab\u00a0Le d\u00e9part de Nicol\u00e1s Maduro est une bonne nouvelle pour les V\u00e9n\u00e9zu\u00e9liens\u00a0\u00bb, assure Jean-No\u00ebl Barrot<\/p>\n<p>Le chef de la diplomatie fran\u00e7aise, <a href=\"https:\/\/www.bfmtv.com\/international\/amerique-nord\/etats-unis\/jean-noel-barrot-denonce-avec-la-plus-grande-fermete-la-sanction-americaine-qui-interdit-de-visa-thierry-breton_AN-202512230775.html\" title=\"Jean-No\u00ebl Barrot &quot;d\u00e9nonce avec la plus grande fermet\u00e9&quot; la sanction am\u00e9ricaine qui interdit de visa l&#039;ancien commissaire europ\u00e9en Thierry Breton\" class=\"internal_link\" target=\"_blank\" rel=\"noopener\">Jean-No\u00ebl Barrot<\/a>, a d\u00e9clar\u00e9 ce dimanche que la France se r\u00e9jouissait de la chute du r\u00e9gime de Nicol\u00e1s Maduro apr\u00e8s l&rsquo;attaque am\u00e9ricaine de grande ampleur au Venezuela.<\/p>\n<p>\u00ab\u00a0La position de la France, c\u2019est de dire que Nicolas Maduro \u00e9tait un dictateur sans scrupule, qui a confisqu\u00e9 leur libert\u00e9 aux V\u00e9n\u00e9zu\u00e9liens et qui leur a vol\u00e9 les \u00e9lections. C\u2019est pourquoi son d\u00e9part est une bonne nouvelle pour les V\u00e9n\u00e9zu\u00e9liens\u00a0\u00bb, a-t-il d\u00e9clar\u00e9 au 13H de France 2.<\/p>\n<p>Aujourd&rsquo;hui \u00e0 13h14<\/p>\n<p>\u00ab\u00a0Le bien-\u00eatre du cher peuple v\u00e9n\u00e9zu\u00e9lien doit pr\u00e9valoir\u00a0\u00bb, temp\u00e8re le pape L\u00e9on XIV<\/p>\n<p>Apr\u00e8s la pri\u00e8re de l&rsquo;Ang\u00e9lus sur la place Saint-Pierre du Vatican, ce dimanche matin, <a href=\"https:\/\/www.bfmtv.com\/societe\/religions\/pape-leon-xiv_DN-202505080616.html\" title=\"Pape L\u00e9on XIV\" class=\"internal_link\" target=\"_blank\" rel=\"noopener\">le pape L\u00e9on XIV<\/a> a r\u00e9agi \u00e0 l&rsquo;attaque militaire am\u00e9ricaine au Venezuela, qui a amen\u00e9 \u00e0 <a href=\"https:\/\/www.bfmtv.com\/replay-emissions\/bfm-politique\/video-capture-de-nicolas-maduro-c-est-un-basculement-historique-estime-dominique-de-villepin-ancien-premier-ministre_VN-202601040174.html\" title=\"Capture de Nicol\u00e1s Maduro: &quot;C&#039;est un basculement historique&quot;, estime Dominique de Villepin, ancien Premier ministre\" class=\"internal_link\" target=\"_blank\" rel=\"noopener\">la capture de Nicol\u00e1s Maduro<\/a> et son \u00e9pouse, Cilia Flores.<\/p>\n<p>\u00ab\u00a0Le bien-\u00eatre du cher peuple v\u00e9n\u00e9zu\u00e9lien doit pr\u00e9valoir sur toute autre consid\u00e9ration et conduire \u00e0 surmonter la violence et \u00e0 s&rsquo;engager sur des chemins de justice et de paix, en garantissant la souverainet\u00e9 du pays\u00a0\u00bb, a-t-il d\u00e9clar\u00e9.<\/p>\n<p>Pour rappel, le souverain pontife, de son vrai nom Robert Francis Prevost, est de nationalit\u00e9 am\u00e9ricaine.<\/p>\n<p>Aujourd&rsquo;hui \u00e0 13h08<\/p>\n<p>Benjamin Netanyahu exprime \u00ab\u00a0le soutien\u00a0\u00bb de son gouvernement \u00e0 l&rsquo;action \u00ab\u00a0d\u00e9termin\u00e9e\u00a0\u00bb des \u00c9tats-Unis<\/p>\n<p>Le Premier ministre isra\u00e9lien <a href=\"https:\/\/www.bfmtv.com\/international\/amerique-nord\/etats-unis\/benjamin-netanyahu-a-fete-le-nouvel-an-en-floride-dans-la-residence-de-donald-trump-selon-des-images-diffusees-en-ligne_AN-202601010240.html\" title=\"Benjamin Netanyahu a f\u00eat\u00e9 le Nouvel An en Floride dans la r\u00e9sidence de Donald Trump, selon des images diffus\u00e9es en ligne\" class=\"internal_link\" target=\"_blank\" rel=\"noopener\">Benjamin Netanyahu<\/a> a exprim\u00e9 dimanche \u00ab\u00a0le soutien\u00a0\u00bb de son gouvernement \u00e0 \u00ab\u00a0la d\u00e9cision r\u00e9solue et l&rsquo;action d\u00e9termin\u00e9e des \u00c9tats-Unis\u00a0\u00bb au Venezuela, lors d&rsquo;un conseil des ministres.<\/p>\n<p>\u00ab\u00a0En Am\u00e9rique latine, (&#8230;) plusieurs pays reviennent dans l&rsquo;orbite am\u00e9ricaine et (&#8230;) renouent leurs liens avec l&rsquo;\u00c9tat d&rsquo;Isra\u00ebl. Nous nous en r\u00e9jouissons, nous f\u00e9licitons le pr\u00e9sident (Donald) Trump (&#8230;) et saluons \u00e9galement les forces arm\u00e9es am\u00e9ricaines qui ont men\u00e9 une op\u00e9ration parfaite\u00a0\u00bb, a-t-il ajout\u00e9.<\/p>\n<p>Aujourd&rsquo;hui \u00e0 12h59<\/p>\n<p>\u00ab\u00a0Nous sommes dans l&rsquo;obligation de mettre un frein aux app\u00e9tits de Donald Trump\u00a0\u00bb, alarme Dominique de Villepin<\/p>\n<p>\u00ab\u00a0Donald Trump est \u00e0 la t\u00eate d\u2019un nouvel empire, ne sent tenu par aucune r\u00e8gle, aucun droit, il ne respecte aucune parole et c\u2019est l\u2019int\u00e9r\u00eat des USA tel qu\u2019il le con\u00e7oit, qui le guide. Nous sommes dans l\u2019obligation aujourd\u2019hui de mettre un frein aux app\u00e9tits de <a href=\"https:\/\/www.bfmtv.com\/replay-emissions\/bfm-politique\/video-dominique-de-villepin-ancien-premier-ministre-donald-trump-se-moque-de-l-ukraine-comme-il-se-moque-de-gaza_VN-202601040182.html\" title=\"Dominique de Villepin, ancien Premier ministre: &quot;Donald Trump se moque de l&#039;Ukraine comme il se moque de Gaza&quot;\" class=\"internal_link\" target=\"_blank\" rel=\"noopener\">Donald Trump<\/a>\u00ab\u00a0, a d\u00e9clar\u00e9 ce dimanche Dominique de Villepin, dans BFM Politique.<\/p>\n<p>Il soutient que \u00ab\u00a0L\u2019Europe a la responsabilit\u00e9, ne serait-ce que si elle veut \u00eatre respect\u00e9e et \u00e9cout\u00e9e, de r\u00e9agir\u00a0\u00bb.<\/p>\n<p>Avant d&rsquo;interroger : \u00ab\u00a0pourquoi <a href=\"https:\/\/www.bfmtv.com\/international\/asie\/russie\/video-residence-de-vladimir-poutine-attaquee-une-note-de-la-cia-met-a-mal-la-version-de-moscou_VN-202601010077.html\" title=\"R\u00e9sidence de Vladimir Poutine attaqu\u00e9e: une note de la CIA met \u00e0 mal la version de Moscou\" class=\"internal_link\" target=\"_blank\" rel=\"noopener\">Vladimir Poutine<\/a> ou <a href=\"https:\/\/www.bfmtv.com\/economie\/international\/le-taux-de-croissance-devrait-atteindre-environ-5-xi-jinping-se-rejouit-du-dynamisme-remarquable-de-la-chine-malgre-les-pressions_AV-202512310259.html\" title=\"&quot;Le taux de croissance devrait atteindre environ 5%&quot;: Xi Jinping se r\u00e9jouit du &quot;dynamisme remarquable&quot; de la Chine &quot;malgr\u00e9 les pressions&quot;\" class=\"internal_link\" target=\"_blank\" rel=\"noopener\">Xi Jinping<\/a> n\u2019\u00e9prouvent pas le besoin de parler aux Europ\u00e9ens, parce qu&rsquo;autant aller parler \u00e0 Donald Trump\u00a0\u00bb.<\/p>\n<p>Dominique de Villepin s&rsquo;inqui\u00e8te du fait que les Europ\u00e9ens soient \u00ab\u00a0litt\u00e9ralement effac\u00e9s de la sc\u00e8ne internationale parce que nous ne d\u00e9fendons pas nos principes et nous ne nous dotons pas des outils de la puissance\u00a0\u00bb, a-t-il conclu.<\/p>\n<p>Aujourd&rsquo;hui \u00e0 12h51<\/p>\n<p>Dominique de Villepin assure que la France a \u00ab\u00a0un r\u00f4le unique\u00a0\u00bb pour \u00ab\u00a0\u00e9viter le combat de civilisations qui se pr\u00e9pare\u00a0\u00bb<\/p>\n<p>Au lendemain de <a href=\"https:\/\/www.bfmtv.com\/politique\/video-dominique-de-villepin-les-etats-unis-deviennent-irrattrapables-et-la-soumission-europeenne-devient-encore-plus-grande_VN-202601040180.html\" title=\"Dominique de Villepin: &quot;Les \u00c9tats-Unis deviennent irrattrapables, et la soumission europ\u00e9enne devient encore plus grande&quot;\" class=\"internal_link\" target=\"_blank\" rel=\"noopener\">l&rsquo;attaque militaire de grande ampleur de la part des \u00c9tats-Unis \u00e0 Caracas<\/a>, Dominique de Villepin a critiqu\u00e9 Emmanuel Macron qui, selon lui, \u00ab\u00a0fait du Venezuela un combat secondaire parce qu&rsquo;il ne s&rsquo;attache pas aux principes\u00a0\u00bb.<\/p>\n<p>L&rsquo;ancien pensionnaire de Matignon a martel\u00e9 que \u00ab\u00a0la r\u00e8gle \u00e0 \u00e9viter, c&rsquo;est la loi du &lsquo;deux poids, deux mesures&rsquo;. Nous ne sommes pas cr\u00e9dibles quand nous ne sommes pas sur nos principes\u00a0\u00bb.<\/p>\n<p>Il a ainsi martel\u00e9 que la France a \u00ab\u00a0un r\u00f4le unique, qui est un combat de principes, de valeurs, de respect de l\u2019autre, d\u2019humanisme\u00a0\u00bb. Une \u00ab\u00a0responsabilit\u00e9\u00a0\u00bb qu&rsquo;il estime \u00eatre \u00ab\u00a0la seule qui peut nous permettre d\u2019\u00e9viter ce combat de civilisation qui se pr\u00e9pare\u00a0\u00bb.<\/p>\n<p>Aujourd&rsquo;hui \u00e0 12h48<\/p>\n<p>\u00ab\u00a0Emmanuel Macron se soumet\u00a0\u00bb, accuse Dominique de Villepin<\/p>\n<p>Invit\u00e9 de BFM Politique, Dominique de Villepin a jug\u00e9 que le pr\u00e9sident fran\u00e7ais Emmanuel Macron \u00ab\u00a0se soumet\u00a0\u00bb aux \u00c9tats-Unis \u00e0 travers ses d\u00e9clarations qui ne condamnent pas leur attaque au Venezuela.<\/p>\n<p>\u00ab\u00a0Emmanuel Macron a pr\u00e9f\u00e9r\u00e9 ne pas surr\u00e9agir par rapport \u00e0 la d\u00e9cision am\u00e9ricaine de ne pas intervenir \u00e0 Caracas, parce qu\u2019il a le sentiment de devoir mener un combat plus important, qui est le combat de l\u2019Ukraine.\u00a0\u00bb<\/p>\n<p>Une erreur pour Dominique de Villepin : \u00ab\u00a0ce qu\u2019il ne comprend pas, c\u2019est que l\u2019ensemble de ces sujets sont aujourd\u2019hui li\u00e9s. Ne pas r\u00e9agir \u00e0 ce qu\u2019il se passe au Venezuela, c\u2019est s\u2019affaiblir dans la n\u00e9gociation sur l\u2019Ukraine. Tout comme ne pas r\u00e9agir sur ce qu\u2019il se passait au Proche-Orient, c\u2019est s\u2019affaiblir sur l\u2019Ukraine\u00a0\u00bb.<\/p>\n<p>Aujourd&rsquo;hui \u00e0 12h38<\/p>\n<p>\u00ab\u00a0Nous devons nous doter des attributs de la puissance\u00a0\u00bb, alerte Dominique de Villepin<\/p>\n<p>Face \u00e0 l&rsquo;attaque rapide des \u00c9tats-Unis au Venezuela, Dominique de Villepin assure que \u00ab\u00a0le droit international ne suffit pas, il faut la puissance\u00a0\u00bb.<\/p>\n<p>\u00ab\u00a0La premi\u00e8re le\u00e7on que nous devons retenir, c\u2019est que nous devons nous doter des attributs de la puissance. Cela commence par un grand pacte europ\u00e9en de souverainet\u00e9. Car ce qui est vis\u00e9 par les USA, la Chine et la Russie, c\u2019est la souverainet\u00e9 europ\u00e9enne sur le plan du num\u00e9rique, technologique, financier et de la d\u00e9fense\u00a0\u00bb, a-t-il \u00e9num\u00e9r\u00e9.<\/p>\n<p>Pour l&rsquo;ancien Premier ministre, \u00ab\u00a0les Europ\u00e9ens devraient marquer ce qui est pour nous inacceptable\u00a0\u00bb, mais cela fait plusieurs mois qu&rsquo;ils \u00ab\u00a0tergiversent\u00a0\u00bb et qu&rsquo;Emmanuel Macron a fait \u00ab\u00a0tout l&rsquo;inverse\u00a0\u00bb.<\/p>\n<p>Aujourd&rsquo;hui \u00e0 12h33<\/p>\n<p>Dominique de Villepin condamne la d\u00e9claration \u00ab\u00a0aveugle, inconsciente et irresponsable\u00a0\u00bb d&rsquo;Emmanuel Macron<\/p>\n<p>L&rsquo;ancien Premier ministre Dominique de Villepin a lourdement attaqu\u00e9 le pr\u00e9sident fran\u00e7ais <a href=\"https:\/\/www.bfmtv.com\/international\/video-le-peuple-venezuelien-ne-peut-que-s-en-rejouir-la-reaction-d-emmanuel-macron-ulcere-la-gauche_VN-202601040048.html\" title=\"&quot;Le peuple v\u00e9n\u00e9zu\u00e9lien ne peut que s&#039;en r\u00e9jouir&quot;: la r\u00e9action d&#039;Emmanuel Macron ulc\u00e8re la gauche\" class=\"internal_link\" target=\"_blank\" rel=\"noopener\">Emmanuel Macron sur ses d\u00e9clarations<\/a> en r\u00e9action \u00e0 l&rsquo;attaque am\u00e9ricaine au Venezuela.<\/p>\n<p>\u00ab\u00a0La r\u00e9action d\u2019Emmanuel Macron est aveugle, inconsciente des r\u00e9alit\u00e9s, irresponsable en ce qui concerne l\u2019avenir de notre pays et de l\u2019Europe\u00a0\u00bb, a-t-il tanc\u00e9.<\/p>\n<p>Dominique de Villepin appelle \u00e0 s&rsquo;interroger sur l&rsquo;action de la France et de l&rsquo;Europe en cas de nouvelles interventions des \u00c9tats-Unis : \u00ab\u00a0que fera-t-on demain quand Trump le fera pour le Groenland?\u00a0\u00bb<\/p>\n<p>Aujourd&rsquo;hui \u00e0 12h23<\/p>\n<p>Pour Dominique de Villepin, \u00ab\u00a0Nicol\u00e1s Maduro a mis le Venezuela en faillite, en ruines\u00a0\u00bb<\/p>\n<p>\u00ab\u00a0Personne ne regrettera Nicol\u00e1s Maduro au Venezuela. C\u2019est un pays qu\u2019il a mis en faillite, en ruines, qui subit une catastrophe humanitaire sans pr\u00e9c\u00e9dent\u00a0\u00bb, a-t-il d\u00e9clar\u00e9 ce dimanche 4 janvier, dans BFM Politique.<\/p>\n<p>Toutefois, l&rsquo;ancien Premier ministre a soulign\u00e9 que \u00ab\u00a0la souverainet\u00e9 d\u2019un Etat ne peut pas \u00eatre mis en cause\u00a0\u00bb.<\/p>\n<p>\u00ab\u00a0Est-ce que le premier r\u00e9flexe de Donald Trump, c&rsquo;est d&rsquo;inviter le pr\u00e9sident \u00e9lu <a href=\"https:\/\/www.bfmtv.com\/international\/amerique-nord\/etats-unis\/video-l-heure-de-la-liberte-est-arrivee-maria-corina-machado-prix-nobel-de-la-paix-2025-et-cheffe-de-l-opposition-venezuelienne-reagit-a-la-capture-de-nicolas-maduro_VN-202601030250.html\" title=\"&quot;L&#039;heure de la libert\u00e9 est arriv\u00e9e&quot;: Maria Corina Machado, prix Nobel de la paix 2025 et cheffe de l&#039;opposition v\u00e9n\u00e9zu\u00e9lienne, r\u00e9agit \u00e0 la capture de Nicol\u00e1s Maduro\" class=\"internal_link\" target=\"_blank\" rel=\"noopener\">Edmundo Gonz\u00e1lez Urrutia<\/a> \u00e0 Caracas ? La r\u00e9ponse est non. Il a graci\u00e9 l\u2019ancien pr\u00e9sident du Honduras, condamn\u00e9 pour plusieurs dizaines d&rsquo;ann\u00e9es de prison pour narcotrafic. Il y a d&rsquo;autres arguments. Nous sommes dans un monde de raret\u00e9 et la qu\u00eate de ressources et de territoires constitue un objectif majeur.\u00a0\u00bb<\/p>\n<p>Aujourd&rsquo;hui \u00e0 12h19<\/p>\n<p>\u00ab\u00a0C&rsquo;est la marche vers de nouveaux empires\u00a0\u00bb: Dominique de Villepin fustige l&rsquo;attaque am\u00e9ricaine au Venezuela<\/p>\n<p>Invit\u00e9 de BFM Politique, l&rsquo;ancien Premier ministre <a href=\"https:\/\/www.bfmtv.com\/politique\/elections\/presidentielle\/un-marathon-comment-dominique-de-villepin-prepare-la-presidentielle-de-2027_AN-202512010488.html\" title=\"&quot;Un marathon&quot;: comment Dominique de Villepin pr\u00e9pare la pr\u00e9sidentielle de 2027\" class=\"internal_link\" target=\"_blank\" rel=\"noopener\">Dominique de Villepin<\/a> a largement critiqu\u00e9 l&rsquo;op\u00e9ration militaire de grande ampleur au Venezuela.<\/p>\n<p>\u00ab\u00a0(Cela signifie) que nous avons, un peu plus, chang\u00e9 de monde, changer de seuil. Progressivement, nous nous habituons \u00e0 un monde o\u00f9 les r\u00e8gles sont effac\u00e9es. Le droit international n&rsquo;existe plus et pour certains, cela n&rsquo;a plus beaucoup d&rsquo;importance\u00a0\u00bb, a-t-il d\u00e9clar\u00e9.<\/p>\n<p>Dominique de Villepin estime qu&rsquo;il s&rsquo;agit d&rsquo;un \u00ab\u00a0changement profond et la marche vers de nouveaux empires\u00a0\u00bb.<\/p>\n<p>\u00ab\u00a0C&rsquo;est la marque d&rsquo;un &lsquo;illimitisme&rsquo; : pas de limite \u00e0 la puissance, \u00e0 l&rsquo;app\u00e9tit pr\u00e9dateur\u00a0\u00bb, s&rsquo;est-il alarm\u00e9.<\/p>\n<p>Aujourd&rsquo;hui \u00e0 11h32<\/p>\n<p>La Cor\u00e9e du Nord d\u00e9nonce la \u00ab\u00a0grave atteinte \u00e0 la souverainet\u00e9\u00a0\u00bb du Venezuela<\/p>\n<p>Le minist\u00e8re des Affaires \u00e9trang\u00e8res <a href=\"https:\/\/www.bfmtv.com\/international\/asie\/coree-nord\/la-coree-du-nord-effectue-deux-essais-de-missile-de-croisiere-de-longue-portee_AD-202512290222.html\" title=\"La Cor\u00e9e du Nord effectue deux essais de missile de croisi\u00e8re de longue port\u00e9e\" class=\"internal_link\" target=\"_blank\" rel=\"noopener\">nord-cor\u00e9en<\/a> a d\u00e9nonc\u00e9 la capture de Nicol\u00e1s Maduro, parlant de \u00ab\u00a0la forme la plus grave d&rsquo;atteinte \u00e0 la souverainet\u00e9\u00a0\u00bb du Venezuela, indique l&rsquo;agence centrale de presse KCNA.<\/p>\n<p>\u00ab\u00a0Cet incident est un nouvel exemple confirme clairement, une fois de plus, la nature malhonn\u00eate et brutale des \u00c9tats-Unis\u00a0\u00bb, est-il \u00e9galement \u00e9crit, le minist\u00e8re condamnant \u00ab\u00a0fermement l&rsquo;acte d&rsquo;h\u00e9g\u00e9monie commis par les Etats-Unis\u00a0\u00bb.<\/p>\n<p>Aujourd&rsquo;hui \u00e0 11h14<\/p>\n<p>Elon Musk d\u00e9ploie gratuitement un service Internet avec Starlink pendant un mois<\/p>\n<p>Dans la nuit du samedi 3 au dimanche 4 janvier, l&rsquo;entreprise <a href=\"https:\/\/www.bfmtv.com\/tech\/innovation\/les-services-de-renseignement-de-l-otan-estiment-que-la-russie-developpe-des-missiles-pour-detruire-les-satellites-de-starlink-le-reseau-d-elon-musk-qui-facilite-les-communications-de-l-armee-ukrainienne_AN-202512230327.html\" title=\"Les services de renseignement de l\u2019OTAN estiment que la Russie d\u00e9veloppe des missiles pour d\u00e9truire les satellites de Starlink, le r\u00e9seau d\u2019Elon Musk qui facilite les communications de l\u2019arm\u00e9e ukrainienne\" class=\"internal_link\" target=\"_blank\" rel=\"noopener\">Starlink<\/a>, propri\u00e9t\u00e9 du milliardaire de la tech <a href=\"https:\/\/www.bfmtv.com\/tech\/intelligence-artificielle\/elon-musk-assure-que-neuralink-lancera-la-production-a-grande-echelle-de-ses-implants-cerebraux-en-2026_AV-202601010356.html\" title=\"Elon Musk assure que Neuralink lancera la production \u00e0 grande \u00e9chelle de ses implants c\u00e9r\u00e9braux en 2026\" class=\"internal_link\" target=\"_blank\" rel=\"noopener\">Elon Musk<\/a>, a annonc\u00e9 qu&rsquo;elle d\u00e9ployait un service Internet \u00e0 haut d\u00e9bit gratuit au Venezuela.<\/p>\n<p>L&rsquo;offre tient jusqu&rsquo;au 3 f\u00e9vrier prochain afin de \u00ab\u00a0garantir une connectivit\u00e9 continue\u00a0\u00bb pour tous les habitants.<\/p>\n<p>Sur le r\u00e9seau social X qu&rsquo;il d\u00e9tient \u00e9galement, Elon Musk a ainsi d\u00e9clar\u00e9 que cette action \u00e9tait r\u00e9alis\u00e9e \u00ab\u00a0en soutien au peuple v\u00e9n\u00e9zu\u00e9lien\u00a0\u00bb.<\/p>\n<p>Aujourd&rsquo;hui \u00e0 10h56<\/p>\n<p>Le r\u00e9cit de l&rsquo;op\u00e9ration \u00ab\u00a0Absolute Resolve\u00a0\u00bb, qui a permis la capture de Nicol\u00e1s Maduro par les forces am\u00e9ricaines<\/p>\n<p>Le pr\u00e9sident <a href=\"https:\/\/www.bfmtv.com\/international\/amerique-nord\/etats-unis\/video-nicolas-maduro-capture-les-venezueliens-refugies-aux-etats-unis-satisfaits-et-prets-a-rentrer-chez-eux_VN-202601040103.html\" title=\"Nicol\u00e1s Maduro captur\u00e9: les V\u00e9n\u00e9zu\u00e9liens r\u00e9fugi\u00e9s aux \u00c9tats-Unis satisfaits et pr\u00eats \u00e0 rentrer chez eux\" class=\"internal_link\" target=\"_blank\" rel=\"noopener\">Nicol\u00e1s Maduro<\/a> et son \u00e9pouse, Cilia Flores, ont \u00e9t\u00e9 captur\u00e9s par les forces arm\u00e9es am\u00e9ricaines ce samedi 3 janvier, apr\u00e8s une op\u00e9ration militaire de grande envergure.<\/p>\n<p>Celle-ci, appel\u00e9e \u00ab\u00a0Absolute Resolve\u00a0\u00bb (d\u00e9termination absolue, NDLR), est le fruit de plusieurs mois d&rsquo;entra\u00eenement et de surveillance du pr\u00e9sident v\u00e9n\u00e9zu\u00e9lien.<\/p>\n<p>&gt;&gt; Lire la suite de l&rsquo;article <a href=\"https:\/\/www.bfmtv.com\/international\/amerique-latine\/ils-savaient-qu-on-arrivait-le-recit-de-l-operation-absolute-resolve-qui-a-permis-la-capture-de-nicolas-maduro-par-les-forces-americaines_AD-202601040124.html\" title=\"&quot;Ils savaient qu&#039;on arrivait&quot;: le r\u00e9cit de l&#039;op\u00e9ration &quot;Absolute Resolve&quot; qui a permis la capture de Nicol\u00e1s Maduro par les forces am\u00e9ricaines\" class=\"internal_link\" target=\"_blank\" rel=\"noopener\">ici<\/a><\/p>\n<p>Aujourd&rsquo;hui \u00e0 10h44<\/p>\n<p>Qu&rsquo;est-ce que la doctrine \u00ab\u00a0Donroe\u00a0\u00bb, la doctrine Monroe version Donald Trump ?<\/p>\n<p>Apr\u00e8s l&rsquo;intervention militaire am\u00e9ricaine au Venezuela, Donald Trump assume une remise \u00e0 neuf de la doctrine Monroe, qui fait de l&rsquo;Am\u00e9rique latine un territoire r\u00e9serv\u00e9 aux \u00c9tats-Unis.<\/p>\n<p>Un message clair face \u00e0 des \u00c9tats concurrents comme <a href=\"https:\/\/www.bfmtv.com\/economie\/international\/le-taux-de-croissance-devrait-atteindre-environ-5-xi-jinping-se-rejouit-du-dynamisme-remarquable-de-la-chine-malgre-les-pressions_AV-202512310259.html\" title=\"&quot;Le taux de croissance devrait atteindre environ 5%&quot;: Xi Jinping se r\u00e9jouit du &quot;dynamisme remarquable&quot; de la Chine &quot;malgr\u00e9 les pressions&quot;\" class=\"internal_link\" target=\"_blank\" rel=\"noopener\">la Chine<\/a> ou <a href=\"https:\/\/www.bfmtv.com\/economie\/replay-emissions\/le-18h-eco\/video-venezuela-du-petrole-et-des-alliances-avec-la-russie-et-la-chine-face-aux-etats-unis_VN-202512170831.html\" title=\"Venezuela : du p\u00e9trole et des alliances avec la Russie et la Chine face aux \u00c9tats-Unis\" class=\"internal_link\" target=\"_blank\" rel=\"noopener\">la Russie<\/a>, qui lorgnent \u00e9galement sur les ressources naturelles et \u00e9nerg\u00e9tiques du Venezuela.<\/p>\n<p>Mais aussi une source d&rsquo;inqui\u00e9tude pour d&rsquo;autres territoires ind\u00e9pendants face \u00e0 un interventionnisme am\u00e9ricain agressif.<\/p>\n<p>&gt;&gt; Lire la suite de l&rsquo;article <a href=\"https:\/\/www.bfmtv.com\/international\/amerique-latine\/capture-de-nicolas-maduro-qu-est-ce-que-la-doctrine-donroe-avec-laquelle-donald-trump-assume-une-posture-agressive-face-a-ses-adversaires_AD-202601040129.html\" title=\"Capture de Nicol\u00e1s Maduro: qu&#039;est-ce que la doctrine &quot;Donroe&quot;, avec laquelle Donald Trump assume une posture agressive face \u00e0 ses adversaires?\" class=\"internal_link\" target=\"_blank\" rel=\"noopener\">ici<\/a>.<\/p>\n<p>Aujourd&rsquo;hui \u00e0 09h25<\/p>\n<p>AVANT\/APR\u00c8S: les images satellites qui montrent l&rsquo;ampleur des d\u00e9g\u00e2ts apr\u00e8s les frappes am\u00e9ricaines \u00e0 Caracas<\/p>\n<p>L&rsquo;op\u00e9ration militaire am\u00e9ricaine au Venezuela, nomm\u00e9e \u00ab\u00a0Absolute Resolve\u00a0\u00bb (d\u00e9termination absolue, NDLR), <a href=\"https:\/\/www.bfmtv.com\/international\/video-nicolas-maduro-les-coulisses-de-son-incroyable-capture-a-caracas-au-venezuela_VN-202601030299.html\" title=\"Nicolas Maduro: les coulisses de son incroyable capture \u00e0 Caracas au Venezuela\" class=\"internal_link\" target=\"_blank\" rel=\"noopener\">a mobilis\u00e9 plus de 150 avions<\/a> dont les frappes ont ouvert la voie aux h\u00e9licopt\u00e8res utilis\u00e9s lors du raid de capture de Nicol\u00e1s Maduro et son \u00e9pouse, Cilia Flores.<\/p>\n<p><img decoding=\"async\" loading=\"lazy\" width=\"2048\" height=\"1279\" src=\"https:\/\/www.europesays.com\/fr\/wp-content\/uploads\/2026\/01\/L-installation-militaire-de-Fort-Tiuna-l-une-des-plus-importantes-du-pays-lourdement-touchee-par-les.jpeg\"  alt=\"L'installation militaire de Fort Tiuna, l'une des plus importantes du pays, lourdement touch\u00e9e par les frappes am\u00e9ricaines \u00e0 Caracas, le samedi 3 janvier.\" title=\"L'installation militaire de Fort Tiuna, l'une des plus importantes du pays, lourdement touch\u00e9e par les frappes am\u00e9ricaines \u00e0 Caracas, le samedi 3 janvier.\"\/>L&rsquo;installation militaire de Fort Tiuna, l&rsquo;une des plus importantes du pays, lourdement touch\u00e9e par les frappes am\u00e9ricaines \u00e0 Caracas, le samedi 3 janvier. \u00a9 AFP PHOTO\/ SATELLITE IMAGE \u00a92026 VANTOR<\/p>\n<p>Si <a href=\"https:\/\/www.bfmtv.com\/international\/amerique-latine\/explosions-capture-de-maduro-reponse-de-caracas-ce-que-l-on-sait-de-l-attaque-d-envergure-menee-au-venezuela-par-les-etats-unis_AV-202601030201.html\" title=\"Explosions, capture de Maduro, r\u00e9ponse de Caracas... Ce que l&#039;on sait de l&#039;&quot;attaque d&#039;envergure&quot; men\u00e9e au Venezuela par les \u00c9tats-Unis\" class=\"internal_link\" target=\"_blank\" rel=\"noopener\">le bilan humain est encore incertain<\/a>, plusieurs images satellites montrent les d\u00e9g\u00e2ts sur les infrastructures militaires et certains b\u00e2timents abritant des institutions majeures du pays.<\/p>\n<p>&gt;&gt; Lire la suite de l&rsquo;article <a href=\"https:\/\/www.bfmtv.com\/international\/amerique-latine\/avant-apres-capture-de-nicolas-maduro-des-images-satellites-montrent-l-ampleur-des-degats-causes-au-venezuela-par-les-frappes-americaines_AD-202601040108.html\" title=\"AVANT\/APR\u00c8S. Capture de Nicolas Maduro: des images satellites montrent l&#039;ampleur des d\u00e9g\u00e2ts caus\u00e9s au Venezuela par les frappes am\u00e9ricaines\" class=\"internal_link\" target=\"_blank\" rel=\"noopener\">ici<\/a>.<\/p>\n<p>Aujourd&rsquo;hui \u00e0 07h40<\/p>\n<p>La Chine appelle les Etats-Unis \u00e0 \u00ab\u00a0lib\u00e9rer imm\u00e9diatement\u00a0\u00bb Maduro<\/p>\n<p>La Chine appelle les Etats-Unis \u00e0 la lib\u00e9ration imm\u00e9diate du pr\u00e9sident v\u00e9n\u00e9zu\u00e9lien, Nicolas Maduro, incarc\u00e9r\u00e9 samedi \u00e0 New York apr\u00e8s avoir \u00e9t\u00e9 captur\u00e9 lors d&rsquo;une op\u00e9ration militaire dans la nuit de vendredi \u00e0 samedi.<\/p>\n<p>\u00ab\u00a0La Chine appelle les Etats-Unis \u00e0 garantir la s\u00e9curit\u00e9 personnelle du pr\u00e9sident Nicolas Maduro et de son \u00e9pouse, \u00e0 les lib\u00e9rer imm\u00e9diatement et \u00e0 cesser de chercher \u00e0 renverser le gouvernement du Venezuela\u00a0\u00bb, a r\u00e9agi le minist\u00e8re chinois des Affaires \u00e9trang\u00e8res dans un communiqu\u00e9, qualifiant l&rsquo;op\u00e9ration de \u00ab\u00a0violation flagrante du droit international\u00a0\u00bb.<\/p>\n<p>Aujourd&rsquo;hui \u00e0 06h56<\/p>\n<p>Les compagnies p\u00e9troli\u00e8res am\u00e9ricaines vont s&rsquo;implanter au Venezuela, annonce Donald Trump<\/p>\n<p><a href=\"https:\/\/www.bfmtv.com\/international\/video-nicolas-maduro-capture-le-coup-de-force-de-donald-trump_VN-202601040054.html\" title=\"Nicol\u00e1s Maduro captur\u00e9: le coup de force de Donald Trump\" class=\"internal_link\" target=\"_blank\" rel=\"noopener\">Donald Trump<\/a> a d\u00e9clar\u00e9 samedi qu&rsquo;il autoriserait les compagnies p\u00e9troli\u00e8res am\u00e9ricaines \u00e0 se rendre au Venezuela pour exploiter ses r\u00e9serves de brut, ajoutant que l&#8217;embargo am\u00e9ricain sur le p\u00e9trole v\u00e9n\u00e9zu\u00e9lien restait en vigueur apr\u00e8s l&rsquo;op\u00e9ration militaire contre le pr\u00e9sident Nicolas Maduro.<\/p>\n<p>\u00ab\u00a0Nos tr\u00e8s grandes compagnies p\u00e9troli\u00e8res am\u00e9ricaines, les plus importantes au monde, vont se rendre sur place, d\u00e9penser des milliards de dollars, r\u00e9parer les infrastructures gravement endommag\u00e9es (&#8230;) et commencer \u00e0 g\u00e9n\u00e9rer des revenus pour le pays\u00a0\u00bb, a dit le pr\u00e9sident am\u00e9ricain lors d&rsquo;une conf\u00e9rence de presse en Floride.<\/p>\n<p>Aujourd&rsquo;hui \u00e0 06h24<\/p>\n<p>Lula d\u00e9nonce \u00ab\u00a0une grave atteinte \u00e0 la souverainet\u00e9 du Venezuela\u00a0\u00bb<\/p>\n<p>Le pr\u00e9sident br\u00e9silien Luiz Inacio <a href=\"https:\/\/www.bfmtv.com\/international\/amerique-latine\/bresil\/video-le-president-lula-va-soumettre-aux-pays-du-mercosur-une-demande-de-report-de-la-signature-de-l-accord-commercial-avec-l-ue_VN-202512180808.html\" title=\"Le pr\u00e9sident Lula va soumettre aux pays du Mercosur une demande de report de la signature de l&#039;accord commercial avec l&#039;UE\" class=\"internal_link\" target=\"_blank\" rel=\"noopener\">Lula da Silva<\/a> a condamn\u00e9 samedi une \u00ab\u00a0grave atteinte \u00e0 la souverainet\u00e9 du Venezuela\u00a0\u00bb apr\u00e8s les bombardements am\u00e9ricains sur Caracas t\u00f4t dans la matin\u00e9e et la capture annonc\u00e9e par Donald Trump du pr\u00e9sident v\u00e9n\u00e9zu\u00e9lien Nicolas Maduro.<\/p>\n<p>\u00ab\u00a0Les bombardements sur le territoire v\u00e9n\u00e9zu\u00e9lien et la capture de son pr\u00e9sident d\u00e9passent les limites de l&rsquo;acceptable\u00a0\u00bb et menacent \u00ab\u00a0la pr\u00e9servation de la r\u00e9gion en tant que zone de paix\u00a0\u00bb, a d\u00e9clar\u00e9 Lula sur X.<\/p>\n<p>Il a \u00e9galement exhort\u00e9 la communaut\u00e9 internationale, par l&rsquo;interm\u00e9diaire des Nations unies, \u00e0 \u00ab\u00a0r\u00e9pondre vigoureusement\u00a0\u00bb \u00e0 ces attaques.<\/p>\n<p>Aujourd&rsquo;hui \u00e0 06h20<\/p>\n<p>Les compagnies a\u00e9riennes am\u00e9ricaines \u00e0 nouveau autoris\u00e9es \u00e0 survoler les Cara\u00efbes<\/p>\n<p>Les compagnies a\u00e9riennes am\u00e9ricaines sont \u00e0 nouveau autoris\u00e9es \u00e0 survoler les Cara\u00efbes, apr\u00e8s en avoir \u00e9t\u00e9 emp\u00each\u00e9es en raison de l&rsquo;intervention militaire des \u00c9tats-Unis au <a href=\"https:\/\/www.bfmtv.com\/politique\/video-le-gouvernement-annonce-une-baisse-efficace-et-immediate-du-prix-de-l-electricite_VN-202601040051.html\" title=\"Le gouvernement annonce une &quot;baisse efficace et imm\u00e9diate&quot; du prix de l&#039;\u00e9lectricit\u00e9\" class=\"internal_link\" target=\"_blank\" rel=\"noopener\">Venezuela<\/a>, a annonc\u00e9 le ministre am\u00e9ricain des Transports, Sean Duffy, dans la nuit de samedi \u00e0 dimanche.<\/p>\n<p>\u00ab\u00a0Les restrictions initiales concernant l&rsquo;espace a\u00e9rien des Cara\u00efbes expirent \u00e0 minuit heure de l&rsquo;Est (05H00 GMT dimanche, NDLR) et les vols peuvent reprendre\u00a0\u00bb, a \u00e9crit M. Duffy sur X.<\/p>\n<p>Aujourd&rsquo;hui \u00e0 06h15<\/p>\n<p>La vice-pr\u00e9sidente exercera par int\u00e9rim les pouvoirs de Nicol\u00e1s Maduro<\/p>\n<p>Le Cour supr\u00eame du Venezuela a ordonn\u00e9 samedi \u00e0 la vice-pr\u00e9sidente <strong><a href=\"https:\/\/www.bfmtv.com\/international\/video-la-vice-presidente-du-venezuela-dit-ignorer-ou-se-trouve-nicolas-maduro-et-exige-une-preuve-de-vie-venant-de-donald-trump_VN-202601030149.html\" title=\"La vice-pr\u00e9sidente du Venezuela dit ignorer o\u00f9 se trouve Nicol\u00e1s Maduro et exige une &quot;preuve de vie&quot; venant de Donald Trump\" class=\"internal_link\" target=\"_blank\" rel=\"noopener\">Delcy Rodriguez<\/a><\/strong> d&rsquo;assurer l&rsquo;int\u00e9rim du pouvoir, apr\u00e8s la capture par les Etats-Unis du pr\u00e9sident Nicol\u00e1s Maduro.<\/p>\n<p>La chambre constitutionnelle de la Cour a statu\u00e9 \u00ab\u00a0que Rodriguez assume et exerce en tant que responsable toutes les attributions, devoirs et pouvoirs inh\u00e9rents \u00e0 la fonction de pr\u00e9sidente de la R\u00e9publique bolivarienne du Venezuela afin de garantir la continuit\u00e9 administrative et la d\u00e9fense int\u00e9grale de la nation\u00a0\u00bb. Les juges n&rsquo;ont pour le moment pas d\u00e9clar\u00e9 M. Maduro d\u00e9finitivement absent, ce qui aurait entra\u00een\u00e9 la convocation d&rsquo;\u00e9lections anticip\u00e9es dans les 30 jours.<\/p>\n<p>Aujourd&rsquo;hui \u00e0 06h10<\/p>\n<p>Emmanuel Macron estime que le \u00ab\u00a0peuple v\u00e9n\u00e9zu\u00e9lien\u00a0\u00bb ne peut que se \u00ab\u00a0r\u00e9jouir\u00a0\u00bb de la fin de la \u00ab\u00a0dictature Maduro\u00a0\u00bb<\/p>\n<p>Dans une publication sur X, le pr\u00e9sident de la R\u00e9publique \u00e9voque l&rsquo;avenir politique du Venezuela. \u00ab\u00a0La transition \u00e0 venir doit \u00eatre pacifique, d\u00e9mocratique et respectueuse de la volont\u00e9 du peuple v\u00e9n\u00e9zu\u00e9lien\u00a0\u00bb, pr\u00e9vient Emmanuel Macron. \u00ab\u00a0Le peuple v\u00e9n\u00e9zu\u00e9lien est aujourd\u2019hui d\u00e9barrass\u00e9 de la dictature de Nicol\u00e1s Maduro et ne peut que s\u2019en r\u00e9jouir\u00a0\u00bb, a affirm\u00e9 le chef de l&rsquo;\u00c9tat.<\/p>\n<p>Aujourd&rsquo;hui \u00e0 06h06<\/p>\n<p>Une r\u00e9union du Conseil de s\u00e9curit\u00e9 de l\u2019ONU se tiendra lundi<\/p>\n<p>Le Conseil de s\u00e9curit\u00e9 de l\u2019ONU se r\u00e9unira lundi matin pour discuter de l\u2019op\u00e9ration am\u00e9ricaine de capture du pr\u00e9sident v\u00e9n\u00e9zu\u00e9lien Nicol\u00e1s Maduro \u00e0 Caracas, a indiqu\u00e9 samedi \u00e0 l\u2019AFP la pr\u00e9sidence somalienne du Conseil.<\/p>\n<p>La r\u00e9union d\u2019urgence, qui est pr\u00e9vue \u00e0 10 heures a \u00e9t\u00e9 demand\u00e9e par le Venezuela, requ\u00eate relay\u00e9e par la Colombie qui vient d\u2019entrer au Conseil de s\u00e9curit\u00e9, ont pr\u00e9cis\u00e9 des sources diplomatiques.<\/p>\n<p>Aujourd&rsquo;hui \u00e0 06h04<\/p>\n<p>Exfiltr\u00e9 du Venezuela avec sa femme, Nicol\u00e1s Maduro a d\u00e9barqu\u00e9 d&rsquo;un avion am\u00e9ricain \u00e0 New York<\/p>\n<p>Bonjour \u00e0 tous et bienvenue dans ce live.<\/p>\n<p>Nicol\u00e1s Maduro est arriv\u00e9 sur le sol am\u00e9ricain samedi soir, \u00e0 23 heures 23, apr\u00e8s avoir descendu tr\u00e8s lentement les escaliers de l\u2019avion dans lequel il a \u00e9t\u00e9 transport\u00e9. Le pr\u00e9sident v\u00e9n\u00e9zu\u00e9lien avait le visage dissimul\u00e9 et \u00e9tait menott\u00e9. Deux policiers le guidaient dans sa marche. Un gros dispositif de s\u00e9curit\u00e9 a \u00e9t\u00e9 d\u00e9ploy\u00e9 avec notamment des agents de la DEA (Drug Enforcement Administration, en charge de la lutte contre le trafic de drogue) et du FBI.<\/p>\n","protected":false},"excerpt":{"rendered":"Aujourd&rsquo;hui \u00e0 13h42 Jean-No\u00ebl Barrot soutient que \u00ab\u00a0la France se pr\u00e9pare \u00e0 un monde plus brutal et durci\u00a0\u00bb&hellip;\n","protected":false},"author":2,"featured_media":640380,"comment_status":"","ping_status":"","sticky":false,"template":"","format":"standard","meta":{"footnotes":""},"categories":[1589],"tags":[11,73,1866,12,1864,1865,1863,308],"class_list":{"0":"post-640379","1":"post","2":"type-post","3":"status-publish","4":"format-standard","5":"has-post-thumbnail","7":"category-etats-unis","8":"tag-actualites","9":"tag-etats-unis","10":"tag-etats-unis-damerique","11":"tag-news","12":"tag-united-states","13":"tag-united-states-of-america","14":"tag-us","15":"tag-usa"},"share_on_mastodon":{"url":"https:\/\/pubeurope.com\/@fr\/115836966913634401","error":""},"_links":{"self":[{"href":"https:\/\/www.europesays.com\/fr\/wp-json\/wp\/v2\/posts\/640379","targetHints":{"allow":["GET"]}}],"collection":[{"href":"https:\/\/www.europesays.com\/fr\/wp-json\/wp\/v2\/posts"}],"about":[{"href":"https:\/\/www.europesays.com\/fr\/wp-json\/wp\/v2\/types\/post"}],"author":[{"embeddable":true,"href":"https:\/\/www.europesays.com\/fr\/wp-json\/wp\/v2\/users\/2"}],"replies":[{"embeddable":true,"href":"https:\/\/www.europesays.com\/fr\/wp-json\/wp\/v2\/comments?post=640379"}],"version-history":[{"count":0,"href":"https:\/\/www.europesays.com\/fr\/wp-json\/wp\/v2\/posts\/640379\/revisions"}],"wp:featuredmedia":[{"embeddable":true,"href":"https:\/\/www.europesays.com\/fr\/wp-json\/wp\/v2\/media\/640380"}],"wp:attachment":[{"href":"https:\/\/www.europesays.com\/fr\/wp-json\/wp\/v2\/media?parent=640379"}],"wp:term":[{"taxonomy":"category","embeddable":true,"href":"https:\/\/www.europesays.com\/fr\/wp-json\/wp\/v2\/categories?post=640379"},{"taxonomy":"post_tag","embeddable":true,"href":"https:\/\/www.europesays.com\/fr\/wp-json\/wp\/v2\/tags?post=640379"}],"curies":[{"name":"wp","href":"https:\/\/api.w.org\/{rel}","templated":true}]}}