{"id":640383,"date":"2026-01-04T13:04:14","date_gmt":"2026-01-04T13:04:14","guid":{"rendered":"https:\/\/www.europesays.com\/fr\/640383\/"},"modified":"2026-01-04T13:04:14","modified_gmt":"2026-01-04T13:04:14","slug":"allemagne-une-importante-panne-delectricite-partiellement-resolue-a-berlin","status":"publish","type":"post","link":"https:\/\/www.europesays.com\/fr\/640383\/","title":{"rendered":"Allemagne\u00a0: une importante panne d\u2019\u00e9lectricit\u00e9 partiellement r\u00e9solue \u00e0 Berlin"},"content":{"rendered":"<p>Les autorit\u00e9s privil\u00e9gient pour l\u2019instant l\u2019hypoth\u00e8se d\u2019un acte intentionnel, tout en v\u00e9rifiant l\u2019authenticit\u00e9 de ce courrier. La coupure d\u2019\u00e9lectricit\u00e9 a \u00e9galement mis hors service l\u2019\u00e9clairage public, la t\u00e9l\u00e9phonie mobile et de nombreux feux de signalisation. Dans les supermarch\u00e9s, les syst\u00e8mes de r\u00e9frig\u00e9ration se sont arr\u00eat\u00e9s et, dans de nombreux logements, le chauffage ne fonctionnait plus alors que les temp\u00e9ratures frisaient le z\u00e9ro degr\u00e9. Selon le gestionnaire de r\u00e9seau, il faudra sans doute encore attendre jusqu\u2019\u00e0 jeudi apr\u00e8s-midi pour un r\u00e9tablissement complet de l\u2019\u00e9lectricit\u00e9.<\/p>\n","protected":false},"excerpt":{"rendered":"Les autorit\u00e9s privil\u00e9gient pour l\u2019instant l\u2019hypoth\u00e8se d\u2019un acte intentionnel, tout en v\u00e9rifiant l\u2019authenticit\u00e9 de ce courrier. La coupure&hellip;\n","protected":false},"author":2,"featured_media":640384,"comment_status":"","ping_status":"","sticky":false,"template":"","format":"standard","meta":{"footnotes":""},"categories":[1587],"tags":[11,672,1804,1805,1803,1777,674,1801,12,1802],"class_list":{"0":"post-640383","1":"post","2":"type-post","3":"status-publish","4":"format-standard","5":"has-post-thumbnail","7":"category-allemagne","8":"tag-actualites","9":"tag-allemagne","10":"tag-bundesrepublik-deutschland","11":"tag-de","12":"tag-deutschland","13":"tag-eu","14":"tag-europe","15":"tag-germany","16":"tag-news","17":"tag-republique-federale-dallemagne"},"share_on_mastodon":{"url":"https:\/\/pubeurope.com\/@fr\/115836974922752486","error":""},"_links":{"self":[{"href":"https:\/\/www.europesays.com\/fr\/wp-json\/wp\/v2\/posts\/640383","targetHints":{"allow":["GET"]}}],"collection":[{"href":"https:\/\/www.europesays.com\/fr\/wp-json\/wp\/v2\/posts"}],"about":[{"href":"https:\/\/www.europesays.com\/fr\/wp-json\/wp\/v2\/types\/post"}],"author":[{"embeddable":true,"href":"https:\/\/www.europesays.com\/fr\/wp-json\/wp\/v2\/users\/2"}],"replies":[{"embeddable":true,"href":"https:\/\/www.europesays.com\/fr\/wp-json\/wp\/v2\/comments?post=640383"}],"version-history":[{"count":0,"href":"https:\/\/www.europesays.com\/fr\/wp-json\/wp\/v2\/posts\/640383\/revisions"}],"wp:featuredmedia":[{"embeddable":true,"href":"https:\/\/www.europesays.com\/fr\/wp-json\/wp\/v2\/media\/640384"}],"wp:attachment":[{"href":"https:\/\/www.europesays.com\/fr\/wp-json\/wp\/v2\/media?parent=640383"}],"wp:term":[{"taxonomy":"category","embeddable":true,"href":"https:\/\/www.europesays.com\/fr\/wp-json\/wp\/v2\/categories?post=640383"},{"taxonomy":"post_tag","embeddable":true,"href":"https:\/\/www.europesays.com\/fr\/wp-json\/wp\/v2\/tags?post=640383"}],"curies":[{"name":"wp","href":"https:\/\/api.w.org\/{rel}","templated":true}]}}