{"id":640389,"date":"2026-01-04T13:07:16","date_gmt":"2026-01-04T13:07:16","guid":{"rendered":"https:\/\/www.europesays.com\/fr\/640389\/"},"modified":"2026-01-04T13:07:16","modified_gmt":"2026-01-04T13:07:16","slug":"16-nouveaux-corps-ont-ete-identifies-et-restitues-a-leurs-familles-dont-celui-dun-francais-de-39-ans","status":"publish","type":"post","link":"https:\/\/www.europesays.com\/fr\/640389\/","title":{"rendered":"16 nouveaux corps ont \u00e9t\u00e9 identifi\u00e9s et restitu\u00e9s \u00e0 leurs familles, dont celui d&rsquo;un Fran\u00e7ais de 39 ans"},"content":{"rendered":"\n<p class=\"c-chapo \">\n  Au total, cela porte \u00e0 24 le nombre de d\u00e9funts d\u00e9j\u00e0 identifi\u00e9s, pr\u00e9cise la police du canton de Valais.\n<\/p>\n<p>      lire plus tard<\/p>\n<p id=\"dialog__title\" class=\"dialog__title\">Pour sauvegarder cet article, connectez-vous ou cr\u00e9ez un compte franceinfo<\/p>\n<p class=\"dialog__description\">Sans paiement. Sans abonnement.<\/p>\n<p>        Fermer la fen\u00eatre d\u2019activation des notifications France Info<\/p>\n<p>      cr\u00e9er votre compte<\/p>\n<p>      se connecter<\/p>\n<p>      :<\/p>\n<p>        Fermer la fen\u00eatre de pr\u00e9sentation<\/p>\n<p>    <img loading=\"lazy\" decoding=\"async\" class=\"signature__image lazyload\" width=\"100\" height=\"100\" data- alt=\"\" src=\"https:\/\/www.europesays.com\/fr\/wp-content\/uploads\/2025\/06\/64a55fd777de4_placeholder-36b69ec8.png\"\/><\/p>\n<p>    Publi\u00e9 le 04\/01\/2026 09:52<\/p>\n<p>      Mis \u00e0 jour le 04\/01\/2026 10:37<\/p>\n<p>        Temps de lecture : 1min<\/p>\n<p>    <img decoding=\"async\"  alt=\"Des repr\u00e9sentants suisses rendent hommage aux victimes de l'incendie d'un bar dans la station de ski suisse de Crans-Montana, le 4 janvier 2026. (JEAN-CHRISTOPHE BOTT \/ POOL)\" width=\"432\" height=\"243\" src=\"https:\/\/www.europesays.com\/fr\/wp-content\/uploads\/2026\/01\/000-89jl3kh-1-695a279b4231f063979522.jpg\" fetchpriority=\"high\"\/><\/p>\n<p>      Des repr\u00e9sentants suisses rendent hommage aux victimes de l&rsquo;incendie d&rsquo;un bar dans la station de ski suisse de Crans-Montana, le 4 janvier 2026. (JEAN-CHRISTOPHE BOTT \/ POOL)<\/p>\n<p>Le corps d&rsquo;un Fran\u00e7ais de 39 ans a \u00e9t\u00e9 identifi\u00e9 parmi les victimes de l&rsquo;incendie du bar Le Constellation pendant la nuit du Nouvel An \u00e0 Crans-Montana, annonce la police cantonale valaisanne dans un communiqu\u00e9 publi\u00e9 dimanche 4 janvier. Au total, \u00ab\u00a016 nouvelles victimes ont \u00e9t\u00e9 identifi\u00e9es et leurs corps restitu\u00e9s \u00e0 leurs familles\u00a0\u00bb, pr\u00e9cise cette source, ce qui porte \u00e0 24 le nombre de d\u00e9funts identifi\u00e9s. Dix ressortissants suisses, deux Italiens, un Roumain, un Turc et un Italo-Emirati figurent \u00e9galement dans ce bilan.<\/p>\n<p>\u00ab\u00a0Par respect pour les proches, aucune autre information ne sera divulgu\u00e9e \u00e0 ce stade\u00a0\u00bb, ajoute la police. Les op\u00e9rations d&rsquo;identification devraient durer plusieurs jours, selon les autorit\u00e9s, alors que le bilan faisait \u00e9tat de 40 morts et 119 bless\u00e9s. Plusieurs grands br\u00fbl\u00e9s ont \u00e9t\u00e9 transf\u00e9r\u00e9s dans des h\u00f4pitaux en France, en Belgique, en Allemagne et en Italie. D&rsquo;apr\u00e8s le Quai d&rsquo;Orsay, 10 patients sont d\u00e9sormais soign\u00e9s en France : deux patients ont \u00e9t\u00e9 transf\u00e9r\u00e9s jeudi et huit vendredi, selon un communiqu\u00e9 du minist\u00e8re des Affaires \u00e9trang\u00e8res.<\/p>\n","protected":false},"excerpt":{"rendered":"Au total, cela porte \u00e0 24 le nombre de d\u00e9funts d\u00e9j\u00e0 identifi\u00e9s, pr\u00e9cise la police du canton de&hellip;\n","protected":false},"author":2,"featured_media":640390,"comment_status":"","ping_status":"","sticky":false,"template":"","format":"standard","meta":{"footnotes":""},"categories":[2],"tags":[11,1011,27,12,25],"class_list":{"0":"post-640389","1":"post","2":"type-post","3":"status-publish","4":"format-standard","5":"has-post-thumbnail","7":"category-actualites","8":"tag-actualites","9":"tag-fr","10":"tag-france","11":"tag-news","12":"tag-republique-francaise"},"share_on_mastodon":{"url":"https:\/\/pubeurope.com\/@fr\/115836986695268082","error":""},"_links":{"self":[{"href":"https:\/\/www.europesays.com\/fr\/wp-json\/wp\/v2\/posts\/640389","targetHints":{"allow":["GET"]}}],"collection":[{"href":"https:\/\/www.europesays.com\/fr\/wp-json\/wp\/v2\/posts"}],"about":[{"href":"https:\/\/www.europesays.com\/fr\/wp-json\/wp\/v2\/types\/post"}],"author":[{"embeddable":true,"href":"https:\/\/www.europesays.com\/fr\/wp-json\/wp\/v2\/users\/2"}],"replies":[{"embeddable":true,"href":"https:\/\/www.europesays.com\/fr\/wp-json\/wp\/v2\/comments?post=640389"}],"version-history":[{"count":0,"href":"https:\/\/www.europesays.com\/fr\/wp-json\/wp\/v2\/posts\/640389\/revisions"}],"wp:featuredmedia":[{"embeddable":true,"href":"https:\/\/www.europesays.com\/fr\/wp-json\/wp\/v2\/media\/640390"}],"wp:attachment":[{"href":"https:\/\/www.europesays.com\/fr\/wp-json\/wp\/v2\/media?parent=640389"}],"wp:term":[{"taxonomy":"category","embeddable":true,"href":"https:\/\/www.europesays.com\/fr\/wp-json\/wp\/v2\/categories?post=640389"},{"taxonomy":"post_tag","embeddable":true,"href":"https:\/\/www.europesays.com\/fr\/wp-json\/wp\/v2\/tags?post=640389"}],"curies":[{"name":"wp","href":"https:\/\/api.w.org\/{rel}","templated":true}]}}