{"id":640406,"date":"2026-01-04T13:20:36","date_gmt":"2026-01-04T13:20:36","guid":{"rendered":"https:\/\/www.europesays.com\/fr\/640406\/"},"modified":"2026-01-04T13:20:36","modified_gmt":"2026-01-04T13:20:36","slug":"la-semaine-decoration-et-design-274","status":"publish","type":"post","link":"https:\/\/www.europesays.com\/fr\/640406\/","title":{"rendered":"La semaine d\u00e9coration et design #274"},"content":{"rendered":"<p>La semaine d\u00e9coration et design vous propose de d\u00e9couvrir des reportages int\u00e9ressants pour tous les amoureux de la <a href=\"https:\/\/planete-deco.fr\/2023\/09\/08\/une-maison-flottante-design-a-la-decoration-japandi\/\" target=\"_blank\" rel=\"noopener\">d\u00e9coration<\/a> contemporaine (ou pas). Tous les styles peuvent y apparaitre, du plus classique au plus novateur. Les architectures int\u00e9ressantes, les nouveaux produits et expositions vous seront pr\u00e9sent\u00e9s parfois. C\u2019est une rubrique fourre-tout pour tout ce qui a retenu notre attention et que nous avons envie de mettre en avant et de vous faire d\u00e9couvrir.<\/p>\n<p>N\u2019h\u00e9sitez pas \u00e0 cliquer sur les liens en orange qui vous emm\u00e8neront directement sur les articles d\u2019origine ou sur les sites qui m\u00e9ritent quelques instants d\u2019attention. Nous esp\u00e9rons que la rubrique \u201cLa semaine d\u00e9coration et design\u201d vous plaira autant qu\u2019il nous a plu de vous montrer toutes ces nouveaut\u00e9s !<\/p>\n<p>Decoration and design week #274<br \/>The decoration and design week offers you interesting reports for all lovers of contemporary decoration (or not). All styles can appear, from the most classic to the most innovative. Interesting architectures, new products and exhibitions will be presented to you sometimes. This is a catch-all section for everything that has caught our attention and that we want to put forward and let you discover.<\/p>\n<p>Please feel free to click on the orange links which will take you directly to the original articles or to sites that deserve some attention. We hope that you will enjoy the \u201cDecoration and design week\u201d section as much as we enjoyed showing you all these news!<\/p>\n<p><a href=\"https:\/\/www.nuevoestilo.es\/casas\/a65443379\/pequena-casa-de-planta-abierta-de-solo-45-metros-vivienda-y-taller-de-un-interiorista\/\" target=\"_blank\" rel=\"noopener\">Un appartement atelier de 45m2 pour un jeune architecte d&rsquo;int\u00e9rieur<\/a><\/p>\n<p>A 45m2 artist&rsquo;s studio apartment for a young interior designer<\/p>\n<p><a href=\"https:\/\/planete-deco.fr\/wp-content\/uploads\/2026\/01\/SD3.jpeg\" target=\"_blank\" rel=\"noopener\"><img decoding=\"async\" loading=\"lazy\" class=\"alignnone wp-image-483240 size-full\" src=\"https:\/\/www.europesays.com\/fr\/wp-content\/uploads\/2026\/01\/SD3-1536x1024.jpeg\" alt=\"salon d\u00e9coration contemporaine et vintage deux-pi\u00e8ces 45m2 murs b\u00e9ton fa\u00e7on mini loft\" width=\"1536\" height=\"1024\"  \/><a class=\"pin-btn\" data-pin-custom=\"true\" href=\"https:\/\/pinterest.com\/pin\/create\/button\/?url=https:\/\/planete-deco.fr\/2026\/01\/04\/la-semaine-decoration-et-design-274\/&amp;media=https:\/\/planete-deco.fr\/wp-content\/uploads\/2026\/01\/SD3.jpeg&amp;description=La semaine d\u00e9coration et design vous propose de d\u00e9couvrir des reportages int\u00e9ressants pour tous les amoureux de la d\u00e9coration contemporaine (ou pas). Tous les styles peuvent y apparaitre, du plus classique\u2026\" target=\"_blank\" title=\"Share on Pinterest\" rel=\"noopener\"><img decoding=\"async\" src=\"https:\/\/www.europesays.com\/fr\/wp-content\/uploads\/2025\/05\/share_pinterest.png\" alt=\"Share on Pinterest\"\/><\/a><br \/>\n<\/a><\/p>\n<p><a href=\"https:\/\/www.marieclaire.fr\/maison\/maison-contemporaine-verre-lac-zurich,1505701.asp\" target=\"_blank\" rel=\"noopener\">Une maison contemporaine au bord du lac \u00e0 Zurich<\/a><\/p>\n<p>A contemporary house by the lake in Zurich<\/p>\n<p><a href=\"https:\/\/planete-deco.fr\/wp-content\/uploads\/2026\/01\/SD1.webp\" target=\"_blank\" rel=\"noopener\"><img decoding=\"async\" loading=\"lazy\" class=\"alignnone wp-image-483237 size-full\" src=\"https:\/\/www.europesays.com\/fr\/wp-content\/uploads\/2026\/01\/SD1-1362x2048.webp.webp\" alt=\"salon d\u00e9coration contemporaine avec canap\u00e9 bleu\" width=\"1362\" height=\"2048\"  \/><a class=\"pin-btn\" data-pin-custom=\"true\" href=\"https:\/\/pinterest.com\/pin\/create\/button\/?url=https:\/\/planete-deco.fr\/2026\/01\/04\/la-semaine-decoration-et-design-274\/&amp;media=https:\/\/planete-deco.fr\/wp-content\/uploads\/2026\/01\/SD1.webp&amp;description=La semaine d\u00e9coration et design vous propose de d\u00e9couvrir des reportages int\u00e9ressants pour tous les amoureux de la d\u00e9coration contemporaine (ou pas). Tous les styles peuvent y apparaitre, du plus classique\u2026\" target=\"_blank\" title=\"Share on Pinterest\" rel=\"noopener\"><img decoding=\"async\" src=\"https:\/\/www.europesays.com\/fr\/wp-content\/uploads\/2025\/05\/share_pinterest.png\" alt=\"Share on Pinterest\"\/><\/a><br \/>\n<\/a><\/p>\n<p><a href=\"https:\/\/www.nuevoestilo.es\/casas\/a69837740\/casa-molduras-clasicas-suelos-mosaico-originales-interiorismo-minimalista\/\" target=\"_blank\" rel=\"noopener\">Une maison ancienne \u00e0 Valencia avec une d\u00e9coration actuelle<\/a><\/p>\n<p>An historic house in Valencia with contemporary d\u00e9cor<\/p>\n<p><a href=\"https:\/\/www.europesays.com\/fr\/wp-content\/uploads\/2026\/01\/SD2.jpeg\"><img decoding=\"async\" loading=\"lazy\" class=\"alignnone wp-image-483238 size-full\" src=\"https:\/\/www.europesays.com\/fr\/wp-content\/uploads\/2026\/01\/SD2.jpeg\" alt=\"chambre avec poutres et sol carrelage ancien d\u00e9coration contemporaine\" width=\"980\" height=\"1469\"  \/><a class=\"pin-btn\" data-pin-custom=\"true\" href=\"https:\/\/pinterest.com\/pin\/create\/button\/?url=https:\/\/planete-deco.fr\/2026\/01\/04\/la-semaine-decoration-et-design-274\/&amp;media=https:\/\/www.europesays.com\/fr\/wp-content\/uploads\/2026\/01\/SD2.jpeg&amp;description=La semaine d\u00e9coration et design vous propose de d\u00e9couvrir des reportages int\u00e9ressants pour tous les amoureux de la d\u00e9coration contemporaine (ou pas). Tous les styles peuvent y apparaitre, du plus classique\u2026\" target=\"_blank\" title=\"Share on Pinterest\"><img decoding=\"async\" src=\"https:\/\/www.europesays.com\/fr\/wp-content\/uploads\/2025\/05\/share_pinterest.png\" alt=\"Share on Pinterest\"\/><\/a><br \/>\n<\/a><\/p>\n<p><a href=\"https:\/\/www.marieclaire.fr\/maison\/ce-sublime-appartement-haussmannien-revisite-l-art-de-vivre-a-la-francaise,1505674.asp\" target=\"_blank\" rel=\"noopener\">Un appartement haussmannien r\u00e9nov\u00e9 en style contemporain \u00e0 Paris<\/a><\/p>\n<p>A Haussmann-style apartment renovated in a contemporary style in Paris<\/p>\n<p><a href=\"https:\/\/planete-deco.fr\/wp-content\/uploads\/2026\/01\/SD4.webp\" target=\"_blank\" rel=\"noopener\"><img decoding=\"async\" loading=\"lazy\" class=\"alignnone wp-image-483241 size-full\" src=\"https:\/\/www.europesays.com\/fr\/wp-content\/uploads\/2026\/01\/SD4-1362x2048.webp.webp\" alt=\"chambre avec lit \u00e0 baldaquin appartement haussmannien Paris d\u00e9coration contemporaine\" width=\"1362\" height=\"2048\"  \/><a class=\"pin-btn\" data-pin-custom=\"true\" href=\"https:\/\/pinterest.com\/pin\/create\/button\/?url=https:\/\/planete-deco.fr\/2026\/01\/04\/la-semaine-decoration-et-design-274\/&amp;media=https:\/\/planete-deco.fr\/wp-content\/uploads\/2026\/01\/SD4.webp&amp;description=La semaine d\u00e9coration et design vous propose de d\u00e9couvrir des reportages int\u00e9ressants pour tous les amoureux de la d\u00e9coration contemporaine (ou pas). Tous les styles peuvent y apparaitre, du plus classique\u2026\" target=\"_blank\" title=\"Share on Pinterest\" rel=\"noopener\"><img decoding=\"async\" src=\"https:\/\/www.europesays.com\/fr\/wp-content\/uploads\/2025\/05\/share_pinterest.png\" alt=\"Share on Pinterest\"\/><\/a><br \/>\n<\/a><\/p>\n<p><a href=\"https:\/\/www.vtwonen.nl\/durf-theo-bert\/durf-met-theo-bert-frisse-lucht~da98117\" target=\"_blank\" rel=\"noopener\">D\u00e9corer en couleurs avec le designer Theo Bert<\/a><\/p>\n<p>Decorate with colour with designer Theo Bert<\/p>\n<p><a href=\"https:\/\/planete-deco.fr\/wp-content\/uploads\/2026\/01\/SD5.jpeg\" target=\"_blank\" rel=\"noopener\"><img decoding=\"async\" loading=\"lazy\" class=\"alignnone wp-image-483242 size-full\" src=\"https:\/\/www.europesays.com\/fr\/wp-content\/uploads\/2026\/01\/SD5-1237x1536.jpeg\" alt=\"salon d\u00e9coration design color\u00e9e et vintage ann\u00e9e 60 et 70 par Theo Bert\" width=\"1237\" height=\"1536\"  \/><a class=\"pin-btn\" data-pin-custom=\"true\" href=\"https:\/\/pinterest.com\/pin\/create\/button\/?url=https:\/\/planete-deco.fr\/2026\/01\/04\/la-semaine-decoration-et-design-274\/&amp;media=https:\/\/planete-deco.fr\/wp-content\/uploads\/2026\/01\/SD5.jpeg&amp;description=La semaine d\u00e9coration et design vous propose de d\u00e9couvrir des reportages int\u00e9ressants pour tous les amoureux de la d\u00e9coration contemporaine (ou pas). Tous les styles peuvent y apparaitre, du plus classique\u2026\" target=\"_blank\" title=\"Share on Pinterest\" rel=\"noopener\"><img decoding=\"async\" src=\"https:\/\/www.europesays.com\/fr\/wp-content\/uploads\/2025\/05\/share_pinterest.png\" alt=\"Share on Pinterest\"\/><\/a><br \/>\n<\/a><\/p>\n<p><a href=\"https:\/\/www.houzz.com\/professionals\/architects-and-building-designers\/neely-architecture-pfvwus-pf~469820561\" target=\"_blank\" rel=\"noopener\">Une ancienne grange transform\u00e9e en maison<\/a><\/p>\n<p>A former barn converted into a house<\/p>\n<p><a href=\"https:\/\/www.europesays.com\/fr\/wp-content\/uploads\/2026\/01\/SD6.jpg\"><img decoding=\"async\" loading=\"lazy\" class=\"alignnone wp-image-483243 size-full\" src=\"https:\/\/www.europesays.com\/fr\/wp-content\/uploads\/2026\/01\/SD6.jpg\" alt=\"grange ancienne r\u00e9nov\u00e9e\" width=\"1200\" height=\"900\"  \/><a class=\"pin-btn\" data-pin-custom=\"true\" href=\"https:\/\/pinterest.com\/pin\/create\/button\/?url=https:\/\/planete-deco.fr\/2026\/01\/04\/la-semaine-decoration-et-design-274\/&amp;media=https:\/\/www.europesays.com\/fr\/wp-content\/uploads\/2026\/01\/SD6.jpg&amp;description=La semaine d\u00e9coration et design vous propose de d\u00e9couvrir des reportages int\u00e9ressants pour tous les amoureux de la d\u00e9coration contemporaine (ou pas). Tous les styles peuvent y apparaitre, du plus classique\u2026\" target=\"_blank\" title=\"Share on Pinterest\"><img decoding=\"async\" src=\"https:\/\/www.europesays.com\/fr\/wp-content\/uploads\/2025\/05\/share_pinterest.png\" alt=\"Share on Pinterest\"\/><\/a><br \/>\n<\/a><\/p>\n<p><a href=\"https:\/\/www.sunset.com\/home-garden\/home-tours\/park-city-vacation-home\" target=\"_blank\" rel=\"noopener\">Une maison contemporaine dans la neige<\/a><\/p>\n<p>A contemporary house in the snow<\/p>\n<p><a href=\"https:\/\/www.europesays.com\/fr\/wp-content\/uploads\/2026\/01\/SD7.jpg\"><img decoding=\"async\" loading=\"lazy\" class=\"alignnone wp-image-483244 size-full\" src=\"https:\/\/www.europesays.com\/fr\/wp-content\/uploads\/2026\/01\/SD7.jpg\" alt=\"salle de bain baignoire \u00eelot d\u00e9coration design grandes baies vitr\u00e9es paysage neigeux de montagne\" width=\"768\" height=\"1024\"  \/><a class=\"pin-btn\" data-pin-custom=\"true\" href=\"https:\/\/pinterest.com\/pin\/create\/button\/?url=https:\/\/planete-deco.fr\/2026\/01\/04\/la-semaine-decoration-et-design-274\/&amp;media=https:\/\/www.europesays.com\/fr\/wp-content\/uploads\/2026\/01\/SD7.jpg&amp;description=La semaine d\u00e9coration et design vous propose de d\u00e9couvrir des reportages int\u00e9ressants pour tous les amoureux de la d\u00e9coration contemporaine (ou pas). Tous les styles peuvent y apparaitre, du plus classique\u2026\" target=\"_blank\" title=\"Share on Pinterest\"><img decoding=\"async\" src=\"https:\/\/www.europesays.com\/fr\/wp-content\/uploads\/2025\/05\/share_pinterest.png\" alt=\"Share on Pinterest\"\/><\/a><br \/>\n<\/a><\/p>\n<p><a href=\"https:\/\/www.elledecoration.co.uk\/houses\/a69795670\/cadence-co-stables-sydney\/\" target=\"_blank\" rel=\"noopener\">Une maison en Australie con\u00e7ue pour les hommes et les chevaux<\/a><\/p>\n<p>A house in Australia designed for men and horses<\/p>\n<p><a href=\"https:\/\/www.europesays.com\/fr\/wp-content\/uploads\/2026\/01\/SD8.jpeg\"><img decoding=\"async\" loading=\"lazy\" class=\"alignnone wp-image-483245 size-full\" src=\"https:\/\/www.europesays.com\/fr\/wp-content\/uploads\/2026\/01\/SD8.jpeg\" alt=\"terrasse maison d\u00e9coration contemporaine et ethnique color\u00e9e\" width=\"1200\" height=\"903\"  \/><a class=\"pin-btn\" data-pin-custom=\"true\" href=\"https:\/\/pinterest.com\/pin\/create\/button\/?url=https:\/\/planete-deco.fr\/2026\/01\/04\/la-semaine-decoration-et-design-274\/&amp;media=https:\/\/www.europesays.com\/fr\/wp-content\/uploads\/2026\/01\/SD8.jpeg&amp;description=La semaine d\u00e9coration et design vous propose de d\u00e9couvrir des reportages int\u00e9ressants pour tous les amoureux de la d\u00e9coration contemporaine (ou pas). Tous les styles peuvent y apparaitre, du plus classique\u2026\" target=\"_blank\" title=\"Share on Pinterest\"><img decoding=\"async\" src=\"https:\/\/www.europesays.com\/fr\/wp-content\/uploads\/2025\/05\/share_pinterest.png\" alt=\"Share on Pinterest\"\/><\/a><br \/>\n<\/a><\/p>\n<p><a href=\"https:\/\/www.casafacile.it\/case\/ispirazioni\/casa-epoca-vetrata-blu\/\" target=\"_blank\" rel=\"noopener\">Un appartement r\u00e9nov\u00e9 en style contemporain \u00e0 Rome<\/a><\/p>\n<p>A contemporary-style renovated flat in Rome<\/p>\n<p><a href=\"https:\/\/www.europesays.com\/fr\/wp-content\/uploads\/2026\/01\/sd9.jpg\"><img decoding=\"async\" loading=\"lazy\" class=\"alignnone wp-image-483246 size-full\" src=\"https:\/\/www.europesays.com\/fr\/wp-content\/uploads\/2026\/01\/sd9.jpg\" alt=\"salon avec verri\u00e8re pour cuisine d\u00e9coration contemporaine\" width=\"1500\" height=\"1001\"  \/><a class=\"pin-btn\" data-pin-custom=\"true\" href=\"https:\/\/pinterest.com\/pin\/create\/button\/?url=https:\/\/planete-deco.fr\/2026\/01\/04\/la-semaine-decoration-et-design-274\/&amp;media=https:\/\/www.europesays.com\/fr\/wp-content\/uploads\/2026\/01\/sd9.jpg&amp;description=La semaine d\u00e9coration et design vous propose de d\u00e9couvrir des reportages int\u00e9ressants pour tous les amoureux de la d\u00e9coration contemporaine (ou pas). Tous les styles peuvent y apparaitre, du plus classique\u2026\" target=\"_blank\" title=\"Share on Pinterest\"><img decoding=\"async\" src=\"https:\/\/www.europesays.com\/fr\/wp-content\/uploads\/2025\/05\/share_pinterest.png\" alt=\"Share on Pinterest\"\/><\/a><br \/>\n<\/a><\/p>\n<p><a href=\"https:\/\/www.archilovers.com\/projects\/334457\/covelo-house.html\" target=\"_blank\" rel=\"noopener\">Un studio en duplex de 32m2 au Portugal r\u00e9nov\u00e9 par des architectes<\/a><\/p>\n<p>A 32m2 duplex studio in Portugal renovated by architects<\/p>\n<p><a href=\"https:\/\/planete-deco.fr\/wp-content\/uploads\/2026\/01\/sd10.jpg\" target=\"_blank\" rel=\"noopener\"><img decoding=\"async\" loading=\"lazy\" class=\"alignnone wp-image-483248 size-full\" src=\"https:\/\/www.europesays.com\/fr\/wp-content\/uploads\/2026\/01\/sd10-1536x1025.jpg\" alt=\"salon murs anciens d\u00e9coration design avec escalier et cuisine verte studio 32m2 Portugal\" width=\"1536\" height=\"1025\"  \/><a class=\"pin-btn\" data-pin-custom=\"true\" href=\"https:\/\/pinterest.com\/pin\/create\/button\/?url=https:\/\/planete-deco.fr\/2026\/01\/04\/la-semaine-decoration-et-design-274\/&amp;media=https:\/\/planete-deco.fr\/wp-content\/uploads\/2026\/01\/sd10.jpg&amp;description=La semaine d\u00e9coration et design vous propose de d\u00e9couvrir des reportages int\u00e9ressants pour tous les amoureux de la d\u00e9coration contemporaine (ou pas). Tous les styles peuvent y apparaitre, du plus classique\u2026\" target=\"_blank\" title=\"Share on Pinterest\" rel=\"noopener\"><img decoding=\"async\" src=\"https:\/\/www.europesays.com\/fr\/wp-content\/uploads\/2025\/05\/share_pinterest.png\" alt=\"Share on Pinterest\"\/><\/a><br \/>\n<\/a><\/p>\n<p>Shop the look !<br \/><a class=\"shopify\" href=\"https:\/\/shop.planete-deco.fr\/products\/klast-table-a-manger-ronde-de-100-cm-blanche-cory-style-vintage-avec-base-tulipe-design-contemporain-et-amplificateur-despace-ideale-pour-les-salles-a-manger-modernes\" target=\"_blank\" rel=\"noopener\"><img decoding=\"async\" loading=\"lazy\" class=\"shopify alignnone\" src=\"https:\/\/www.europesays.com\/fr\/wp-content\/uploads\/2026\/01\/41sGrjPqg1L_720x.jpg\" alt=\"KLAST Table \u00e0 Manger Ronde de 100 Cm Blanche Cory, Style Vintage avec Base Tulipe, Design Contemporain et Amplificateur d'Espace Id\u00e9ale pour Les Salles \u00e0 Manger Modernes\" width=\"720\" height=\"720\" \/><\/a><a class=\"shopify\" href=\"https:\/\/shop.planete-deco.fr\/products\/menzzo-canape-capitonne-3-places-style-boudoir-glams-velours-bleu-canard-2\" target=\"_blank\" rel=\"noopener\"><img decoding=\"async\" loading=\"lazy\" class=\"shopify alignnone\" src=\"https:\/\/www.europesays.com\/fr\/wp-content\/uploads\/2026\/01\/71SU2x5eDgL_e8f71810-c0cf-4098-ad73-c831496ac45d_720x.jpg\" alt=\"Menzzo Canap\u00e9 capitonn\u00e9 3 Places Style Boudoir Glams Velours Bleu Canard\" width=\"720\" height=\"441\" \/><\/a><a class=\"shopify\" href=\"https:\/\/shop.planete-deco.fr\/products\/beliani-lit-a-baldaquin-minimaliste-en-bois-160-x-200-cm-meuble-de-chambre-marron-fonce-herliere\" target=\"_blank\" rel=\"noopener\"><img decoding=\"async\" loading=\"lazy\" class=\"shopify alignnone\" src=\"https:\/\/www.europesays.com\/fr\/wp-content\/uploads\/2026\/01\/61WmqggDKTL_720x.jpg\" alt=\"Beliani Lit \u00e0 Baldaquin Minimaliste en Bois 160 x 200 cm Meuble de Chambre Marron Fonc\u00e9 Herliere\" width=\"720\" height=\"540\" \/><\/a><a class=\"shopify\" href=\"https:\/\/shop.planete-deco.fr\/products\/table-dappoint-ronde-en-plastique-pour-canape-table-appoint-moderne-pour-les-espaces-etroits-et-petits-pour-bureau-salon-chambre-a-coucher-table-basse-color-yellow\" target=\"_blank\" rel=\"noopener\"><img decoding=\"async\" loading=\"lazy\" class=\"shopify alignnone\" src=\"https:\/\/www.europesays.com\/fr\/wp-content\/uploads\/2026\/01\/51zATg2D3_L_720x.jpg\" alt=\"Table D'appoint Ronde en Plastique pour Canap\u00e9, Table Appoint Moderne pour Les Espaces \u00c9troits Et Petits, pour Bureau, Salon, Chambre \u00c0 Coucher, Table Basse (Color : Yellow)\" width=\"720\" height=\"720\" \/><\/a><br \/>Livres<br \/><a class=\"shopify\" href=\"https:\/\/shop.planete-deco.fr\/products\/never-too-small-reinventing-small-space-living\" target=\"_blank\" rel=\"noopener\"><img decoding=\"async\" loading=\"lazy\" class=\"shopify alignnone\" src=\"https:\/\/www.europesays.com\/fr\/wp-content\/uploads\/2026\/01\/51mEtJZxPqL_720x.jpg\" alt=\"Never Too Small: Reinventing Small Space Living\" width=\"422\" height=\"500\" \/><\/a><a class=\"shopify\" href=\"https:\/\/shop.planete-deco.fr\/products\/for-the-love-of-renovating-tips-tricks-inspiration-for-creating-your-dream-home\" target=\"_blank\" rel=\"noopener\"><img decoding=\"async\" loading=\"lazy\" class=\"shopify alignnone\" src=\"https:\/\/www.europesays.com\/fr\/wp-content\/uploads\/2026\/01\/81JBPM2USBL_720x.jpg\" alt=\"For the Love of Renovating: Tips, Tricks &amp; Inspiration for Creating Your Dream Home\" width=\"720\" height=\"895\" \/><\/a><a class=\"shopify\" href=\"https:\/\/shop.planete-deco.fr\/products\/paris-living\" target=\"_blank\" rel=\"noopener\"><img decoding=\"async\" loading=\"lazy\" class=\"shopify alignnone\" src=\"https:\/\/www.europesays.com\/fr\/wp-content\/uploads\/2025\/12\/51MrbQ08kuL_720x.jpg\" alt=\"Paris Living\" width=\"393\" height=\"500\" \/><\/a><a class=\"shopify\" href=\"https:\/\/shop.planete-deco.fr\/collections\/livres\/products\/interieurs-chaleureux-la-magie-de-la-couleur\" target=\"_blank\" rel=\"noopener\"><img decoding=\"async\" loading=\"lazy\" class=\"shopify alignnone\" src=\"https:\/\/www.europesays.com\/fr\/wp-content\/uploads\/2025\/12\/61YtmfsZkWL_720x.jpg\" alt=\"Int\u00e9rieurs chaleureux - La magie de la couleur\" width=\"720\" height=\"968\" \/><\/a><\/p>\n","protected":false},"excerpt":{"rendered":"La semaine d\u00e9coration et design vous propose de d\u00e9couvrir des reportages int\u00e9ressants pour tous les amoureux de la&hellip;\n","protected":false},"author":2,"featured_media":640407,"comment_status":"","ping_status":"","sticky":false,"template":"","format":"standard","meta":{"footnotes":""},"categories":[1358],"tags":[1348,1384,1385,1386,58,59,1011,27],"class_list":{"0":"post-640406","1":"post","2":"type-post","3":"status-publish","4":"format-standard","5":"has-post-thumbnail","7":"category-arts-et-design","8":"tag-arts","9":"tag-arts-and-design","10":"tag-arts-et-design","11":"tag-design","12":"tag-divertissement","13":"tag-entertainment","14":"tag-fr","15":"tag-france"},"share_on_mastodon":{"url":"https:\/\/pubeurope.com\/@fr\/115837038855697827","error":""},"_links":{"self":[{"href":"https:\/\/www.europesays.com\/fr\/wp-json\/wp\/v2\/posts\/640406","targetHints":{"allow":["GET"]}}],"collection":[{"href":"https:\/\/www.europesays.com\/fr\/wp-json\/wp\/v2\/posts"}],"about":[{"href":"https:\/\/www.europesays.com\/fr\/wp-json\/wp\/v2\/types\/post"}],"author":[{"embeddable":true,"href":"https:\/\/www.europesays.com\/fr\/wp-json\/wp\/v2\/users\/2"}],"replies":[{"embeddable":true,"href":"https:\/\/www.europesays.com\/fr\/wp-json\/wp\/v2\/comments?post=640406"}],"version-history":[{"count":0,"href":"https:\/\/www.europesays.com\/fr\/wp-json\/wp\/v2\/posts\/640406\/revisions"}],"wp:featuredmedia":[{"embeddable":true,"href":"https:\/\/www.europesays.com\/fr\/wp-json\/wp\/v2\/media\/640407"}],"wp:attachment":[{"href":"https:\/\/www.europesays.com\/fr\/wp-json\/wp\/v2\/media?parent=640406"}],"wp:term":[{"taxonomy":"category","embeddable":true,"href":"https:\/\/www.europesays.com\/fr\/wp-json\/wp\/v2\/categories?post=640406"},{"taxonomy":"post_tag","embeddable":true,"href":"https:\/\/www.europesays.com\/fr\/wp-json\/wp\/v2\/tags?post=640406"}],"curies":[{"name":"wp","href":"https:\/\/api.w.org\/{rel}","templated":true}]}}