{"id":640410,"date":"2026-01-04T13:23:16","date_gmt":"2026-01-04T13:23:16","guid":{"rendered":"https:\/\/www.europesays.com\/fr\/640410\/"},"modified":"2026-01-04T13:23:16","modified_gmt":"2026-01-04T13:23:16","slug":"lucie-bernardoni-partage-sa-nouvelle-chanson-avec-un-ancien-prof-de-la-star-academy","status":"publish","type":"post","link":"https:\/\/www.europesays.com\/fr\/640410\/","title":{"rendered":"Lucie Bernardoni partage sa nouvelle chanson avec un ancien prof de la \u00ab\u00a0Star Academy\u00a0\u00bb"},"content":{"rendered":"<p>\n        Lucie Bernardoni participe au 200\u00e8me prime \u00e9v\u00e9nementiel de la \u00ab\u00a0Star Academy\u00a0\u00bb. La r\u00e9p\u00e9titrice de l&rsquo;\u00e9mission va notamment interpr\u00e9ter son nouveau single \u00ab\u00a0L&rsquo;alchimiste\u00a0\u00bb avec l&rsquo;un de ses anciens professeurs. Ecoutez !\n    <\/p>\n<p class=\"content-paragraph\"><img decoding=\"async\" src=\"https:\/\/www.europesays.com\/fr\/wp-content\/uploads\/2026\/01\/photo_1767361546.jpg\" class=\"textcenter img-content\" loading=\"lazy\" style=\"margin-bottom: 0;\"\/>TF1 <br \/>L&rsquo;ann\u00e9e 2026 s&rsquo;annonce des plus charg\u00e9es pour Lucie Bernardoni. Pleinement absorb\u00e9e par son r\u00f4le de r\u00e9p\u00e9titrice au sein de l&rsquo;actuelle saison de la \u00ab\u00a0Star Academy\u00a0\u00bb, la coach vocale et chanteuse va devoir faire de nombreux aller-retours entre Dammarie-Les-Lys et Aubervilliers dans les semaines \u00e0 venir : elle est <a href=\"https:\/\/www.chartsinfrance.net\/Danse-Avec-Les-Stars\/news-134743.html\" class=\"articlepage-link\" target=\"_blank\" rel=\"noopener\">au casting de la nouvelle saison de \u00ab\u00a0Danse avec les stars\u00a0\u00bb<\/a>, dont la saison 15 <a href=\"https:\/\/www.chartsinfrance.net\/Danse-Avec-Les-Stars\/news-134757.html\" class=\"articlepage-link\" target=\"_blank\" rel=\"noopener\">d\u00e9butera le vendredi 23 janvier<\/a> \u00e0 21h10 sur TF1 ! \u00ab Tout est g\u00e9r\u00e9 pour que cela se passe bien. Nous avons eu des discussions honn\u00eates avec les \u00e9quipes de production respectives et on fera tout pour que je puisse garder mon r\u00f4le de r\u00e9p\u00e9titrice pendant que je fais Danse avec les stars. C&rsquo;est un d\u00e9fi, mais j&rsquo;ai confiance \u00bb confie \u00e0 <a href=\"https:\/\/www.programme-tv.net\/news\/tv\/394514-lucie-bernardoni-star-academy-va-t-elle-devoir-abandonner-son-role-de-repetitrice-pour-danse-avec-les-stars-elle-nous-repond\/\" class=\"articlepage-link\" target=\"_blank\" rel=\"noopener\">T\u00e9l\u00e9-Loisirs<\/a> l&rsquo;artiste de 38 ans, qui participera cette semaine au 200\u00e8me prime anniversaire de la \u00ab\u00a0Star Academy\u00a0\u00bb en tant qu&rsquo;invit\u00e9e musicale.<\/p>\n<p>\u00ab\u00a0Une chanson fabriqu\u00e9e en famille\u00a0\u00bb<\/p>\n<p class=\"content-paragraph\"> Le public s&rsquo;en souvient s\u00fbrement, c&rsquo;est en 2004, alors \u00e2g\u00e9e de 17 ans, que Lucie Bernardoni a fait ses premiers pas dans la musique au sein de la saison 4 de la \u00ab\u00a0Star Academy\u00a0\u00bb, aux c\u00f4t\u00e9s de Gr\u00e9gory Lemarchal ou Karima Charni. Sur le prime, elle partagera un duo avec Bastiaan sur <a href=\"https:\/\/www.chartsinfrance.net\/Michel-Sardou\/news-117540.html\" class=\"articlepage-link\" target=\"_blank\" rel=\"noopener\">\u00ab\u00a0Je vais t&rsquo;aimer\u00a0\u00bb<\/a>, le classique de Michel Sardou ! Mais pas seulement. En deuxi\u00e8me partie de soir\u00e9e, la coach de la \u00ab\u00a0Star Academy\u00a0\u00bb reviendra sur le plateau en compagnie d&rsquo;un autre professeur embl\u00e9matique de l&rsquo;\u00e9mission : Mathieu Gonet.<\/p>\n<blockquote class=\"quote\"><p><b>\u00c0 LIRE &#8211;<\/b> <a href=\"https:\/\/www.chartsinfrance.net\/Star-Academy\/news-134830.html\" class=\"articlepage-link\" target=\"_blank\" rel=\"noopener\">\u00ab\u00a0Le cancre\u00a0\u00bb : Ulysse \u00ab\u00a0d\u00e9moli\u00a0\u00bb par son passage \u00e0 la \u00ab\u00a0Star Academy\u00a0\u00bb<\/a><\/p><\/blockquote>\n<p> Celui qui a \u00e9t\u00e9 successivement directeur musical, pianiste, orchestrateur, r\u00e9p\u00e9titeur, chef d&rsquo;orchestre et membre du jury (rien que \u00e7a !) a arrang\u00e9 au piano le nouveau single de Lucie Bernardoni, baptis\u00e9 \u00ab\u00a0L&rsquo;alchimiste\u00a0\u00bb. \u00ab C&rsquo;est une chanson fabriqu\u00e9e en famille. Parce que j&rsquo;avais besoin et envie qu&rsquo;elle existe. J&rsquo;esp\u00e8re qu&rsquo;elle vous plaira \u00bb indique la musicienne, qui s&rsquo;est entour\u00e9e de Flo Malley, actuellement \u00e0 l&rsquo;affiche du <a href=\"https:\/\/www.chartsinfrance.net\/Le-Roi-Soleil\/news-134654.html\" class=\"articlepage-link\" target=\"_blank\" rel=\"noopener\">\u00ab\u00a0Roi Soleil\u00a0\u00bb<\/a> pour composer ce titre intime, disponible en version acoustique sur les plateformes d&rsquo;\u00e9coutes depuis vendredi.<\/p>\n<p class=\"content-paragraph\">\n<p class=\"content-paragraph\">\u00ab Mon amour quand on aime, les paroles sont de trop \/ Mon amour si tu m&rsquo;aimes, ne dis jamais, jamais les mots \u00bb chante Lucie Bernardoni sur le refrain de cette d\u00e9claration d&rsquo;amour universelle, \u00e9voquant l&rsquo;indicible avec beaucoup de douceur : \u00ab Quand on s&rsquo;aime, on le dit avec les yeux \u00bb. Une jolie chanson qui prendra donc vie ce soir sur TF1 !<\/p>\n<p>                <img loading=\"lazy\" decoding=\"async\" src=\"https:\/\/www.europesays.com\/fr\/wp-content\/uploads\/2025\/10\/favicon.png\" class=\"author-article-picture\" width=\"35\" height=\"35\"\/><\/p>\n<p>                    Par<\/p>\n<p>                                            <a class=\"author-article-bio-link\" href=\"https:\/\/www.chartsinfrance.net\/auteur\/125\/\" target=\"_blank\" rel=\"noopener\">Yohann RUELLE<\/a><\/p>\n<p>                    |<\/p>\n<p>                                            Journaliste<\/p>\n<p>\n                Branch\u00e9 en permanence sur ses playlists, il sait aussi bien parler du dernier album de Kim Petras que du set de techno underground berlinois qu&rsquo;il a regard\u00e9 hier soir sur TikTok. Sa collection de peluches et figurines t\u00e9moigne de son amour pour les grandes ic\u00f4nes de la pop culture.\n            <\/p>\n","protected":false},"excerpt":{"rendered":"Lucie Bernardoni participe au 200\u00e8me prime \u00e9v\u00e9nementiel de la \u00ab\u00a0Star Academy\u00a0\u00bb. La r\u00e9p\u00e9titrice de l&rsquo;\u00e9mission va notamment interpr\u00e9ter&hellip;\n","protected":false},"author":2,"featured_media":640411,"comment_status":"","ping_status":"","sticky":false,"template":"","format":"standard","meta":{"footnotes":""},"categories":[1355],"tags":[58,59,1011,27,1361,873],"class_list":{"0":"post-640410","1":"post","2":"type-post","3":"status-publish","4":"format-standard","5":"has-post-thumbnail","7":"category-musique","8":"tag-divertissement","9":"tag-entertainment","10":"tag-fr","11":"tag-france","12":"tag-music","13":"tag-musique"},"share_on_mastodon":{"url":"https:\/\/pubeurope.com\/@fr\/115837049676474286","error":""},"_links":{"self":[{"href":"https:\/\/www.europesays.com\/fr\/wp-json\/wp\/v2\/posts\/640410","targetHints":{"allow":["GET"]}}],"collection":[{"href":"https:\/\/www.europesays.com\/fr\/wp-json\/wp\/v2\/posts"}],"about":[{"href":"https:\/\/www.europesays.com\/fr\/wp-json\/wp\/v2\/types\/post"}],"author":[{"embeddable":true,"href":"https:\/\/www.europesays.com\/fr\/wp-json\/wp\/v2\/users\/2"}],"replies":[{"embeddable":true,"href":"https:\/\/www.europesays.com\/fr\/wp-json\/wp\/v2\/comments?post=640410"}],"version-history":[{"count":0,"href":"https:\/\/www.europesays.com\/fr\/wp-json\/wp\/v2\/posts\/640410\/revisions"}],"wp:featuredmedia":[{"embeddable":true,"href":"https:\/\/www.europesays.com\/fr\/wp-json\/wp\/v2\/media\/640411"}],"wp:attachment":[{"href":"https:\/\/www.europesays.com\/fr\/wp-json\/wp\/v2\/media?parent=640410"}],"wp:term":[{"taxonomy":"category","embeddable":true,"href":"https:\/\/www.europesays.com\/fr\/wp-json\/wp\/v2\/categories?post=640410"},{"taxonomy":"post_tag","embeddable":true,"href":"https:\/\/www.europesays.com\/fr\/wp-json\/wp\/v2\/tags?post=640410"}],"curies":[{"name":"wp","href":"https:\/\/api.w.org\/{rel}","templated":true}]}}