{"id":640412,"date":"2026-01-04T13:24:11","date_gmt":"2026-01-04T13:24:11","guid":{"rendered":"https:\/\/www.europesays.com\/fr\/640412\/"},"modified":"2026-01-04T13:24:11","modified_gmt":"2026-01-04T13:24:11","slug":"2026-sera-t-elle-lannee-du-retour-en-grace-des-superheros-au-cinema","status":"publish","type":"post","link":"https:\/\/www.europesays.com\/fr\/640412\/","title":{"rendered":"2026 sera-t-elle l\u2019ann\u00e9e du retour en gr\u00e2ce des superh\u00e9ros au cin\u00e9ma\u00a0?"},"content":{"rendered":"<p>Les univers cin\u00e9matographiques de superh\u00e9ros reviennent en force en\u00a02026 avec deux projets majeurs qui cristallisent toutes les attentes. C\u00f4t\u00e9 DC, Supergirl\u00a0: Woman of Tomorrow, r\u00e9alis\u00e9 par Craig Gillespie avec Milly Alcock (r\u00e9v\u00e9l\u00e9e dans <a href=\"https:\/\/www.20minutes.fr\/arts-stars\/cinema\/4073555-20240130-superman-legacy-actrice-game-of-thrones-interpretera-supergirl-nouveau-dc-universe\" rel=\"nofollow noopener\" target=\"_blank\" class=\"c-link c-link--is-underlined\">House of the Dragon<\/a>) dans le r\u00f4le-titre d\u00e9barquera dans les salles le 24\u00a0juin. Loin de la <a href=\"https:\/\/www.20minutes.fr\/arts-stars\/serie\/2868471-20200923-supergirl-serie-arretera-apres-saison-6\" rel=\"nofollow noopener\" target=\"_blank\" class=\"c-link c-link--is-underlined\">Supergirl<\/a> enjou\u00e9e de la s\u00e9rie CW, cette version s\u2019inspire du comic sombre de Tom King et Bilquis Evely.<\/p>\n<p>L\u2019h\u00e9ro\u00efne y c\u00e9l\u00e8bre ses 23 ans en voyageant \u00e0 travers la galaxie avec son chien Krypto, avant de croiser la route de la jeune Ruthye Marye Knoll et de se lancer dans une \u00ab\u00a0qu\u00eate meurtri\u00e8re de vengeance\u00a0\u00bb. <a href=\"https:\/\/www.20minutes.fr\/arts-stars\/culture\/4162661-20250708-migrant-gentil-superman-james-gunn-plait-conservateurs-americains\" rel=\"nofollow noopener\" target=\"_blank\" class=\"c-link c-link--is-underlined\">James Gunn<\/a>, co-CEO de DC Studios, avait r\u00e9sum\u00e9 le concept aupr\u00e8s de <a href=\"https:\/\/screenrant.com\/superman-supergirl-dc-universe-setup-explained-james-gunn\/\" rel=\"nofollow noopener\" target=\"_blank\" class=\"c-link c-link--is-underlined\">Screen Rant<\/a> il n\u2019y a pas si longtemps\u00a0: \u00ab\u00a0Elle a eu un parcours compl\u00e8tement diff\u00e9rent de celui de Superman. Un parcours beaucoup plus difficile. Il a eu une enfance merveilleuse aupr\u00e8s de parents qui l\u2019aimaient et qui \u00e9taient en tr\u00e8s bonne sant\u00e9 [\u2026] Et elle a fini par \u00eatre diff\u00e9rente de son cousin\u00a0\u00bb.<\/p>\n<p>Marvel joue son va-tout avec \u00ab\u00a0Avengers\u00a0: Doomsday\u00a0\u00bb<\/p>\n<p>De l\u2019autre c\u00f4t\u00e9 de l\u2019\u00e9chiquier superh\u00e9ro\u00efque, Marvel mise sur <a href=\"https:\/\/www.20minutes.fr\/arts-stars\/culture\/4187776-20251127-attention-images-montrant-coulisses-prochain-film-avengers\" rel=\"nofollow noopener\" target=\"_blank\" class=\"c-link c-link--is-underlined\">Avengers\u00a0: Doomsday<\/a>, dont la sortie est fix\u00e9e au 16\u00a0d\u00e9cembre. Le film marque le retour des fr\u00e8res Russo \u00e0 la r\u00e9alisation et celui, encore plus stup\u00e9fiant, de <a href=\"https:\/\/www.20minutes.fr\/arts-stars\/people\/4104245-20240804-robert-downey-jr-touche-gros-lot-revenant-ecurie-marvel\" rel=\"nofollow noopener\" target=\"_blank\" class=\"c-link c-link--is-underlined\">Robert Downey Jr.<\/a>, mais cette fois dans la peau d\u2019un grand m\u00e9chant, \u00e0 savoir le Docteur Fatalis. Le cinqui\u00e8me volet des Avengers r\u00e9unira les Nouveaux Avengers, les Quatre Fantastiques et m\u00eame les X-Men de l\u2019\u00e8re Fox, face \u00e0 une menace capable \u00ab\u00a0d\u2019alt\u00e9rer l\u2019\u00e9quilibre cosmique\u00a0\u00bb.<\/p>\n<p>Initialement pr\u00e9vu en mai\u00a02026, le film a \u00e9t\u00e9 d\u00e9cal\u00e9 en d\u00e9cembre pour laisser plus de temps \u00e0 la production. Les premi\u00e8res images d\u00e9voil\u00e9es en salle avant Avatar\u00a0: De Feu et de Cendres ont d\u00e9j\u00e0 affol\u00e9 les r\u00e9seaux sociaux, avec un teaser minimaliste montrant un compte \u00e0 rebours qui glitche sur le mot \u00ab\u00a0DOOMSDAY\u00a0\u00bb. <\/p>\n<p><a href=\"https:\/\/www.20minutes.fr\/culture\/super-heros\/\" class=\"c-link c-btn c-btn--primary\" target=\"_blank\" rel=\"noopener\">Notre dossier sur les Super H\u00e9ros<\/a><\/p>\n<p>Ce film servira de premi\u00e8re partie \u00e0 la conclusion de la Saga du Multivers, avant Avengers\u00a0: Secret Wars qui doit arriver en mai\u00a02027. Autant dire que Marvel joue gros, apr\u00e8s des r\u00e9sultats en demi-teinte pour Eternals, <a href=\"https:\/\/www.20minutes.fr\/arts-stars\/people\/4065293-20231204-the-marvels-bel-bien-plus-gros-flop-histoire-mcu\" rel=\"nofollow noopener\" target=\"_blank\" class=\"c-link c-link--is-underlined\">The Marvels <\/a>ou encore Ant-Man and the Wasp\u00a0: Quantumania. L\u2019ann\u00e9e\u00a02026 nous dira donc si les superh\u00e9ros peuvent encore sauver le box-office\u00a0!<\/p>\n","protected":false},"excerpt":{"rendered":"Les univers cin\u00e9matographiques de superh\u00e9ros reviennent en force en\u00a02026 avec deux projets majeurs qui cristallisent toutes les attentes.&hellip;\n","protected":false},"author":2,"featured_media":640413,"comment_status":"","ping_status":"","sticky":false,"template":"","format":"standard","meta":{"footnotes":""},"categories":[1354],"tags":[11320,650,58,59,2081,1346,1011,27,2135,1360,973,2136,2133,133],"class_list":{"0":"post-640412","1":"post","2":"type-post","3":"status-publish","4":"format-standard","5":"has-post-thumbnail","7":"category-films","8":"tag-avengers","9":"tag-cinema","10":"tag-divertissement","11":"tag-entertainment","12":"tag-film","13":"tag-films","14":"tag-fr","15":"tag-france","16":"tag-marvel","17":"tag-movies","18":"tag-people","19":"tag-super-heros","20":"tag-superman","21":"tag-video"},"share_on_mastodon":{"url":"https:\/\/pubeurope.com\/@fr\/115837053405048671","error":""},"_links":{"self":[{"href":"https:\/\/www.europesays.com\/fr\/wp-json\/wp\/v2\/posts\/640412","targetHints":{"allow":["GET"]}}],"collection":[{"href":"https:\/\/www.europesays.com\/fr\/wp-json\/wp\/v2\/posts"}],"about":[{"href":"https:\/\/www.europesays.com\/fr\/wp-json\/wp\/v2\/types\/post"}],"author":[{"embeddable":true,"href":"https:\/\/www.europesays.com\/fr\/wp-json\/wp\/v2\/users\/2"}],"replies":[{"embeddable":true,"href":"https:\/\/www.europesays.com\/fr\/wp-json\/wp\/v2\/comments?post=640412"}],"version-history":[{"count":0,"href":"https:\/\/www.europesays.com\/fr\/wp-json\/wp\/v2\/posts\/640412\/revisions"}],"wp:featuredmedia":[{"embeddable":true,"href":"https:\/\/www.europesays.com\/fr\/wp-json\/wp\/v2\/media\/640413"}],"wp:attachment":[{"href":"https:\/\/www.europesays.com\/fr\/wp-json\/wp\/v2\/media?parent=640412"}],"wp:term":[{"taxonomy":"category","embeddable":true,"href":"https:\/\/www.europesays.com\/fr\/wp-json\/wp\/v2\/categories?post=640412"},{"taxonomy":"post_tag","embeddable":true,"href":"https:\/\/www.europesays.com\/fr\/wp-json\/wp\/v2\/tags?post=640412"}],"curies":[{"name":"wp","href":"https:\/\/api.w.org\/{rel}","templated":true}]}}