{"id":640416,"date":"2026-01-04T13:26:11","date_gmt":"2026-01-04T13:26:11","guid":{"rendered":"https:\/\/www.europesays.com\/fr\/640416\/"},"modified":"2026-01-04T13:26:11","modified_gmt":"2026-01-04T13:26:11","slug":"jarrive-a-faire-abstraction-reagit-eric-wattellier-larbitre-du-match-lille-rennes-apres-le-coup-de-sang-du-president-du-losc","status":"publish","type":"post","link":"https:\/\/www.europesays.com\/fr\/640416\/","title":{"rendered":"\u00abJ\u2019arrive \u00e0 faire abstraction\u00bb, r\u00e9agit Eric Wattellier, l\u2019arbitre du match Lille-Rennes apr\u00e8s le coup de sang du pr\u00e9sident du Losc"},"content":{"rendered":"<p>\n    Au micro de Ligue 1+, Eric Wattellier a justifi\u00e9 sa d\u00e9cision d\u2019exclure Alexsandro d\u00e8s la 13e minute de jeu. Un choix qui a rendu ivre de col\u00e8re les dirigeants nordistes.<\/p>\n<p class=\"fig-paragraph\">\u00abJ\u2019arrive \u00e0 faire abstraction et \u00e0 reprendre le match dans de bonnes conditions. C\u2019est \u00e7a le haut niveau\u00a0\u00bb, a assur\u00e9 Wattellier, fortement critiqu\u00e9 par le coach de Lille Bruno Genesio et<a href=\"http:\/\/www.lefigaro.fr\/sports\/football\/ligue-1\/ligue-1-c-est-une-honte-c-est-un-scandale-le-nouveau-coup-de-sang-d-olivier-letang-envers-l-arbitrage-20260103\" data-fig-type=\"NewsFlash\" data-gtm-custom-categorie=\"navigation\" data-gtm-custom-action=\"crossclick\" data-gtm-custom-label=\"Contextuel\" data-gtm-event=\"customEventSPE\" data-fig-domain=\"LEFIGARO\" target=\"_blank\" rel=\"noopener\">\u00a0par le pr\u00e9sident du Losc Olivier L\u00e9tang,<\/a>\u00a0qui ont estim\u00e9 que l\u2019exclusion d\u2019Alexsandro \u00e9tait injustifi\u00e9e. Pas l\u2019arbitre qui a d\u00e9taill\u00e9 sa d\u00e9cision sur Ligue 1 + :\u00a0\u00abNous sommes dans une situation d\u2019an\u00e9antissement d\u2019une occasion de but manifeste, qui, comme d\u00e9fini dans la loi 12, demande l\u2019exclusion du d\u00e9fenseur quand un attaquant est en mesure de se procurer une occasion nette de but. L\u2019attaquant avait la ma\u00eetrise du ballon, se dirigeait en direction du but et en \u00e9tait proche, donc, toutes les conditions \u00e9taient r\u00e9unies pour exclure le d\u00e9fenseur fautif.\u00a0C\u2019est une d\u00e9cision qui est incontournable et qui doit \u00eatre prise qu\u2019on soit \u00e0 la premi\u00e8re ou derni\u00e8re minute d\u2019une rencontre car elle r\u00e9pond aux crit\u00e8res des lois du jeu pour une exclusion sur un an\u00e9antissement.\u00bb<\/p>\n<p class=\"fig-paragraph\">Lors de l\u2019entr\u00e9e aux vestiaires \u00e0 la pause de\u00a0<a href=\"http:\/\/www.lefigaro.fr\/sports\/football\/ligue-1\/ligue-1-rapidement-reduit-a-dix-le-losc-de-giroud-s-incline-face-a-rennes-et-lache-de-precieux-points-20260103\" target=\"_blank\" data-fig-type=\"NewsFlash\" rel=\"noopener\" data-gtm-custom-categorie=\"navigation\" data-gtm-custom-action=\"crossclick\" data-gtm-custom-label=\"Contextuel\" data-gtm-event=\"customEventSPE\" data-fig-domain=\"LEFIGARO\">la rencontre entre le Losc et le Stade Rennais (0-2)<\/a>\u00a0ce samedi,\u00a0<a href=\"http:\/\/www.lefigaro.fr\/sports\/football\/ligue-europa\/ligue-europa-10-000-euros-d-amende-pour-olivier-letang-president-du-losc-20251118\" target=\"_blank\" data-fig-type=\"NewsFlash\" rel=\"noopener\" data-gtm-custom-categorie=\"navigation\" data-gtm-custom-action=\"crossclick\" data-gtm-custom-label=\"Contextuel\" data-gtm-event=\"customEventSPE\" data-fig-domain=\"LEFIGARO\">Olivier L\u00e9tang<\/a>\u00a0s\u2019en est une nouvelle fois pris au corps arbitral suite \u00e0 la d\u00e9cision d\u2019exclure le d\u00e9fenseur br\u00e9silien Alexsandro (13e). \u00abVous savez ce que vous avez fait\u00a0: c\u2019est une honte, c\u2019est un scandale. Assumez vos erreurs, c\u2019est tout\u00bb, a-t-il l\u00e2ch\u00e9 sur les images capt\u00e9es par\u00a0Ligue 1+, avant d\u2019\u00eatre retenu par le milieu de terrain Nabil Bentaleb. Et d\u2019ajouter\u00a0: \u00abTant qu\u2019on ne fera rien tous les week-ends, \u00e7a ne changera pas. Ce n\u2019est pas possible \u00e0 un moment donn\u00e9.\u00bb<\/p>\n","protected":false},"excerpt":{"rendered":"Au micro de Ligue 1+, Eric Wattellier a justifi\u00e9 sa d\u00e9cision d\u2019exclure Alexsandro d\u00e8s la 13e minute de&hellip;\n","protected":false},"author":2,"featured_media":640417,"comment_status":"","ping_status":"","sticky":false,"template":"","format":"standard","meta":{"footnotes":""},"categories":[9],"tags":[525,1981,814,2257,63,1011,27,3309,66,1307,955,1176,978,93,1980,60],"class_list":{"0":"post-640416","1":"post","2":"type-post","3":"status-publish","4":"format-standard","5":"has-post-thumbnail","7":"category-sports","8":"tag-calendrier","9":"tag-classement","10":"tag-direct","11":"tag-foot","12":"tag-football","13":"tag-fr","14":"tag-france","15":"tag-l1","16":"tag-ligue-1","17":"tag-lille","18":"tag-match","19":"tag-olympique-de-marseille","20":"tag-olympique-lyonnais","21":"tag-psg","22":"tag-resultats","23":"tag-sports"},"share_on_mastodon":{"url":"https:\/\/pubeurope.com\/@fr\/115837061350618714","error":""},"_links":{"self":[{"href":"https:\/\/www.europesays.com\/fr\/wp-json\/wp\/v2\/posts\/640416","targetHints":{"allow":["GET"]}}],"collection":[{"href":"https:\/\/www.europesays.com\/fr\/wp-json\/wp\/v2\/posts"}],"about":[{"href":"https:\/\/www.europesays.com\/fr\/wp-json\/wp\/v2\/types\/post"}],"author":[{"embeddable":true,"href":"https:\/\/www.europesays.com\/fr\/wp-json\/wp\/v2\/users\/2"}],"replies":[{"embeddable":true,"href":"https:\/\/www.europesays.com\/fr\/wp-json\/wp\/v2\/comments?post=640416"}],"version-history":[{"count":0,"href":"https:\/\/www.europesays.com\/fr\/wp-json\/wp\/v2\/posts\/640416\/revisions"}],"wp:featuredmedia":[{"embeddable":true,"href":"https:\/\/www.europesays.com\/fr\/wp-json\/wp\/v2\/media\/640417"}],"wp:attachment":[{"href":"https:\/\/www.europesays.com\/fr\/wp-json\/wp\/v2\/media?parent=640416"}],"wp:term":[{"taxonomy":"category","embeddable":true,"href":"https:\/\/www.europesays.com\/fr\/wp-json\/wp\/v2\/categories?post=640416"},{"taxonomy":"post_tag","embeddable":true,"href":"https:\/\/www.europesays.com\/fr\/wp-json\/wp\/v2\/tags?post=640416"}],"curies":[{"name":"wp","href":"https:\/\/api.w.org\/{rel}","templated":true}]}}