{"id":640424,"date":"2026-01-04T13:30:10","date_gmt":"2026-01-04T13:30:10","guid":{"rendered":"https:\/\/www.europesays.com\/fr\/640424\/"},"modified":"2026-01-04T13:30:10","modified_gmt":"2026-01-04T13:30:10","slug":"le-president-venezuelien-incarcere-a-new-york-sa-vice-presidente-delcy-rodriguez-assure-linterim","status":"publish","type":"post","link":"https:\/\/www.europesays.com\/fr\/640424\/","title":{"rendered":"le pr\u00e9sident v\u00e9n\u00e9zu\u00e9lien incarc\u00e9r\u00e9 \u00e0 New York\u00a0; sa vice-pr\u00e9sidente, Delcy Rodriguez, assure l\u2019int\u00e9rim"},"content":{"rendered":"<p>  <a href=\"https:\/\/www.lemonde.fr\/international\/article\/2026\/01\/03\/operation-absolute-resolve-l-enlevement-de-nicolas-maduro-decrit-etape-par-etape-par-le-chef-d-etat-major-americain_6660463_3210.html\" target=\"_blank\" rel=\"noopener\">L\u2019op\u00e9ration militaire qui a conduit \u00e0 l\u2019enl\u00e8vement, en plein c\u0153ur de Caracas, de Nicolas Maduro<\/a>, le pr\u00e9sident v\u00e9n\u00e9zu\u00e9lien, et de Cilia Flores, son \u00e9pouse, samedi 3\u00a0janvier, a fait une victime collat\u00e9rale\u00a0: le Congr\u00e8s am\u00e9ricain. Le principal organe l\u00e9gislatif du pays, qui a\u00a0normalement la main en mati\u00e8re de conflits arm\u00e9s \u00e0 l\u2019\u00e9tranger, n\u2019a \u00e9t\u00e9 ni consult\u00e9 ni inform\u00e9 en amont par le pr\u00e9sident des Etats-Unis, qui n\u2019a pas cach\u00e9 une forme de d\u00e9dain\u00a0: \u00ab\u00a0Le Congr\u00e8s a tendance \u00e0 faire fuiter les choses.\u00a0\u00bb Signe de l\u2019affaiblissement de l\u2019institution parlementaire, John Thune et Mike Johnson, les deux leaders r\u00e9publicains au S\u00e9nat et \u00e0 la Chambre des repr\u00e9sentants, ont salu\u00e9 \u00e0 l\u2019unisson la d\u00e9cision de Donald Trump, sans un mot pour le pi\u00e9tinement de leurs pr\u00e9rogatives.  <\/p>\n","protected":false},"excerpt":{"rendered":"L\u2019op\u00e9ration militaire qui a conduit \u00e0 l\u2019enl\u00e8vement, en plein c\u0153ur de Caracas, de Nicolas Maduro, le pr\u00e9sident v\u00e9n\u00e9zu\u00e9lien,&hellip;\n","protected":false},"author":2,"featured_media":640425,"comment_status":"","ping_status":"","sticky":false,"template":"","format":"standard","meta":{"footnotes":""},"categories":[5],"tags":[11,1011,27,14,12,28],"class_list":{"0":"post-640424","1":"post","2":"type-post","3":"status-publish","4":"format-standard","5":"has-post-thumbnail","7":"category-international","8":"tag-actualites","9":"tag-fr","10":"tag-france","11":"tag-international","12":"tag-news","13":"tag-world"},"share_on_mastodon":{"url":"https:\/\/pubeurope.com\/@fr\/115837077068647724","error":""},"_links":{"self":[{"href":"https:\/\/www.europesays.com\/fr\/wp-json\/wp\/v2\/posts\/640424","targetHints":{"allow":["GET"]}}],"collection":[{"href":"https:\/\/www.europesays.com\/fr\/wp-json\/wp\/v2\/posts"}],"about":[{"href":"https:\/\/www.europesays.com\/fr\/wp-json\/wp\/v2\/types\/post"}],"author":[{"embeddable":true,"href":"https:\/\/www.europesays.com\/fr\/wp-json\/wp\/v2\/users\/2"}],"replies":[{"embeddable":true,"href":"https:\/\/www.europesays.com\/fr\/wp-json\/wp\/v2\/comments?post=640424"}],"version-history":[{"count":0,"href":"https:\/\/www.europesays.com\/fr\/wp-json\/wp\/v2\/posts\/640424\/revisions"}],"wp:featuredmedia":[{"embeddable":true,"href":"https:\/\/www.europesays.com\/fr\/wp-json\/wp\/v2\/media\/640425"}],"wp:attachment":[{"href":"https:\/\/www.europesays.com\/fr\/wp-json\/wp\/v2\/media?parent=640424"}],"wp:term":[{"taxonomy":"category","embeddable":true,"href":"https:\/\/www.europesays.com\/fr\/wp-json\/wp\/v2\/categories?post=640424"},{"taxonomy":"post_tag","embeddable":true,"href":"https:\/\/www.europesays.com\/fr\/wp-json\/wp\/v2\/tags?post=640424"}],"curies":[{"name":"wp","href":"https:\/\/api.w.org\/{rel}","templated":true}]}}