{"id":640431,"date":"2026-01-04T13:34:11","date_gmt":"2026-01-04T13:34:11","guid":{"rendered":"https:\/\/www.europesays.com\/fr\/640431\/"},"modified":"2026-01-04T13:34:11","modified_gmt":"2026-01-04T13:34:11","slug":"mercato-deja-termine-lasse-fait-une-annonce","status":"publish","type":"post","link":"https:\/\/www.europesays.com\/fr\/640431\/","title":{"rendered":"Mercato d\u00e9j\u00e0 termin\u00e9, l\u2019ASSE fait une annonce"},"content":{"rendered":"<p><b>Accroch\u00e9e au Mans samedi soir, l&rsquo;AS Saint-Etienne a encore \u00e9t\u00e9 d\u00e9cevante dans le jeu. Les Verts apparaissent trop justes pour une mont\u00e9e directe garantie. Un mercato hivernal ambitieux est d\u00e9j\u00e0 esp\u00e9r\u00e9 par tous, sauf par Eirik Horneland.<\/b><\/p>\n<p>Epouvantail annonc\u00e9 de la Ligue 2 en d\u00e9but de saison, l&rsquo;<a href=\"https:\/\/www.foot01.com\/st-etienne\" target=\"_self\" rel=\"noopener\">AS Saint-Etienne<\/a> est bien loin de dominer le championnat comme attendu. Les Verts sont seulement 4es apr\u00e8s 18 journ\u00e9es derri\u00e8re Troyes, Reims et le Red Star. Samedi, <a href=\"https:\/\/www.foot01.com\/ligue2\/l2-lasse-cale-au-mans\" target=\"_self\" rel=\"noopener\">ils ont \u00e9t\u00e9 accroch\u00e9s 0-0 au Mans<\/a>, le troisi\u00e8me match sans succ\u00e8s d&rsquo;affil\u00e9e en championnat. La prestation de l&rsquo;ASSE dans la Sarthe a \u00e9t\u00e9 assez terne. Elle a de quoi inqui\u00e9ter supporters et observateurs, de plus en plus pessimistes sur la possibilit\u00e9 de monter directement en Ligue 1 \u00e0 l&rsquo;issue de la saison.Horneland n&rsquo;a besoin d&rsquo;aucun renfort<\/p>\n<p>Les critiques visent d\u00e9j\u00e0 l&rsquo;entra\u00eeneur Eirik Horneland dont le manque d&rsquo;id\u00e9es tactiques lasse. Un autre refrain revient souvent dans la bouche des suiveurs du club st\u00e9phanois : la faiblesse de l&rsquo;effectif. Le milieu de terrain est particuli\u00e8rement vis\u00e9 par ces reproches. Pour beaucoup, l&rsquo;actionnaire canadien Kilmer Sports doit recruter un \u00e0 deux joueurs cet hiver pour l&rsquo;objectif mont\u00e9e. Eirik Horneland n&rsquo;est toutefois pas d&rsquo;accord avec ce raisonnement. Interrog\u00e9 en conf\u00e9rence de presse d&rsquo;apr\u00e8s-match samedi, il estime avoir tout ce qu&rsquo;il faut sous la main pour r\u00e9ussir.<\/p>\n<p>\n\u00ab\u00a0Je n\u2019attends pas de nouveaux joueurs cet hiver. Le plus<br \/>\nimportant pour nous, ce sera d\u2019arriver \u00e0 r\u00e9cup\u00e9rer les joueurs<br \/>\nqui sont bless\u00e9s. On a recrut\u00e9 des joueurs cet \u00e9t\u00e9, il faut<br \/>\nmaintenant les avoir \u00e0 notre disposition pour la seconde partie de<br \/>\nsaison \u00bb, a t-il l\u00e2ch\u00e9 devant les journalistes de But Football Club notamment. Un avis courageux puisqu&rsquo;il le rend responsable de la situation tendue. D\u00e9j\u00e0 menac\u00e9 depuis plusieurs semaines, le technicien norv\u00e9gien sera peut-\u00eatre malgr\u00e9 lui le premier transfert hivernal de l&rsquo;ASSE dans le sens des d\u00e9parts.<\/p>\n","protected":false},"excerpt":{"rendered":"Accroch\u00e9e au Mans samedi soir, l&rsquo;AS Saint-Etienne a encore \u00e9t\u00e9 d\u00e9cevante dans le jeu. Les Verts apparaissent trop&hellip;\n","protected":false},"author":2,"featured_media":640432,"comment_status":"","ping_status":"","sticky":false,"template":"","format":"standard","meta":{"footnotes":""},"categories":[9653],"tags":[1111,11,461,2430,1777,674,1011,27,1434,12,25,4001],"class_list":{"0":"post-640431","1":"post","2":"type-post","3":"status-publish","4":"format-standard","5":"has-post-thumbnail","7":"category-saint-etienne","8":"tag-actu","9":"tag-actualites","10":"tag-asse","11":"tag-auvergne-rhone-alpes","12":"tag-eu","13":"tag-europe","14":"tag-fr","15":"tag-france","16":"tag-mercato","17":"tag-news","18":"tag-republique-francaise","19":"tag-saint-etienne"},"share_on_mastodon":{"url":"https:\/\/pubeurope.com\/@fr\/115837092694002656","error":""},"_links":{"self":[{"href":"https:\/\/www.europesays.com\/fr\/wp-json\/wp\/v2\/posts\/640431","targetHints":{"allow":["GET"]}}],"collection":[{"href":"https:\/\/www.europesays.com\/fr\/wp-json\/wp\/v2\/posts"}],"about":[{"href":"https:\/\/www.europesays.com\/fr\/wp-json\/wp\/v2\/types\/post"}],"author":[{"embeddable":true,"href":"https:\/\/www.europesays.com\/fr\/wp-json\/wp\/v2\/users\/2"}],"replies":[{"embeddable":true,"href":"https:\/\/www.europesays.com\/fr\/wp-json\/wp\/v2\/comments?post=640431"}],"version-history":[{"count":0,"href":"https:\/\/www.europesays.com\/fr\/wp-json\/wp\/v2\/posts\/640431\/revisions"}],"wp:featuredmedia":[{"embeddable":true,"href":"https:\/\/www.europesays.com\/fr\/wp-json\/wp\/v2\/media\/640432"}],"wp:attachment":[{"href":"https:\/\/www.europesays.com\/fr\/wp-json\/wp\/v2\/media?parent=640431"}],"wp:term":[{"taxonomy":"category","embeddable":true,"href":"https:\/\/www.europesays.com\/fr\/wp-json\/wp\/v2\/categories?post=640431"},{"taxonomy":"post_tag","embeddable":true,"href":"https:\/\/www.europesays.com\/fr\/wp-json\/wp\/v2\/tags?post=640431"}],"curies":[{"name":"wp","href":"https:\/\/api.w.org\/{rel}","templated":true}]}}