{"id":640445,"date":"2026-01-04T13:45:42","date_gmt":"2026-01-04T13:45:42","guid":{"rendered":"https:\/\/www.europesays.com\/fr\/640445\/"},"modified":"2026-01-04T13:45:42","modified_gmt":"2026-01-04T13:45:42","slug":"rendez-vous-toutes-les-dates-a-cocher-pour-2026-en-isere","status":"publish","type":"post","link":"https:\/\/www.europesays.com\/fr\/640445\/","title":{"rendered":"Rendez-vous. Toutes les dates \u00e0 cocher pour 2026 en Is\u00e8re"},"content":{"rendered":"<p>Mois par mois, faites votre choix pour organiser votre agenda.<\/p>\n<p>JANVIER<\/p>\n<p>&#8211; <strong>Du 10 au 22\u00a0janvier <\/strong> se tient la 22e \u00e9dition de La Grande Odyss\u00e9e VVF.<\/p>\n<p>&#8211; <strong>Le<\/strong>\u00a0<strong>16\u00a0janvier<\/strong> , la Cour de cassation statuera sur la prescription ou non pour le meurtre de <a href=\"https:\/\/www.ledauphine.com\/d\/affaire-marie-therese-bonfanti-2200ce3d-9727-4906-b340-3d967abbccd2\" target=\"_blank\" rel=\"noopener\">Marie-Th\u00e9r\u00e8se Bonfanti<\/a> , r\u00e9solu 36 ans apr\u00e8s sa disparition en Is\u00e8re. Cette d\u00e9cision aura des effets sur tout \u201ccold case\u201d similaire.<\/p>\n<p>&#8211;<strong> Le 16 janvier<\/strong>, l\u2019\u00e9crivain Pierre Lema\u00eetre \u00e0 Vienne.<strong>\u00a0<\/strong>L\u2019auteur d\u2019 Au revoir l\u00e0-haut sera \u00e0 Vienne, le 16\u00a0janvier pour pr\u00e9senter son nouveau roman Les Belles promesses. Une s\u00e9ance de d\u00e9dicaces de 17\u00a0h \u00e0 18\u00a0h\u00a030 \u00e0 la librairie Lucioles, puis une rencontre \u00e0 19\u00a0h\u00a030 au th\u00e9\u00e2tre Fran\u00e7ois-Ponsard. R\u00e9servation obligatoire au 04\u00a074\u00a085\u00a053\u00a008.<\/p>\n<p>&#8211;<strong> Le 17 janvier<\/strong>, <a href=\"https:\/\/www.ledauphine.com\/p\/edouard-baer\" target=\"_blank\" rel=\"noopener\">\u00c9douard Baer<\/a> en Cyrano \u00e0 Bourgoin-Jallieu.\u00a0\u00c9douard Baer en Cyrano de Bergerac , ce sera sur la sc\u00e8ne du <a href=\"https:\/\/www.ledauphine.com\/culture-loisirs\/2025\/06\/11\/laurent-voulzy-waly-dia-edouard-baer-clotilde-coureau-au-theatre-jean-vilar-une-saison-riche-et-des-artistes-a-foison\" target=\"_blank\" rel=\"noopener\">th\u00e9\u00e2tre Jean-Vilar<\/a>. Le chef-d\u2019\u0153uvre d\u2019Edmond Rostand sera jou\u00e9 le 17\u00a0janvier \u00e0 20\u00a0h\u00a030 dans la salle polyvalente. \u00c9douard Baer incarne le c\u00e9l\u00e8bre h\u00e9ros romantique entre panache, po\u00e9sie et amour.<\/p>\n<p>&#8211; <strong>Du 19 au 25\u00a0janvier<\/strong>, le Festival international du film de com\u00e9die \u00e0 l\u2019Alpe-d\u2019Huez va accueillir ses festivaliers pour \u00e9changer rires et \u00e9motions.<\/p>\n<p>&#8211; <strong>Les 20 et 21\u00a0janvier<\/strong>, la 35e \u00e9dition du salon Destination Montagnes se tiendra \u00e0 <a href=\"https:\/\/www.ledauphine.com\/p\/alpexpo\" target=\"_blank\" rel=\"noopener\">Alpexpo<\/a> \u00e0 Grenoble.<\/p>\n<p>&#8211; <strong>Du 21 au 25\u00a0janvier<\/strong>, la Foul\u00e9e blanche reviendra \u00e0 Autrans-M\u00e9audre-en-Vercors.<\/p>\n<p><strong>&#8211; Le 24 janvier,<\/strong>\u00a0<strong>Roland Magdane aux Marini\u00e8res.\u00a0<\/strong>L\u2019humoriste Roland Magdane se produira sur la sc\u00e8ne des Marini\u00e8res le samedi 24\u00a0janvier, \u00e0 20 heures. \u00c0 Porcieu-Amblagnieu, l\u2019Is\u00e9rois viendra faire ses adieux dans le cadre de sa tourn\u00e9e finale intitul\u00e9e Clap de fin , c\u00e9l\u00e9brant ses 50 ans de carri\u00e8re.<\/p>\n<p>&#8211; <strong>Les 31\u00a0janvier et 1er \u00a0f\u00e9vrier<\/strong>,  la course de la Belle \u00c9toile prendra son d\u00e9part \u00e0 la station des 7-Laux, \u00e0 Pipay.<\/p>\n<p>F\u00c9VRIER<\/p>\n<p>&#8211; <strong>Les 4 et 5\u00a0f\u00e9vrier<\/strong> se tiendra <a href=\"https:\/\/www.ledauphine.com\/economie\/2025\/12\/10\/bertrand-piccard-luc-julia-athenais-oslati-de-grands-noms-annonces-pour-la-3e-edition-de-tech-fest\" target=\"_blank\" rel=\"noopener\">la 3e\u00a0 \u00e9dition de tech&amp;fest<\/a> \u00e0 Alpexpo.<\/p>\n<p>&#8211; <strong>Le 6 f\u00e9vrier,\u00a0un concert hommage \u00e0 Queen \u00e0 Vienne.\u00a0<\/strong>Le groupe Regina The Real Queen Experience est n\u00e9 en 1999, de musiciens italiens et de grands amoureux et connaisseurs du groupe iconique anglais Queen. Le 6\u00a0f\u00e9vrier \u00e0 20\u00a0h\u00a030 au Man\u00e8ge.<\/p>\n<p>&#8211; <strong>Le 7 f\u00e9vrier, Grease \u00e0 Vienne.<\/strong> La com\u00e9die musicale issue du film de l\u00e9gende avec Olivia Newton-John et John Travolta sorti en 1978, sera au Man\u00e8ge \u00e0 Vienne le 7\u00a0f\u00e9vrier. Ce spectacle propose une adaptation en reprenant toutes les chansons cultes qui ont fait son succ\u00e8s, notamment le titre embl\u00e9matique, g\u00e9n\u00e9rique du film, compos\u00e9 par Barry Gibb et interpr\u00e9t\u00e9 par Frankie Valli.<\/p>\n<p>&#8211; <strong>Du 6 au 22\u00a0f\u00e9vrier<\/strong>, les <a href=\"https:\/\/www.ledauphine.com\/d\/les-jeux-olympiques-d-hiver-milan-cortina-2026-44fd08b6-366d-48e5-bf7e-ea49f072755a\" target=\"_blank\" rel=\"noopener\">Jeux olympiques d\u2019hiver de Milan-Cortina<\/a> se d\u00e9roulent avec la participation de plusieurs athl\u00e8tes is\u00e9rois.<\/p>\n<p>&#8211; <strong>Le 14 f\u00e9vrier<\/strong>, le Jamel Comedy Club, institution de l\u2019humour cr\u00e9\u00e9e par <a href=\"https:\/\/www.ledauphine.com\/p\/jamel-debbouze\" target=\"_blank\" rel=\"noopener\">Jamel Debbouze<\/a> en 2006, sera <a href=\"https:\/\/www.ledauphine.com\/culture-loisirs\/2025\/09\/14\/isere-vienne-le-jamel-comedy-club-debarque-a-vienne-le-14-fevrier\" target=\"_blank\" rel=\"noopener\">en spectacle \u00e0 Vienne<\/a>.\u00a0Cette troupe, v\u00e9ritable \u00e9closerie des talents comiques de demain rep\u00e9r\u00e9s par Jamel Debbouze, revient avec un nouveau spectacle collectif fonctionnant selon la m\u00eame m\u00e9canique que le pr\u00e9c\u00e9dent\u00a0: six humoristes de stand-up encha\u00eenent vannes, sketchs et happenings.<\/p>\n<p>&#8211; <strong>Le 21 f\u00e9vrier<\/strong>,\u00a0\u00c9lie Semoun sera sur la sc\u00e8ne du M\u00e9dian \u00e0 Saint-Quentin-Fallavier \u00e0 20\u00a0h\u00a030 pour pr\u00e9senter son nouveau spectacle intitul\u00e9 Cactus. Le com\u00e9dien promet une soir\u00e9e o\u00f9 l\u2019humour mordant le disputera \u00e0 une sensibilit\u00e9 touchante.<\/p>\n<p>&#8211; <strong>Le 28\u00a0f\u00e9vrier,<\/strong> <a href=\"https:\/\/www.ledauphine.com\/p\/julien-clerc\" target=\"_blank\" rel=\"noopener\">Julien Clerc<\/a> en concert \u00e0 l\u2019Auditorium d\u2019Alpexpo \u00e0 Grenoble.<\/p>\n<p>MARS<\/p>\n<p>&#8211; <strong>Du 10 au 28 mars<\/strong>, la 44e \u00e9dition du <a href=\"https:\/\/www.ledauphine.com\/culture-loisirs\/2025\/12\/25\/les-cinq-spectacles-a-ne-pas-manquer-au-44e-festival-d-humour\" target=\"_blank\" rel=\"noopener\">Festival d\u2019humour de Vienne et des alentours<\/a>, organis\u00e9 par la MJC de Vienne, aura lieu du 10 au 28\u00a0mars dans les communes de Vienne, Pont-\u00c9v\u00eaque, Serpaize, Eyzin-Pinet\u2026 Au programme\u00a0: Antonia De Erndinger, Mike &amp; Rik\u00e9, Micha\u00ebl Hirsch, Sarah-Anna\u2026<\/p>\n<p>&#8211; <strong>Le 12 mars<\/strong>, les Abattoirs de Bourgoin-Jallieu accueilleront le groupe de rock punk fran\u00e7ais Les Wampas. Men\u00e9s par Didier Wampas, ils poursuivent leur tourn\u00e9e avec un r\u00e9pertoire \u00e9nergique, port\u00e9 par une forte proximit\u00e9 avec le public.<\/p>\n<p>&#8211; <strong>Du 21 au 28\u00a0mars<\/strong>, Tomorrowland est de retour \u00e0 l\u2019Alpe d\u2019Huez.<\/p>\n<p>&#8211; <strong>Du 14\u00a0mars au 14\u00a0juin<\/strong>, une grande exposition des photos de Charlotte Perriand sera mont\u00e9e au Mus\u00e9e de Grenoble.<\/p>\n<p>&#8211; <strong>Du 25\u00a0mars au 3\u00a0avril<\/strong>, les trois ex-rugbymen grenoblois condamn\u00e9s pour le viol en r\u00e9union d\u2019une \u00e9tudiante <a href=\"https:\/\/www.ledauphine.com\/faits-divers-justice\/2025\/05\/12\/condamnes-en-premiere-instance-les-trois-ex-rugbymen-grenoblois-accuses-de-viol-seront-juges-en-appel-au-printemps-2026\" target=\"_blank\" rel=\"noopener\">seront rejug\u00e9s en appel<\/a> , par la cour d\u2019assises de Charente \u00e0 Angoul\u00eame. Ils avaient \u00e9t\u00e9 condamn\u00e9s en premi\u00e8re instance \u00e0 12 et 14 ans de r\u00e9clusion criminelle.<\/p>\n<p>&#8211; <strong>Les 28 et 29\u00a0mars<\/strong> : \u00e0 Villard-de-Lans se tiendra la f\u00eate de la coquille Saint-Jacques.<\/p>\n<p class=\"insetTitle\">Les 15 et 22\u00a0mars, exprimez-vous\u00a0!<\/p>\n<p>Voil\u00e0 une date essentielle \u00e0 cocher sur votre agenda. Ce n\u2019est pas un concert, ni un match de rugby ou un trail, m\u00eame si beaucoup de candidats donnent de la voix et vous diront que les mois qui se sont \u00e9coul\u00e9s auparavant auront \u00e9t\u00e9 sportifs\u00a0!<\/p>\n<p>Les 15 et 22\u00a0mars, vous pourrez voter pour choisir votre conseil municipal, qui, ensuite, \u00e9lira le maire. Qu\u2019il y ait une, deux ou six listes, peu importe, il faut voter. Peu importe pour qui, mais donnez votre avis. \u00c0 l\u2019heure o\u00f9 les fondements d\u00e9mocratiques chancellent dans bien des pays, nous avons tous notre r\u00f4le \u00e0 jouer, quelle que soit la taille de notre commune, pour rappeler combien la d\u00e9mocratie locale est essentielle.<\/p>\n<p>Dans les trois mois qui viennent, Le Dauphin\u00e9 lib\u00e9r\u00e9 s\u2019appliquera \u00e0 suivre cette campagne, en proximit\u00e9, pour pr\u00e9senter les candidatures, d\u00e9crypter les enjeux et vous permettre de faire votre choix en citoyen \u00e9clair\u00e9.<\/p>\n<p>AVRIL<\/p>\n<p class=\"point\">&#8211; <strong>Les 2, 3 et 16\u00a0avril,<\/strong> <a href=\"https:\/\/www.ledauphine.com\/p\/calogero\" target=\"_blank\" rel=\"noopener\">Calogero<\/a> sera pr\u00e9sent pour trois dates en Is\u00e8re. Les deux premi\u00e8res au Grand Angle \u00e0 Voiron et la troisi\u00e8me \u00e0 L\u2019Auditorium \u00e0 Grenoble.<\/p>\n<p>&#8211;<strong> Le 4 avril<\/strong>, l\u2019humoriste D\u2019jal aux Marini\u00e8res. Viendra-t-il en \u201chouloucopt\u00e8re\u201d \u00e0 Porcieu-Amblagnieu\u00a0? L\u2019imitateur pr\u00e9f\u00e9r\u00e9 des Portugais sera aux Marini\u00e8res le samedi 4\u00a0avril, \u00e0 20\u00a0h\u00a030, pour pr\u00e9senter son dernier spectacle, En pleine conscience. Le comique m\u00ealera personnages toujours plus dingues et situations encore plus folles.<\/p>\n<p>&#8211;<strong> Le 5 avril<\/strong>, Celtic Legends \u00e9galement aux Marini\u00e8res.<strong>\u00a0<\/strong>Ils voient la vie en vert et comptent bien vous la faire partager. N\u00e9 dans les plaines du Connemara, le groupe Celtic Legends sera lui aussi aux Marini\u00e8res le dimanche 5\u00a0avril, pour pr\u00e9senter son spectacle m\u00ealant musique et danse irlandaise. Une dose de rattrapage pour tous ceux qui auraient manqu\u00e9 la Saint-Patrick.<\/p>\n<p>&#8211; <strong>Du 9 au 12\u00a0avril<\/strong> est organis\u00e9e la premi\u00e8re \u00e9dition du festival d\u2019humour des Deux-Alpes.<\/p>\n<p>&#8211; <strong> Du 10 au 12\u00a0avril<\/strong> , c\u2019est le retour comme chaque ann\u00e9e du Festival de la BD \u00e0 l\u2019Alpe d\u2019Huez.<\/p>\n<p>&#8211;<strong> Les 18 et 19 avril<\/strong>, la 11e \u00e9dition du trail du lac de Paladru.<strong>\u00a0<\/strong>Le compte \u00e0 rebours est d\u00e9j\u00e0 enclench\u00e9. Pr\u00e8s de 3\u00a0000 coureurs sont attendus pour cette nouvelle \u00e9dition. Un ultra-trail (84\u00a0km), quatre trails (de 16 \u00e0 55\u00a0km), des marches nordiques chronom\u00e9tr\u00e9es, des randonn\u00e9es et des courses enfants sont \u00e0 nouveau au programme.<\/p>\n<p>&#8211; <strong>Du 20 au 27\u00a0avril<\/strong> , Ouadia Kaouas doit compara\u00eetre devant la cour d\u2019assises de l\u2019Is\u00e8re pour r\u00e9pondre, entre autres, de tentative de meurtre sur personnes d\u00e9positaires de l\u2019autorit\u00e9 publique et refus d\u2019obtemp\u00e9rer aggrav\u00e9. Il lui est reproch\u00e9 d\u2019avoir, dans la nuit du 4 au 5\u00a0octobre\u00a02022, au volant d\u2019une voiture vol\u00e9e, forc\u00e9 plusieurs barrages de police \u00e0 Grenoble. Sa passag\u00e8re, \u00e2g\u00e9e de 18 ans, avait \u00e9t\u00e9 tu\u00e9e par le tir d\u2019un policier.<\/p>\n<p>&#8211;<strong> Le 21 avil<\/strong>, Ph\u00e8dre par Robin Renucci \u00e0 Vienne.<strong>\u00a0<\/strong>Robin Renucci s\u2019attaque \u00e0 la mise en sc\u00e8ne du chef-d\u2019\u0153uvre de Racine qui illustre un combat entre d\u00e9sir et transgression, pouss\u00e9 par la violence des sentiments qui animent Ph\u00e8dre. Au Man\u00e8ge \u00e0 20\u00a0h\u00a030.<\/p>\n<p>&#8211;<strong> Du 25 au 29 avril, <\/strong>la course d\u2019ultra-endurance Backyard Ultra Barjots revient \u00e0 Ch\u00e2tonnay pour une 4e\u00a0 \u00e9dition du 25 au 29\u00a0avril. Le principe\u00a0: parcourir une boucle de 6,706\u00a0km chaque heure. Jusqu\u2019\u00e0 ce qu\u2019il n\u2019en reste plus qu\u2019un\u00a0!<\/p>\n<p>&#8211; <strong> Les 26 et 27\u00a0avril<\/strong> , la foire de printemps de la Beaucroissant reprendra place.<\/p>\n<p>MAI<\/p>\n<p>&#8211; <strong>Du 19 au 31\u00a0mai<\/strong>, in\u00e9dit en province\u00a0: Le Bal de Paris de Blanca Li \u00e0 la MC2 de Grenoble. Un spectacle enti\u00e8rement en r\u00e9alit\u00e9 virtuelle.<\/p>\n<p>&#8211; <strong>Du 14 au 17\u00a0mai<\/strong> , ce seront les F\u00eates de la Chartreuse \u00e0 Voiron.<\/p>\n<p>&#8211; L\u2019Alpes Is\u00e8re Tour revient <strong>du 27 au 31\u00a0mai<\/strong>. Cette course cycliste r\u00e9unira des \u00e9quipes professionnelles sur plusieurs communes de l\u2019Is\u00e8re et des Alpes.<\/p>\n<p>&#8211; <strong>Les 29 et 30 mai<\/strong>, un festival d\u00e9di\u00e9 aux ann\u00e9es 2000 \u00e0 Saint-Quentin-Fallavier.\u00a0Apr\u00e8s les ann\u00e9es 80 et 90, Saint-Quentin-Fallavier remonte le temps jusq\u2019au d\u00e9but de ce nouveau mill\u00e9naire \u00e0 travers le festival otalement 2000. Les 29 et 30 mai, cin\u00e9 plein air, expositions th\u00e9matiques et animations\u00a0 permettront de rereplonger dans l\u2019ambiance de cette d\u00e9cennie. Le festival sera cl\u00f4tur\u00e9 le 30 mai \u00e0 20h30 par un concert avec Billy Crawford, les L5, Las Ketchup, Kamini, Helmut Fritz&#8230;<\/p>\n<p>&#8211; <strong>Les 29 et 30\u00a0mai<\/strong>, au Palais des Sports, \u00e0 Grenoble, se tiendra <a href=\"https:\/\/www.ledauphine.com\/culture-loisirs\/2025\/12\/10\/adele-castillon-suzane-luiza-et-odezenne-au-festival-magic-bus-en-mai-prochain\" target=\"_blank\" rel=\"noopener\">la 25e \u00a0\u00e9dition<\/a> du festival Magic Bus.<\/p>\n<p>JUIN<\/p>\n<p>&#8211;<strong> Le 5 juin<\/strong>, Calogero de retour aux Marini\u00e8res.<strong>\u00a0<\/strong>Sa derni\u00e8re venue date du 5\u00a0mars 2010. Seize ans plus tard, Calogero sera de retour sur la sc\u00e8ne des Marini\u00e8res, \u00e0 Porcieu-Amblagnieu. Le vendredi 5\u00a0juin, il poursuivra sa tourn\u00e9e entam\u00e9e en septembre en proposant des versions in\u00e9dites de ses morceaux pr\u00e9f\u00e9r\u00e9s.<\/p>\n<p>&#8211;<strong> Les 6 et 7 juin<\/strong>, le festival Sang pour Sang Polar se tiendra \u00e0 Saint-Chef les 6 et 7\u00a0juin. Ce salon gratuit, organis\u00e9 par l\u2019association \u00e9ponyme dans la cit\u00e9 de Fr\u00e9d\u00e9ric Dard, vise \u00e0 promouvoir le roman policier. Comme chaque ann\u00e9e, il r\u00e9unira auteurs et passionn\u00e9s autour de conf\u00e9rences et d\u2019enqu\u00eates.<\/p>\n<p>&#8211;<strong> Le 12 juin<\/strong>, <a href=\"https:\/\/www.ledauphine.com\/p\/benjamin-biolay\" target=\"_blank\" rel=\"noopener\">Benjamin Biolay<\/a> \u00e0 Vienne.<strong>\u00a0<\/strong>L\u2019auteur de La Superbe , sera pour la premi\u00e8re fois sur la sc\u00e8ne du Th\u00e9\u00e2tre antique \u00e0 20\u00a0h\u00a030. Jeanne Cherhal, dont il a r\u00e9alis\u00e9 le dernier album Jeanne , assurera la premi\u00e8re partie. Il est aussi programm\u00e9 \u00e0 Bourgoin-Jallieu le 26\u00a0f\u00e9vrier, mais ce concert-l\u00e0 affiche d\u00e9j\u00e0 complet.<\/p>\n<p>&#8211; <strong>Les 12 et 13\u00a0juin<\/strong>, c\u2019est le retour du festival le Mus\u00e9e \u00e9lectronique \u00e0 Grenoble.<\/p>\n<p>&#8211; <strong>Le 14\u00a0juin<\/strong>, la F\u00eate du saint-marcellin et de la noix de Grenoble revient pour sa 3e \u00a0\u00e9dition \u00e0 Saint-Marcellin.<\/p>\n<p>&#8211;<strong>\u00a0Le 18 juin<\/strong>, Christophe Ma\u00e9 encore \u00e0 Vienne.\u00a0L\u2019interpr\u00e8te d\u2019On s\u2019attache\u00a0et Il est o\u00f9 le bonheur  sera, comme l\u2019\u00e9t\u00e9 dernier, sur la sc\u00e8ne du Th\u00e9\u00e2tre antique \u00e0 20\u00a0h\u00a030. Sera-t-il \u00e0 nouveau complet\u00a0?<\/p>\n<p>&#8211;<strong> Le 27 juin<\/strong>, La Tricolore, parcourez le circuit des champions.<strong>\u00a0<\/strong>Dans le cadre des championnats de France de cyclisme \u00e9lite, disput\u00e9s sur le territoire des Vals du Dauphin\u00e9, <a href=\"https:\/\/www.ledauphine.com\/culture-loisirs\/2025\/12\/20\/la-cyclosportive-la-tricolore-defi-des-vals-reviendra-l-ete-prochain\" target=\"_blank\" rel=\"noopener\">une cyclosportive est propos\u00e9e le samedi 27\u00a0juin<\/a>. D\u00e9butants comme amateurs de la petite reine sont invit\u00e9s \u00e0 enfourcher leur v\u00e9lo et \u00e0 r\u00e9aliser l\u2019un des trois parcours au choix\u00a0: 16,8\u00a0km, 55,5\u00a0km ou 115,9\u00a0km.<\/p>\n<p>&#8211; <strong>Du 25\u00a0juin au 12\u00a0juillet<\/strong>, <a href=\"https:\/\/www.ledauphine.com\/culture-loisirs\/2025\/11\/25\/marcus-miller-deluxe-vulfpeck-beirut-jazz-a-vienne-devoile-les-premiers-invites-de-l-edition-2026\" target=\"_blank\" rel=\"noopener\">la 45e \u00a0\u00e9dition de Jazz \u00e0 Vienne<\/a> accueillera plusieurs artistes de renom. Certains ont d\u00e9j\u00e0 \u00e9t\u00e9 d\u00e9voil\u00e9s\u00a0: Deluxe, Angelique Kidjo, Marcus Miller, Beirut ou Cerrone.<\/p>\n<p>&#8211; <strong>Le 28\u00a0juin<\/strong> , la 2e \u00a0\u00e9dition du marathon du Vercors, r\u00e9put\u00e9 le plus haut marathon d\u2019Europe, fait son retour.<\/p>\n<p>JUILLET<\/p>\n<p class=\"point\">&#8211; <strong>Du 5 au 12\u00a0juillet\u00a0:<\/strong> championnats du monde de tennis sourds \u00e0 Grenoble.<\/p>\n<p>&#8211;<strong> Le 8 juillet<\/strong>, <a href=\"https:\/\/www.ledauphine.com\/p\/patrick-bruel\" target=\"_blank\" rel=\"noopener\">Patrick Bruel<\/a> \u00e0 Porcieu-Amblagnieu.<strong>\u00a0<\/strong>On n\u2019est plus dans les ann\u00e9es 1990 o\u00f9 des hordes de jeunes filles hurlaient \u00ab\u00a0Patriiick\u00a0!!!\u00a0\u00bb, mais l\u2019\u00e9v\u00e9nement devrait attirer du monde. D\u2019autant plus que ce sera peut-\u00eatre <a href=\"https:\/\/www.ledauphine.com\/culture-loisirs\/2025\/12\/17\/une-date-unique-dans-la-region-patrick-bruel-viendra-feter-les-35-ans-de-son-album-culte-en-isere-le-8-juillet\" target=\"_blank\" rel=\"noopener\">la seule date dans la r\u00e9gion<\/a> de toute la tourn\u00e9e. Patrick Bruel, pour les 35 ans de son album Alors regarde , sera sur la sc\u00e8ne des Marini\u00e8res \u00e0 Porcieu-Amblagnieu, pour un show en plein air \u00e0 21\u00a0heures.<\/p>\n<p>&#8211;<strong> Le 16 juillet<\/strong>, Mika \u00e0 Vienne.<strong>\u00a0<\/strong>Le chanteur pop, c\u00e9l\u00e8bre pour faire partie des jurys de The Voice et par ses chansons engag\u00e9es, sera pr\u00e9sent au Th\u00e9\u00e2tre antique \u00e0 20\u00a0h\u00a030. Il montrera au public le fruit de ses derni\u00e8res tourn\u00e9es.<\/p>\n<p>&#8211;<strong> Le 17 juillet<\/strong>, Ben Mazu\u00e9 \u00e0 Vienne.\u00a0Le rappeur et chanteur soul qui nous a derni\u00e8rement fait vibrer avec son dernier album Famille  sera pr\u00e9sent le 17\u00a0juillet au Th\u00e9\u00e2tre antique \u00e0 20\u00a0h\u00a030. Il nous fera balader, nous interroger pour nous faire penser \u00e0 soi.<\/p>\n<p>&#8211;<strong> Le 19 juillet<\/strong>, B\u00e9jart ballet \u00e0 Vienne.\u00a0Le groupe de danseurs et chanteurs fera voyager \u00e0 travers un r\u00e9pertoire de chor\u00e9graphies de Maurice B\u00e9jart \u00e0 20\u00a0h\u00a030. Ils joueront sur sc\u00e8ne L\u2019Oiseau de Feu  d\u2019Igor Stravinsky et encha\u00eeneront avec Le Bol\u00e9ro. Au Th\u00e9\u00e2tre antique.<\/p>\n<p>&#8211;<strong> Le 26 juillet<\/strong>, <a href=\"https:\/\/www.ledauphine.com\/p\/kendji-girac\" target=\"_blank\" rel=\"noopener\">Kendji Girac<\/a> \u00e0 Vienne.<strong>\u00a0<\/strong>Le chanteur et guitariste fran\u00e7ais sera au Th\u00e9\u00e2tre antique \u00e0 20\u00a0h\u00a030. Le P\u00e9rigourdin d\u2019origine catalane montrera ses talents de chanteur pop latino et de rumba pour ravir nos oreilles et nos yeux.<\/p>\n<p>&#8211;<strong> Le 14 juillet<\/strong>, le feu d\u2019artifice de la Vall\u00e9e Bleue enfin de retour\u00a0?\u00a0Annul\u00e9 en 2024 en raison des Jeux olympiques, puis \u00e0 nouveau en 2025 <a href=\"https:\/\/www.ledauphine.com\/culture-loisirs\/2025\/07\/19\/feu-d-artifice-a-la-vallee-bleue-imbroglio-autour-de-son-annulation\" target=\"_blank\" rel=\"noopener\">en raison des intemp\u00e9ries<\/a> , le traditionnel feu d\u2019artifice de la base de loisirs de la Vall\u00e9e Bleue devrait faire son retour cet \u00e9t\u00e9. Si aucune date n\u2019est encore annonc\u00e9e, les organisateurs se savent tr\u00e8s attendus, alors que l\u2019\u00e9v\u00e9nement attire pr\u00e8s de 30\u00a0000 personnes \u00e0 chaque \u00e9dition \u00e0 Montalieu-Vercieu.<\/p>\n<p>&#8211; <strong>Du 22 au 25\u00a0juillet,<\/strong> s\u00e9quence is\u00e9roise du Tour de France, avec arriv\u00e9e et d\u00e9part \u00e0 Voiron et double mont\u00e9e de l\u2019Alpe d\u2019Huez.<\/p>\n<p>AO\u00dbT<\/p>\n<p>&#8211; <strong>Les 2 et 3\u00a0ao\u00fbt<\/strong> : Les M\u00e9di\u00e9vales de Saint-Antoine-l\u2019Abbaye.<\/p>\n<p>&#8211; <strong>Du 20 au 30\u00a0ao\u00fbt, <\/strong> le Festival Berlioz revient \u00e0 La C\u00f4te-Saint-Andr\u00e9.\u00a0Si la programmation du festival qui avait accueilli 28\u200a000 spectateurs, lors de sa pr\u00e9c\u00e9dente \u00e9dition, n\u2019est pas encore connue, il se dit que le romantisme sera dans l\u2019air du temps, notamment \u00e0 travers la figure de George Sand dont on comm\u00e9morera les 150 ans de la disaprition en 2026.<\/p>\n<p>&#8211;<strong>\u00a0Le dernier week-end d\u2019ao\u00fbt<\/strong>, Vienne fera un nouveau saut dans le temps avec le retour de la f\u00eate historique. Si le th\u00e8me n\u2019est pas encore connu, elle devrait comme \u00e0 son habitude replonger la cit\u00e9 antique au Moyen \u00c2ge avec des d\u00e9monstrations, des reconstitutions, des spectacles, de la musique, un march\u00e9,\u00a0etc.<\/p>\n<p>SEPTEMBRE<\/p>\n<p>&#8211;<strong> D\u00e9but septembre<\/strong>, les M\u00e9di\u00e9vales \u00e0 Cr\u00e9mieu.\u00a0Sauf surprise de derni\u00e8re minute, les M\u00e9di\u00e9vales de Cr\u00e9mieu devraient avoir lieu l\u2019un des premiers week-ends de septembre. March\u00e9s et banquets m\u00e9di\u00e9vaux, spectacles de chevalerie et fauconnerie seront, entre autres r\u00e9jouissances, au programme.<\/p>\n<p>&#8211;<strong> D\u00e9but septembre<\/strong>, Les Belles journ\u00e9es \u00e0 Bourgoin-Jallieu.<strong>\u00a0<\/strong>Le festival Les Belles Journ\u00e9es fera son retour \u00e0 Bourgoin-Jallieu en septembre, \u00e0 des dates encore inconnues. Organis\u00e9 par la Ville, l\u2019\u00e9v\u00e8nement se tiendra au parc des Lilattes et proposera des concerts dans une ambiance conviviale. Qui succ\u00e9dera \u00e0 Bigflo et Oli en t\u00eate d\u2019affiche\u00a0? R\u00e9ponse au printemps prochain.<\/p>\n<p>&#8211; <strong>Les 11, 12 et 13 septembre<\/strong> , la Foire d\u2019automne \u00e0 Beaucroissant lancera sa 805e \u00a0\u00e9dition.<\/p>\n<p>&#8211; <strong>Du 15 au 20\u00a0septembre<\/strong> \u00a0: place \u00e0 la 53e \u00a0\u00e9dition de la Coupe Icare.<\/p>\n<p>&#8211; <strong>Le 18\u00a0septembre<\/strong> , les Bulles de la Bastille f\u00eateront leurs 50 ans.<\/p>\n<p>OCTOBRE<\/p>\n<p>&#8211; <strong>Du 13 au 17 octobre<\/strong>, aura lieu la prochaine \u00e9dition de Cin\u00e9Montagne qui change de date et n\u2019aura plus lieu en novembre. Le rendez-vous est, lui, toujours donn\u00e9 au <a href=\"https:\/\/www.ledauphine.com\/p\/palais-des-sports-de-grenoble\" target=\"_blank\" rel=\"noopener\">Palais des sports de Grenoble<\/a>.<\/p>\n<p>&#8211; <strong>Les 17 et 18 octobre<\/strong>, la F\u00eate des plantes \u00e0 Vernioz.\u00a0Deux journ\u00e9es pour rencontrer une soixantaine d\u2019exposants, p\u00e9pini\u00e9ristes, producteurs, rassembl\u00e9s dans le merveilleux jardin du Bois Marquis.<\/p>\n<p>D\u00c9CEMBRE<\/p>\n<p>&#8211;<strong> Le 8 d\u00e9cembre<\/strong>, la F\u00eate des Lumi\u00e8res c\u00e9l\u00e9br\u00e9e de Lyon au Nord-Is\u00e8re.\u00a0C\u2019est le top d\u00e9part des f\u00eates de fin d\u2019ann\u00e9e avec les milliers de lumignons qui scintillent de Lyon au Nord-Is\u00e8re, entre le 5 et le 8\u00a0d\u00e9cembre, selon les villes. Plusieurs communes proposeront illuminations et animations pour perp\u00e9tuer la tradition du 8-D\u00e9cembre.<\/p>\n<p>&#8211; <strong>\u00c0 la mi-d\u00e9cembre<\/strong> \u00a0est pr\u00e9vue l\u2019ouverture du cin\u00e9ma M\u00e9garama de six salles au centre commercial Neyrpic de Saint-Martin-d\u2019H\u00e8res.<\/p>\n","protected":false},"excerpt":{"rendered":"Mois par mois, faites votre choix pour organiser votre agenda. JANVIER &#8211; Du 10 au 22\u00a0janvier se tient&hellip;\n","protected":false},"author":2,"featured_media":640446,"comment_status":"","ping_status":"","sticky":false,"template":"","format":"standard","meta":{"footnotes":""},"categories":[9566],"tags":[1111,11,25260,41851,2430,11124,12919,74716,21417,1687,115,112,113,116,111,114,1777,674,1011,27,2731,108,45430,109,15281,6095,20385,22528,12,73447,15556,16203,25,21419,25794,7387,9448,9433,106,3140,29943,1584,10589,61437,7831],"class_list":{"0":"post-640445","1":"post","2":"type-post","3":"status-publish","4":"format-standard","5":"has-post-thumbnail","7":"category-grenoble","8":"tag-actu","9":"tag-actualites","10":"tag-alpes-isere-tour","11":"tag-autrans-meaudre-en-vercors","12":"tag-auvergne-rhone-alpes","13":"tag-beaucroissant","14":"tag-bourgoin-jallieu","15":"tag-chatonnay","16":"tag-cremieu","17":"tag-culture-loisirs","18":"tag-edition-bourgoin-jallieu-nord-dauphine","19":"tag-edition-grenoble-agglomeration","20":"tag-edition-gresivaudan-oisans","21":"tag-edition-la-tour-du-pin-nord-dauphine","22":"tag-edition-vienne-roussillon","23":"tag-edition-voiron-saint-marcellin","24":"tag-eu","25":"tag-europe","26":"tag-fr","27":"tag-france","28":"tag-grenoble","29":"tag-isere","30":"tag-lalpe-dhuez","31":"tag-la-cote-saint-andre","32":"tag-la-tour-du-pin","33":"tag-les-adrets","34":"tag-les-deux-alpes","35":"tag-montalieu-vercieu","36":"tag-news","37":"tag-plateau-des-petites-roches","38":"tag-pontcharra","39":"tag-porcieu-amblagnieu","40":"tag-republique-francaise","41":"tag-saint-antoine-labbaye","42":"tag-saint-chef","43":"tag-saint-marcellin","44":"tag-saint-martin-dheres","45":"tag-saint-quentin-fallavier","46":"tag-selection-de-la-redaction-38","47":"tag-spectacle","48":"tag-vernioz","49":"tag-vienne","50":"tag-vienne-bassin","51":"tag-villages-du-lac-de-paladru","52":"tag-voiron"},"share_on_mastodon":{"url":"","error":"Validation failed: Text character limit of 500 exceeded"},"_links":{"self":[{"href":"https:\/\/www.europesays.com\/fr\/wp-json\/wp\/v2\/posts\/640445","targetHints":{"allow":["GET"]}}],"collection":[{"href":"https:\/\/www.europesays.com\/fr\/wp-json\/wp\/v2\/posts"}],"about":[{"href":"https:\/\/www.europesays.com\/fr\/wp-json\/wp\/v2\/types\/post"}],"author":[{"embeddable":true,"href":"https:\/\/www.europesays.com\/fr\/wp-json\/wp\/v2\/users\/2"}],"replies":[{"embeddable":true,"href":"https:\/\/www.europesays.com\/fr\/wp-json\/wp\/v2\/comments?post=640445"}],"version-history":[{"count":0,"href":"https:\/\/www.europesays.com\/fr\/wp-json\/wp\/v2\/posts\/640445\/revisions"}],"wp:featuredmedia":[{"embeddable":true,"href":"https:\/\/www.europesays.com\/fr\/wp-json\/wp\/v2\/media\/640446"}],"wp:attachment":[{"href":"https:\/\/www.europesays.com\/fr\/wp-json\/wp\/v2\/media?parent=640445"}],"wp:term":[{"taxonomy":"category","embeddable":true,"href":"https:\/\/www.europesays.com\/fr\/wp-json\/wp\/v2\/categories?post=640445"},{"taxonomy":"post_tag","embeddable":true,"href":"https:\/\/www.europesays.com\/fr\/wp-json\/wp\/v2\/tags?post=640445"}],"curies":[{"name":"wp","href":"https:\/\/api.w.org\/{rel}","templated":true}]}}