{"id":640457,"date":"2026-01-04T13:52:20","date_gmt":"2026-01-04T13:52:20","guid":{"rendered":"https:\/\/www.europesays.com\/fr\/640457\/"},"modified":"2026-01-04T13:52:20","modified_gmt":"2026-01-04T13:52:20","slug":"exploit-dune-athlete-belge-a-nice-jana-van-lent-bat-le-record-deurope-du-10-km-sur-route-lors-de-la-promclassic","status":"publish","type":"post","link":"https:\/\/www.europesays.com\/fr\/640457\/","title":{"rendered":"Exploit d&rsquo;une athl\u00e8te belge \u00e0 Nice\u00a0: Jana Van Lent bat le record d&rsquo;Europe du 10\u00a0Km sur route lors de la Prom&rsquo;Classic\u00a0!"},"content":{"rendered":"<p class=\"ap-StoryElement ap-StoryElement--mb ap-StoryText\">Jana Van Lent a \u00e9tabli un nouveau record d&rsquo;Europe du 10 km (sur route) \u00e0 Nice, remportant en 30:10 la Prom&rsquo;Classic organis\u00e9e dimanche en France. L&rsquo;athl\u00e8te de 24 ans a effac\u00e9 des tablettes le record de la Britannique Paula Radcliffe (30:21) \u00e9tabli lors d&rsquo;une course mixte en 2003.<\/p>\n<p class=\"ap-StoryElement ap-StoryElement--mb ap-StoryText\">Le record exclusivement f\u00e9minin de 30:19, d\u00e9tenu par la Britannique Eilish McCoolgan depuis 2022, a \u00e9galement \u00e9t\u00e9 battu.<\/p>\n<p><img loading=\"lazy\" decoding=\"async\" class=\"w-full lazyload lazyload--opacity object-contain\" style=\"aspect-ratio:150 \/ 100;opacity:1\" alt=\"Jana Van Lent\" width=\"768\" height=\"512\" fetchpriority=\"auto\" src=\"https:\/\/www.europesays.com\/fr\/wp-content\/uploads\/2025\/12\/S5VKD3X55FFF3BW6V4SEHXNP7I.png\"  data- data-optimumx=\"1\"\/>Jana Van Lent a frapp\u00e9 fort en ce d\u00e9but d&rsquo;ann\u00e9e 2026. \u00a9European Athletics<\/p>\n<p class=\"ap-StoryElement ap-StoryElement--mb ap-StoryText\">Avant de s&rsquo;aligner \u00e0 Nice, Jana Van Lent n&rsquo;avait jamais couru plus vite qu&rsquo;en 31:17, et le record de Belgique appartenait depuis l&rsquo;ann\u00e9e derni\u00e8re \u00e0 Chlo\u00e9 Herbiet (31:12).<\/p>\n","protected":false},"excerpt":{"rendered":"Jana Van Lent a \u00e9tabli un nouveau record d&rsquo;Europe du 10 km (sur route) \u00e0 Nice, remportant en&hellip;\n","protected":false},"author":2,"featured_media":640458,"comment_status":"","ping_status":"","sticky":false,"template":"","format":"standard","meta":{"footnotes":""},"categories":[2819],"tags":[1111,11,56862,74717,74718,1777,674,1011,27,74719,74720,12,2401,882,28785,25],"class_list":{"0":"post-640457","1":"post","2":"type-post","3":"status-publish","4":"format-standard","5":"has-post-thumbnail","7":"category-nice","8":"tag-actu","9":"tag-actualites","10":"tag-belgaonthespot","11":"tag-cor408","12":"tag-ericdupain","13":"tag-eu","14":"tag-europe","15":"tag-fr","16":"tag-france","17":"tag-hand-out","18":"tag-handout","19":"tag-news","20":"tag-nice","21":"tag-provence-alpes-cote-dazur","22":"tag-rallye","23":"tag-republique-francaise"},"share_on_mastodon":{"url":"https:\/\/pubeurope.com\/@fr\/115837163478781834","error":""},"_links":{"self":[{"href":"https:\/\/www.europesays.com\/fr\/wp-json\/wp\/v2\/posts\/640457","targetHints":{"allow":["GET"]}}],"collection":[{"href":"https:\/\/www.europesays.com\/fr\/wp-json\/wp\/v2\/posts"}],"about":[{"href":"https:\/\/www.europesays.com\/fr\/wp-json\/wp\/v2\/types\/post"}],"author":[{"embeddable":true,"href":"https:\/\/www.europesays.com\/fr\/wp-json\/wp\/v2\/users\/2"}],"replies":[{"embeddable":true,"href":"https:\/\/www.europesays.com\/fr\/wp-json\/wp\/v2\/comments?post=640457"}],"version-history":[{"count":0,"href":"https:\/\/www.europesays.com\/fr\/wp-json\/wp\/v2\/posts\/640457\/revisions"}],"wp:featuredmedia":[{"embeddable":true,"href":"https:\/\/www.europesays.com\/fr\/wp-json\/wp\/v2\/media\/640458"}],"wp:attachment":[{"href":"https:\/\/www.europesays.com\/fr\/wp-json\/wp\/v2\/media?parent=640457"}],"wp:term":[{"taxonomy":"category","embeddable":true,"href":"https:\/\/www.europesays.com\/fr\/wp-json\/wp\/v2\/categories?post=640457"},{"taxonomy":"post_tag","embeddable":true,"href":"https:\/\/www.europesays.com\/fr\/wp-json\/wp\/v2\/tags?post=640457"}],"curies":[{"name":"wp","href":"https:\/\/api.w.org\/{rel}","templated":true}]}}