{"id":640469,"date":"2026-01-04T14:01:10","date_gmt":"2026-01-04T14:01:10","guid":{"rendered":"https:\/\/www.europesays.com\/fr\/640469\/"},"modified":"2026-01-04T14:01:10","modified_gmt":"2026-01-04T14:01:10","slug":"meteo-a-lille-previsions-du-dimanche-04-janvier-2026","status":"publish","type":"post","link":"https:\/\/www.europesays.com\/fr\/640469\/","title":{"rendered":"M\u00e9t\u00e9o \u00e0 Lille : pr\u00e9visions du dimanche 04 janvier 2026"},"content":{"rendered":"<p>\u00c0 Lille, le dimanche 04 janvier 2026, la journ\u00e9e se d\u00e9roule sous un ciel d\u00e9gag\u00e9 avec des temp\u00e9ratures froides tout au long de la journ\u00e9e. Le vent d\u2019ouest mod\u00e9r\u00e9 accentue la sensation de fra\u00eecheur, sans pr\u00e9cipitations \u00e0 signaler.<\/p>\n<p>    Alerte en cours<\/p>\n<p>Ce dimanche 4 janvier 2026, le d\u00e9partement du Nord, incluant Lille, demeure en vigilance <b>Jaune<\/b> pour <b>neige \/ verglas<\/b>. Aucun \u00e9pisode majeur n\u2019est attendu, mais la chauss\u00e9e peut localement blanchir et surprendre tant les automobilistes que les pi\u00e9tons.<\/p>\n<p>Le niveau Jaune signale des ph\u00e9nom\u00e8nes fr\u00e9quents, parfois g\u00eanants. La prudence s\u2019impose, en particulier sur les axes secondaires et durant les premi\u00e8res heures froides de la journ\u00e9e.<\/p>\n<ul>\n<li>R\u00e9duisez la vitesse et augmentez les distances de freinage.<\/li>\n<li>Privil\u00e9giez des chaussures antid\u00e9rapantes pour vos d\u00e9placements \u00e0 pied.<\/li>\n<li>Pensez \u00e0 v\u00e9rifier la pression des pneus et le niveau d\u2019antigel.<\/li>\n<li>En cas de sol blanchi, reportez les d\u00e9placements non indispensables.<\/li>\n<\/ul>\n<p>Suivez l\u2019\u00e9volution de la situation sur notre <a href=\"https:\/\/www.meteocity.com\/france\/alertes\" target=\"_blank\" rel=\"noopener\">page d\u00e9di\u00e9e aux alertes m\u00e9t\u00e9orologiques<\/a>.<\/p>\n<p>Matin : ciel limpide d\u00e8s le lever du soleil<\/p>\n<p>Le jour se l\u00e8ve \u00e0 08 h 48 sous un <b>ciel parfaitement d\u00e9gag\u00e9<\/b>. \u00c0 09 h, le thermom\u00e8tre affiche <b>-1 \u00b0C<\/b>, tandis que le vent d\u2019ouest-sud-ouest \u00e0 16 km\/h accentue le ressenti \u00e0 <b>-6 \u00b0C<\/b>.<\/p>\n<p>L\u2019humidit\u00e9 atteint 81 %, et la pression demeure stable \u00e0 1 013 hPa. L\u2019air, encore sec, \u00e9carte tout risque de pr\u00e9cipitation. Bonne nouvelle pour les joggeurs : la visibilit\u00e9 est excellente, aucun nuage \u00e0 l\u2019horizon.<\/p>\n<p>Apr\u00e8s-midi : fra\u00eecheur, grand soleil<\/p>\n<p>\u00c0 15 h, Lille profite toujours d\u2019une belle lumi\u00e8re. La temp\u00e9rature remonte l\u00e9g\u00e8rement \u00e0 <b>2 \u00b0C<\/b>, pour un ressenti de <b>-3 \u00b0C<\/b>. Le vent, quasiment inchang\u00e9, tourne plein ouest autour de 16 km\/h.<\/p>\n<p>Avec une humidit\u00e9 \u00e0 65 % et une pression proche de 1 012 hPa, l\u2019atmosph\u00e8re reste s\u00e8che. Le soleil invite \u00e0 une balade sur la Grand-Place ou au parc, mais gants et bonnet restent de mise.<\/p>\n<p>Soir : retour du froid avant le coucher de l\u2019astre<\/p>\n<p>Le soleil s\u2019\u00e9clipse \u00e0 16 h 56. D\u00e8s 21 h, la temp\u00e9rature redescend \u00e0 <b>-1 \u00b0C<\/b>, avec un ressenti de <b>-6 \u00b0C<\/b>. Le vent faiblit l\u00e9g\u00e8rement, passant \u00e0 13 km\/h, toujours d\u2019ouest.<\/p>\n<p>Humidit\u00e9 \u00e0 73 %, ciel parfaitement clair : la vo\u00fbte \u00e9toil\u00e9e s\u2019offre aux astronomes amateurs. Pour une sortie culturelle nocturne, mieux vaut s\u2019emmitoufler ; la bise reste fra\u00eeche le long de la De\u00fble. Pour plus d\u2019id\u00e9es de visites, consultez <a href=\"https:\/\/www.meteocity.com\/france\/lille-v2998324\/tourisme\" target=\"_blank\" rel=\"noopener\">notre page tourisme<\/a>.<\/p>\n<p>Tendance g\u00e9n\u00e9rale pour le lundi 5 janvier<\/p>\n<p>Demain, le thermom\u00e8tre oscillera entre <b>-2 \u00b0C<\/b> et <b>3 \u00b0C<\/b>. Les mod\u00e8les annoncent une faible activit\u00e9 neigeuse, sans accumulation notable : probabilit\u00e9 limit\u00e9e et pr\u00e9cipitations minimes. Le ressenti sera compris entre <b>-7 \u00b0C<\/b> et <b>-2 \u00b0C<\/b>.<\/p>\n<p>Vent mod\u00e9r\u00e9 (13 km\/h), humidit\u00e9 autour de 82 %, pression en l\u00e9g\u00e8re baisse \u00e0 1 007 hPa : un flux oc\u00e9anique persistant apporte un air plus humide. Quelques flocons isol\u00e9s pourraient \u00eatre observ\u00e9s au petit matin, sans impact majeur sur les d\u00e9placements.<\/p>\n<p>La r\u00e9p\u00e9tition de ces \u00e9pisodes hivernaux doux illustre le contraste croissant du climat des Hauts-de-France : alternance de froid mod\u00e9r\u00e9 et de redoux humide, signe d\u2019un jet stream plus ondulant. Restez attentifs \u00e0 nos mises \u00e0 jour pour toute \u00e9volution.<\/p>\n","protected":false},"excerpt":{"rendered":"\u00c0 Lille, le dimanche 04 janvier 2026, la journ\u00e9e se d\u00e9roule sous un ciel d\u00e9gag\u00e9 avec des temp\u00e9ratures&hellip;\n","protected":false},"author":2,"featured_media":640470,"comment_status":"","ping_status":"","sticky":false,"template":"","format":"standard","meta":{"footnotes":""},"categories":[2815],"tags":[1111,11,1777,674,1011,27,811,1307,12,25],"class_list":{"0":"post-640469","1":"post","2":"type-post","3":"status-publish","4":"format-standard","5":"has-post-thumbnail","7":"category-lille","8":"tag-actu","9":"tag-actualites","10":"tag-eu","11":"tag-europe","12":"tag-fr","13":"tag-france","14":"tag-hauts-de-france","15":"tag-lille","16":"tag-news","17":"tag-republique-francaise"},"share_on_mastodon":{"url":"https:\/\/pubeurope.com\/@fr\/115837198966308057","error":""},"_links":{"self":[{"href":"https:\/\/www.europesays.com\/fr\/wp-json\/wp\/v2\/posts\/640469","targetHints":{"allow":["GET"]}}],"collection":[{"href":"https:\/\/www.europesays.com\/fr\/wp-json\/wp\/v2\/posts"}],"about":[{"href":"https:\/\/www.europesays.com\/fr\/wp-json\/wp\/v2\/types\/post"}],"author":[{"embeddable":true,"href":"https:\/\/www.europesays.com\/fr\/wp-json\/wp\/v2\/users\/2"}],"replies":[{"embeddable":true,"href":"https:\/\/www.europesays.com\/fr\/wp-json\/wp\/v2\/comments?post=640469"}],"version-history":[{"count":0,"href":"https:\/\/www.europesays.com\/fr\/wp-json\/wp\/v2\/posts\/640469\/revisions"}],"wp:featuredmedia":[{"embeddable":true,"href":"https:\/\/www.europesays.com\/fr\/wp-json\/wp\/v2\/media\/640470"}],"wp:attachment":[{"href":"https:\/\/www.europesays.com\/fr\/wp-json\/wp\/v2\/media?parent=640469"}],"wp:term":[{"taxonomy":"category","embeddable":true,"href":"https:\/\/www.europesays.com\/fr\/wp-json\/wp\/v2\/categories?post=640469"},{"taxonomy":"post_tag","embeddable":true,"href":"https:\/\/www.europesays.com\/fr\/wp-json\/wp\/v2\/tags?post=640469"}],"curies":[{"name":"wp","href":"https:\/\/api.w.org\/{rel}","templated":true}]}}